{"id":370911,"date":"2025-09-06T15:34:15","date_gmt":"2025-09-06T15:34:15","guid":{"rendered":"https:\/\/www.europesays.com\/fr\/370911\/"},"modified":"2025-09-06T15:34:15","modified_gmt":"2025-09-06T15:34:15","slug":"les-u17-font-un-joli-coup-a-strasbourg","status":"publish","type":"post","link":"https:\/\/www.europesays.com\/fr\/370911\/","title":{"rendered":"les U17 font un joli coup \u00e0 Strasbourg"},"content":{"rendered":"<p>                            <img width=\"342\" height=\"273\" src=\"https:\/\/www.europesays.com\/fr\/wp-content\/uploads\/2025\/07\/GtvMkC0XIAAT8jq-e1750326419173.png\" class=\"attachment-article size-article wp-post-image\" alt=\"Zaki Atamna, gardien au sein de l'OL Acad\u00e9mie\" decoding=\"async\" fetchpriority=\"high\"  \/><\/p>\n<p>Zaki Atamna, gardien au sein de l\u2019OL Acad\u00e9mie<\/p>\n<p>Men\u00e9s deux fois au score, les U17 de l&rsquo;OL ont finalement domin\u00e9 Strasbourg \u00e0 l&rsquo;ext\u00e9rieur (2-4). Edwin Titalom a inscrit le doubl\u00e9 de la gagne.<\/p>\n<p>Nous avions laiss\u00e9 les U17 contrari\u00e9s par l&rsquo;ASPTT Dijon apr\u00e8s une derni\u00e8re demi-heure disput\u00e9e \u00e0 10 (<a href=\"https:\/\/www.olympique-et-lyonnais.com\/ol-academie-samedi-mitige-pour-les-u17-et-les-u19,377906.html\" target=\"_blank\" rel=\"noopener\">1-1<\/a>). Ce week-end, les Lyonnais avaient un voyage peu \u00e9vident \u00e0 n\u00e9gocier du c\u00f4t\u00e9 de Strasbourg. Toujours une \u00e9quipe dangereuse chez les jeunes. Encore plus lorsqu&rsquo;elle ouvre la marque \u00e0 la demi-heure de jeu. <\/p>\n<p>Mais les joueurs de Samy\u00a0<strong>Saci<\/strong> ont du caract\u00e8re, et ils ont d\u00e9montr\u00e9 cette force en \u00e9galisant une premi\u00e8re fois \u00e0 la 45e minute par Jason <strong>Nkelenda<\/strong>. Dans la foul\u00e9e, les Alsaciens reprenaient l&rsquo;avantage juste avant la pause. <\/p>\n<p>L&rsquo;OL sera dans le wagon de t\u00eate<\/p>\n<p>Les Rhodaniens ne se laissaient pas d\u00e9monter. Un peu avant l&rsquo;heure de jeu, Issiaga <strong>Soumah<\/strong>, titulaire apr\u00e8s avoir fait son retour la semaine pass\u00e9, a remis les deux \u00e9quipes \u00e0 \u00e9galit\u00e9. Puis, sur les vingt-cinq derni\u00e8res minutes, Edwin <strong>Titalom <\/strong>y est all\u00e9 de son doubl\u00e9 pour offrir la victoire \u00e0 l&rsquo;OL (67e et 84e). <\/p>\n<p>Avec sept points en trois rencontres, les Gones seront en t\u00eate du championnat, potentiellement au coude \u00e0 coude avec Troyes et les deux \u00e9curies dijonnaises, le DFCO et l&rsquo;ASPTT (quatre unit\u00e9s). Tout ce petit monde jouera dimanche. La semaine prochaine, les co\u00e9quipiers du gardien Zaki <strong>Atamna <\/strong>(en photo) disputeront un derby. Ils recevront le FC Lyon le samedi \u00e0 15 heures. <\/p>\n","protected":false},"excerpt":{"rendered":"Zaki Atamna, gardien au sein de l\u2019OL Acad\u00e9mie Men\u00e9s deux fois au score, les U17 de l&rsquo;OL ont&hellip;\n","protected":false},"author":2,"featured_media":253191,"comment_status":"","ping_status":"","sticky":false,"template":"","format":"standard","meta":{"footnotes":""},"categories":[2820],"tags":[1111,11,1777,674,1011,27,775,12,26895,25,640,8532],"class_list":{"0":"post-370911","1":"post","2":"type-post","3":"status-publish","4":"format-standard","5":"has-post-thumbnail","7":"category-strasbourg","8":"tag-actu","9":"tag-actualites","10":"tag-eu","11":"tag-europe","12":"tag-fr","13":"tag-france","14":"tag-grand-est","15":"tag-news","16":"tag-ol-academie","17":"tag-republique-francaise","18":"tag-strasbourg","19":"tag-u17"},"share_on_mastodon":{"url":"https:\/\/pubeurope.com\/@fr\/115158087353705172","error":""},"_links":{"self":[{"href":"https:\/\/www.europesays.com\/fr\/wp-json\/wp\/v2\/posts\/370911","targetHints":{"allow":["GET"]}}],"collection":[{"href":"https:\/\/www.europesays.com\/fr\/wp-json\/wp\/v2\/posts"}],"about":[{"href":"https:\/\/www.europesays.com\/fr\/wp-json\/wp\/v2\/types\/post"}],"author":[{"embeddable":true,"href":"https:\/\/www.europesays.com\/fr\/wp-json\/wp\/v2\/users\/2"}],"replies":[{"embeddable":true,"href":"https:\/\/www.europesays.com\/fr\/wp-json\/wp\/v2\/comments?post=370911"}],"version-history":[{"count":0,"href":"https:\/\/www.europesays.com\/fr\/wp-json\/wp\/v2\/posts\/370911\/revisions"}],"wp:featuredmedia":[{"embeddable":true,"href":"https:\/\/www.europesays.com\/fr\/wp-json\/wp\/v2\/media\/253191"}],"wp:attachment":[{"href":"https:\/\/www.europesays.com\/fr\/wp-json\/wp\/v2\/media?parent=370911"}],"wp:term":[{"taxonomy":"category","embeddable":true,"href":"https:\/\/www.europesays.com\/fr\/wp-json\/wp\/v2\/categories?post=370911"},{"taxonomy":"post_tag","embeddable":true,"href":"https:\/\/www.europesays.com\/fr\/wp-json\/wp\/v2\/tags?post=370911"}],"curies":[{"name":"wp","href":"https:\/\/api.w.org\/{rel}","templated":true}]}}