{"id":370914,"date":"2025-09-06T15:36:14","date_gmt":"2025-09-06T15:36:14","guid":{"rendered":"https:\/\/www.europesays.com\/fr\/370914\/"},"modified":"2025-09-06T15:36:14","modified_gmt":"2025-09-06T15:36:14","slug":"on-enterre-la-sante-le-bien-etre-et-lenvironnement-des-nicois-ils-manifestent-tout-de-noir-vetus-contre-lextension-de-laeroport-de-nice","status":"publish","type":"post","link":"https:\/\/www.europesays.com\/fr\/370914\/","title":{"rendered":"\u00ab\u00a0On enterre la sant\u00e9, le bien-\u00eatre et l\u2019environnement des Ni\u00e7ois\u00a0\u00bb: ils manifestent tout de noir v\u00eatus contre l\u2019extension de l\u2019a\u00e9roport de Nice"},"content":{"rendered":"<p>\u00ab\u00a0On enterre symboliquement la sant\u00e9, le bien-\u00eatre et l\u2019environnement des Ni\u00e7ois et des habitants qui p\u00e2tissent de l\u2019a\u00e9roport\u00a0\u00bb, lance Airy Chr\u00e9tien, cofondateur du Collectif citoyen 06.<\/p>\n<p>Samedi 6 septembre 2025, en fin de matin\u00e9e, une cinquantaine de personnes v\u00eatues de noir se sont r\u00e9unies \u00e0 Nice, quai rauba-Cape\u00f9, en face du monument aux morts, devant la structure #ILoveNice.<\/p>\n<p>Sur diff\u00e9rentes pancartes, elles affichaient la couleur: \u00ab\u00a0Stop \u00e0 l\u2019extension de l\u2019a\u00e9roport de Nice\u00a0\u00bb, \u00ab\u00a0L\u2019a\u00e9roport, c\u2019est comme la malbouffe: \u00e7a attire mais \u00e7a tue\u00a0\u00bb\u00a0ou encore \u00ab\u00a0Avion stop, futur au top\u00a0\u00bb. Un cercueil en carton a m\u00eame \u00e9t\u00e9 confectionn\u00e9 pour symboliser ce \u00ab\u00a0deuil\u00a0\u00bb.<\/p>\n<p>\u00ab\u00a028.000 d\u00e9collages et atterrissages suppl\u00e9mentaires par an\u00a0\u00bb<\/p>\n<p>\u00ab\u00a0Nous proposons une minute de silence et de recueillement\u00a0\u00bb, harangue Camille Sautel, coordinatrice du mouvement Stop \u00e0 l\u2019extension de l\u2019a\u00e9roport de Nice.<\/p>\n<p>Une minute de silence sur fond de bruit d\u2019avions. \u00ab\u00a0Nous r\u00e9sistons pour notre sant\u00e9 sacrifi\u00e9e aux particules fines et ultra-fines des futurs 80 vols suppl\u00e9mentaires par jour, affirme Camille Sautel. Au bruit incessant que subissent d\u00e9j\u00e0 les riverains et aggrav\u00e9 par les 28.000 d\u00e9collages et atterrissages suppl\u00e9mentaires par an.\u00a0\u00bb<\/p>\n<p>\u00ab\u00a0On a deux sujets principaux: la pollution avec le bruit et la pollution des poussi\u00e8res noires qui rentrent dans les poumons des gens, alerte le chef de file de La France insoumise dans les Alpes-Maritimes, Olivier Salerno. Les habitants de l\u2019ouest de Nice retirent au quotidien de la poussi\u00e8re noire sur leur balcon. Une poussi\u00e8re noire qui va dans leurs poumons.\u00a0\u00bb<\/p>\n<p>Pour la coordinatrice du mouvement Stop \u00e0 l\u2019extension de l\u2019a\u00e9roport de Nice, \u00ab\u00a0nous r\u00e9sistons aussi pour notre bien-\u00eatre, celui de notre territoire satur\u00e9 par le surtourisme et ses millions de passagers suppl\u00e9mentaires d\u2019ici 2034. Le cauchemar du travailleur qui prend le TER ou le tram asphyxi\u00e9 par des hordes quotidiennes.\u00a0\u00bb<\/p>\n<p>\u00ab\u00a0L\u2019extension de l\u2019a\u00e9roport, c\u2019est plus de pollution, plus de bruit et plus de g\u00eane\u00a0\u00bb<\/p>\n<p>D\u2019ici deux \u00e0 trois semaines, la cour administrative d\u2019appel de Marseille devrait rendre un arr\u00eat dans la proc\u00e9dure engag\u00e9e par France nature environnement 06 contre l\u2019extension de l\u2019a\u00e9roport de Nice.<\/p>\n<p>Ce que contestent les manifestants, c\u2019est la d\u00e9cision du rapporteur public. <a href=\"https:\/\/www.nicematin.com\/economie\/vers-un-rejet-du-recours-contre-l-extension-du-t2-de-l-aeroport-de-nice--1000470\" target=\"_blank\" rel=\"noopener\">Il a propos\u00e9, lors de l\u2019audience du 4 septembre 2025, le rejet du recours de l\u2019association environnementale<\/a>.<\/p>\n<p>Car il consid\u00e8re que l\u2019\u00e9tude d\u2019impact compl\u00e9mentaire de fin 2024 a permis de r\u00e9gulariser le dossier. Le rapporteur public a \u00e9galement demand\u00e9 d\u2019octroyer aux associations 4.000\u2005euros, car il estime que le recours \u00e9tait justifi\u00e9 et que l\u2019\u00e9tude d\u2019impact initiale de l\u2019a\u00e9roport Nice C\u00f4te d\u2019Azur \u00e9tait insuffisante.<\/p>\n<p>\u00ab\u00a0Nous devons contester l\u2019avis du rapporteur. Il pr\u00e9tend qu\u2019il n\u2019y a aucun risque d\u2019avoir plus d\u2019avions et plus de pollutions avec cette extension de l\u2019a\u00e9roport. C\u2019est faux\u2005! L\u2019extension de l\u2019a\u00e9roport, c\u2019est plus de pollution, plus de bruit et plus de g\u00eane\u00a0\u00bb, s\u2019exclame Juliette Chesnel-Le Roux, la patronne des \u00e9lus \u00e9cologistes \u00e0 la Ville et \u00e0 la M\u00e9tropole, tout juste investie t\u00eate de liste de l\u2019alliance PS &#8211; PCF &#8211; Les Ecologistes aux municipales de mars 2026.<\/p>\n<p>\u00ab\u00a0Par cette mobilisation, on veut faire appel \u00e0 la conscience des juges pour prendre en compte les enjeux sanitaires et environnementaux de l\u2019extension de l\u2019a\u00e9roport\u00a0\u00bb, appuie le cofondateur du Collectif citoyen 06.<\/p>\n<p>Mireille Damiano, membre du collectif de gauche ViVA\u2005!, s\u2019\u00e9meut: \u00ab\u00a0C\u2019est encore un d\u00e9ni de d\u00e9mocratie. Ce n\u2019est pas la peine de faire des consultations publiques o\u00f9 75% des personnes s\u2019opposent au projet pour qu\u2019on vienne ensuite l\u2019homologuer.\u00a0\u00bb<\/p>\n","protected":false},"excerpt":{"rendered":"\u00ab\u00a0On enterre symboliquement la sant\u00e9, le bien-\u00eatre et l\u2019environnement des Ni\u00e7ois et des habitants qui p\u00e2tissent de l\u2019a\u00e9roport\u00a0\u00bb,&hellip;\n","protected":false},"author":2,"featured_media":370915,"comment_status":"","ping_status":"","sticky":false,"template":"","format":"standard","meta":{"footnotes":""},"categories":[2819],"tags":[1111,11,1777,674,1011,27,12,2401,882,25,3366],"class_list":{"0":"post-370914","1":"post","2":"type-post","3":"status-publish","4":"format-standard","5":"has-post-thumbnail","7":"category-nice","8":"tag-actu","9":"tag-actualites","10":"tag-eu","11":"tag-europe","12":"tag-fr","13":"tag-france","14":"tag-news","15":"tag-nice","16":"tag-provence-alpes-cote-dazur","17":"tag-republique-francaise","18":"tag-vie-locale"},"share_on_mastodon":{"url":"https:\/\/pubeurope.com\/@fr\/115158095137566994","error":""},"_links":{"self":[{"href":"https:\/\/www.europesays.com\/fr\/wp-json\/wp\/v2\/posts\/370914","targetHints":{"allow":["GET"]}}],"collection":[{"href":"https:\/\/www.europesays.com\/fr\/wp-json\/wp\/v2\/posts"}],"about":[{"href":"https:\/\/www.europesays.com\/fr\/wp-json\/wp\/v2\/types\/post"}],"author":[{"embeddable":true,"href":"https:\/\/www.europesays.com\/fr\/wp-json\/wp\/v2\/users\/2"}],"replies":[{"embeddable":true,"href":"https:\/\/www.europesays.com\/fr\/wp-json\/wp\/v2\/comments?post=370914"}],"version-history":[{"count":0,"href":"https:\/\/www.europesays.com\/fr\/wp-json\/wp\/v2\/posts\/370914\/revisions"}],"wp:featuredmedia":[{"embeddable":true,"href":"https:\/\/www.europesays.com\/fr\/wp-json\/wp\/v2\/media\/370915"}],"wp:attachment":[{"href":"https:\/\/www.europesays.com\/fr\/wp-json\/wp\/v2\/media?parent=370914"}],"wp:term":[{"taxonomy":"category","embeddable":true,"href":"https:\/\/www.europesays.com\/fr\/wp-json\/wp\/v2\/categories?post=370914"},{"taxonomy":"post_tag","embeddable":true,"href":"https:\/\/www.europesays.com\/fr\/wp-json\/wp\/v2\/tags?post=370914"}],"curies":[{"name":"wp","href":"https:\/\/api.w.org\/{rel}","templated":true}]}}