{"id":370916,"date":"2025-09-06T15:38:13","date_gmt":"2025-09-06T15:38:13","guid":{"rendered":"https:\/\/www.europesays.com\/fr\/370916\/"},"modified":"2025-09-06T15:38:13","modified_gmt":"2025-09-06T15:38:13","slug":"cette-prestigieuse-course-de-cyclisme-sur-piste-soutient-la-bonne-cause","status":"publish","type":"post","link":"https:\/\/www.europesays.com\/fr\/370916\/","title":{"rendered":"cette prestigieuse course de cyclisme sur piste soutient la bonne cause"},"content":{"rendered":"<p>            Par<br \/>\n        <strong><br \/>\n            <a href=\"https:\/\/actu.fr\/auteur\/redaction-nantes\" title=\"Consulter tous les articles de R\u00e9daction Nantes\" target=\"_blank\" rel=\"noopener\">R\u00e9daction Nantes<\/a><br \/>\n        <\/strong><\/p>\n<p>        Publi\u00e9 le<\/p>\n<p>            6 sept. 2025 \u00e0 16h27<br \/>\n        ; mis \u00e0 jour le 6 sept. 2025 \u00e0 16h31    <\/p>\n<p>C\u2019est un \u00e9v\u00e9nement attendu par tous les passionn\u00e9s de cyclisme sur piste de Loire-Atlantique. Le samedi 13\u00a0septembre 2025, <a href=\"https:\/\/www.vscoueron.fr\/#!\/\" target=\"_blank\" rel=\"noopener\">le V\u00e9loce Sport Cou\u00ebronnais<\/a> (VSC) <strong>organise la 28e \u00e9dition du troph\u00e9e des sprinters<\/strong> au v\u00e9lodrome Marcel-de-la-Prov\u00f4t\u00e9, \u00e0 Cou\u00ebron.<\/p>\n<p>    <a href=\"https:\/\/www.google.com\/maps\/embed?pb=!1m18!1m12!1m3!1d2064.4394146517443!2d-1.7388831248052943!3d47.21191721515053!2m3!1f0!2f0!3f0!3m2!1i1024!2i768!4f13.1!3m3!1m2!1s0x4805915abe60cd8f%3A0xad8d0600315db858!2sStade%20V%C3%A9lodrome%20Marcel-de-la-Prov%C3%B4t%C3%A9!5e1!3m2!1sfr!2sfr!4v1757166960913!5m2!1sfr!2sfr\" title=\"Ouvrie le lien\" target=\"_blank\" rel=\"noopener\">Cliquez ici pour visualiser le contenu<\/a><\/p>\n<p>Des athl\u00e8tes internationaux attendus<\/p>\n<p class=\" wall-content\">L\u2019\u00e9dition 2024 avait r\u00e9uni <strong>plus de 2000 spectateurs<\/strong>. Cet \u00e9v\u00e9nement gratuit accueille de\u00a0grands noms internationaux du cyclisme sur piste. Les sprinteuses fran\u00e7aises <strong>Mathilde Gros<\/strong> et <strong>Marie-Divine Kouam\u00e9<\/strong> seront les t\u00eates d\u2019affiche du plateau f\u00e9minin.<\/p>\n<p class=\" wall-content\"><a href=\"https:\/\/www.instagram.com\/p\/DOQk4PWCDah\/embed\" title=\"Ouvrir le lien sur Instagram\" target=\"_blank\" rel=\"noopener\">Visualiser le contenu sur Instagram<\/a><\/p>\n<p class=\" wall-content\">Des courses de vitesse, keirin, demi-fond sont au programme de cette journ\u00e9e. Des rendez-vous festifs (animations enfants, DJ, d\u00e9monstrations) seront organis\u00e9s en marge des comp\u00e9titions sportives. Ces derni\u00e8res d\u00e9buteront \u00e0 10h30.<\/p>\n<p>Une course solidaire<\/p>\n<p class=\" wall-content\">\u00ab\u2009Depuis 2022, le Troph\u00e9e des Sprinters s\u2019engage chaque ann\u00e9e aux c\u00f4t\u00e9s d\u2019une cause solidaire\u2009\u00bb, rappelle le VSC dans un communiqu\u00e9 transmis \u00e0 la r\u00e9daction d\u2019actu Nantes. Apr\u00e8s l\u2019AFA Crohn en 2022, l\u2019ARSEP en 2023 et la lutte contre le cancer en 2024, des fonds seront r\u00e9colt\u00e9s pour <a href=\"https:\/\/www.instagram.com\/vaincrelamuco\/\" target=\"_blank\" rel=\"noopener\">l\u2019association Vaincre la mucoviscidose<\/a> lors de l\u2019\u00e9dition 2025.<\/p>\n<p class=\" wall-content\">Une tombola solidaire sera organis\u00e9e le jour de l\u2019\u00e9v\u00e9nement. En 2024, plus de 2000 euros avaient \u00e9t\u00e9 r\u00e9colt\u00e9s lors de la tombola.<\/p>\n<p>Votre r\u00e9gion, votre actu !<\/p>\n<p>Recevez chaque jour les infos qui comptent pour vous.<\/p>\n<p>\t<a href=\"https:\/\/actu.fr\/newsletter\" class=\"ac-btn ac-btn--corner ac-btn--medium ac-btn--blue800\" target=\"_blank\" rel=\"noopener\">S&rsquo;incrire<\/a><\/p>\n<p>Troph\u00e9e des sprinters, samedi 13\u00a0septembre 2025, v\u00e9lodrome de Cou\u00ebron<br \/>D\u00e9but des \u00e9preuves \u00e0 10\u2009h\u200930.<br \/>Entr\u00e9e gratuite.<\/p>\n<p class=\" wall-content\">Personnalisez votre actualit\u00e9 en ajoutant vos villes et m\u00e9dias en favori avec <a href=\"https:\/\/moncompte.actu.fr\" title=\"D\u00e9couvez Mon Actu\" rel=\"nofollow noopener\" data-trk=\"{&quot;cta&quot;:{&quot;action&quot;:&quot;https:\\\/\\\/moncompte.actu.fr&quot;,&quot;category&quot;:&quot;mon compte&quot;,&quot;from&quot;:&quot;article footer&quot;,&quot;name&quot;:&quot;Mon actu&quot;,&quot;type&quot;:&quot;cta&quot;}}\" target=\"_blank\">Mon Actu<\/a>.<\/p>\n<p>                    <script async src=\"\/\/www.instagram.com\/embed.js\"><\/script><\/p>\n","protected":false},"excerpt":{"rendered":"Par R\u00e9daction Nantes Publi\u00e9 le 6 sept. 2025 \u00e0 16h27 ; mis \u00e0 jour le 6 sept. 2025&hellip;\n","protected":false},"author":2,"featured_media":370917,"comment_status":"","ping_status":"","sticky":false,"template":"","format":"standard","meta":{"footnotes":""},"categories":[2818],"tags":[1111,11,207,1777,674,1011,27,766,12,2636,25,3400,60,208],"class_list":{"0":"post-370916","1":"post","2":"type-post","3":"status-publish","4":"format-standard","5":"has-post-thumbnail","7":"category-nantes","8":"tag-actu","9":"tag-actualites","10":"tag-cyclisme","11":"tag-eu","12":"tag-europe","13":"tag-fr","14":"tag-france","15":"tag-nantes","16":"tag-news","17":"tag-pays-de-la-loire","18":"tag-republique-francaise","19":"tag-solidarite","20":"tag-sports","21":"tag-velo"},"share_on_mastodon":{"url":"https:\/\/pubeurope.com\/@fr\/115158103519683872","error":""},"_links":{"self":[{"href":"https:\/\/www.europesays.com\/fr\/wp-json\/wp\/v2\/posts\/370916","targetHints":{"allow":["GET"]}}],"collection":[{"href":"https:\/\/www.europesays.com\/fr\/wp-json\/wp\/v2\/posts"}],"about":[{"href":"https:\/\/www.europesays.com\/fr\/wp-json\/wp\/v2\/types\/post"}],"author":[{"embeddable":true,"href":"https:\/\/www.europesays.com\/fr\/wp-json\/wp\/v2\/users\/2"}],"replies":[{"embeddable":true,"href":"https:\/\/www.europesays.com\/fr\/wp-json\/wp\/v2\/comments?post=370916"}],"version-history":[{"count":0,"href":"https:\/\/www.europesays.com\/fr\/wp-json\/wp\/v2\/posts\/370916\/revisions"}],"wp:featuredmedia":[{"embeddable":true,"href":"https:\/\/www.europesays.com\/fr\/wp-json\/wp\/v2\/media\/370917"}],"wp:attachment":[{"href":"https:\/\/www.europesays.com\/fr\/wp-json\/wp\/v2\/media?parent=370916"}],"wp:term":[{"taxonomy":"category","embeddable":true,"href":"https:\/\/www.europesays.com\/fr\/wp-json\/wp\/v2\/categories?post=370916"},{"taxonomy":"post_tag","embeddable":true,"href":"https:\/\/www.europesays.com\/fr\/wp-json\/wp\/v2\/tags?post=370916"}],"curies":[{"name":"wp","href":"https:\/\/api.w.org\/{rel}","templated":true}]}}