{"id":370921,"date":"2025-09-06T15:41:09","date_gmt":"2025-09-06T15:41:09","guid":{"rendered":"https:\/\/www.europesays.com\/fr\/370921\/"},"modified":"2025-09-06T15:41:09","modified_gmt":"2025-09-06T15:41:09","slug":"pour-preserver-la-tranquillite-publique-toulouse-se-dote-dun-nouveau-guide-de-levenementiel","status":"publish","type":"post","link":"https:\/\/www.europesays.com\/fr\/370921\/","title":{"rendered":"Pour \u00ab\u00a0pr\u00e9server la tranquillit\u00e9 publique\u00a0\u00bb, Toulouse se dote d&rsquo;un nouveau guide de l&rsquo;\u00e9v\u00e9nementiel"},"content":{"rendered":"<p>            Par<br \/>\n        <strong><br \/>\n            <a href=\"https:\/\/actu.fr\/auteur\/ancelin-emeryhenriot\" title=\"Consulter tous les articles de Ancelin Emery-Henriot\" target=\"_blank\" rel=\"noopener\">Ancelin Emery-Henriot<\/a><br \/>\n        <\/strong><\/p>\n<p>        Publi\u00e9 le<\/p>\n<p>            6 sept. 2025 \u00e0 17h20        <\/p>\n<p>\u00a0<\/p>\n<p class=\" wall-content\">Avant l\u2019\u00e9t\u00e9, la mairie de <a href=\"https:\/\/actu.fr\/toulouse\/\" target=\"_blank\" rel=\"noopener\">Toulouse<\/a> a lanc\u00e9 un nouveau guide \u00e0 destination des organisateurs de manifestations. Un carnet de 40 pages qui d\u00e9finit la <strong>politique de la municipalit\u00e9<\/strong> dans le domaine, et qui a pour vocation de<strong> faciliter<\/strong> la cr\u00e9ation et la r\u00e9alisation d\u2019\u00e9v\u00e9nements. Et l\u2019un des axes majeurs de cet ouvrage est le maintien de la tranquillit\u00e9 publique.<\/p>\n<p>Maintenir la tranquillit\u00e9<\/p>\n<p class=\" wall-content\"><strong>Jonnhy Dunal<\/strong>, adjoint au maire en charge de l\u2019\u00e9v\u00e9nementiel, explique\u2009: \u201cCes manifestations font partie de la vie d\u2019une ville. Cependant, il ne faut pas que ce soit <strong>au d\u00e9triment<\/strong> du bien-\u00eatre des citoyens.\u201d L\u2019\u00e9lu temp\u00e8re cependant. \u201c\u00c0 l\u2019inverse, on ne peut pas <strong>totalement couper<\/strong> leur organisation\u201d, explique-t-il. Celui qui est \u00e9galement maire de quartier synth\u00e9tise\u2009: \u201cIl faut garder<strong> l\u2019\u00e9quilibre<\/strong> qu\u2019on a acquis depuis 2020. Le guide va servir cet objectif.\u201d<\/p>\n<p class=\" wall-content\">Ce dernier a d\u2019ailleurs \u00e9t\u00e9 \u00e9labor\u00e9 en \u00e9troite collaboration <strong>avec les riverains<\/strong> et les organisateurs lors d\u2019une r\u00e9union qui, fait rare, a fini sur des applaudissements, selon les confidences de l\u2019\u00e9lu. \u201cL\u2019objectif \u00e9tait de mettre en place <strong>quelque chose de plus r\u00e9fl\u00e9chi<\/strong>\u201d, donne<strong> Jonnhy Dunal<\/strong>. Avant de continuer\u2009: \u201cGlobalement, les deux partis sont contents, parce que ce mode de cr\u00e9ation a pris en compte les attentes de chacun.\u201d<\/p>\n<p>Les attentes<\/p>\n<p class=\" wall-content\">Un grand pas dans une relation qui a parfois \u00e9t\u00e9 <strong>\u00e9pineuse<\/strong>. \u201cDu c\u00f4t\u00e9 des habitants, c\u2019\u00e9tait attendu, et \u00e7a a \u00e9t\u00e9 tr\u00e8s bien accueilli\u201d, lance l\u2019\u00e9lu. Il conclut\u2009: \u201cCe qui \u00e9tait ressorti quand on les a consult\u00e9s, c\u2019\u00e9tait le besoin d\u2019<strong>\u00e9viter la r\u00e9currence<\/strong> des \u00e9v\u00e9nements, qui pouvait vite devenir insupportable. Un autre point \u00e9tait que les citoyens souhaitent \u00eatre mieux mis <strong>au courant<\/strong>. Ce sera le cas gr\u00e2ce \u00e0 cette innovation.\u201d<\/p>\n<p class=\" wall-content\">Personnalisez votre actualit\u00e9 en ajoutant vos villes et m\u00e9dias en favori avec <a href=\"https:\/\/moncompte.actu.fr\" title=\"D\u00e9couvez Mon Actu\" rel=\"nofollow noopener\" data-trk=\"{&quot;cta&quot;:{&quot;action&quot;:&quot;https:\\\/\\\/moncompte.actu.fr&quot;,&quot;category&quot;:&quot;mon compte&quot;,&quot;from&quot;:&quot;article footer&quot;,&quot;name&quot;:&quot;Mon actu&quot;,&quot;type&quot;:&quot;cta&quot;}}\" target=\"_blank\">Mon Actu<\/a>.<\/p>\n","protected":false},"excerpt":{"rendered":"Par Ancelin Emery-Henriot Publi\u00e9 le 6 sept. 2025 \u00e0 17h20 \u00a0 Avant l\u2019\u00e9t\u00e9, la mairie de Toulouse a&hellip;\n","protected":false},"author":2,"featured_media":370922,"comment_status":"","ping_status":"","sticky":false,"template":"","format":"standard","meta":{"footnotes":""},"categories":[2816],"tags":[1111,11,1777,674,1011,27,12,2680,25,104,2312,1090],"class_list":{"0":"post-370921","1":"post","2":"type-post","3":"status-publish","4":"format-standard","5":"has-post-thumbnail","7":"category-toulouse","8":"tag-actu","9":"tag-actualites","10":"tag-eu","11":"tag-europe","12":"tag-fr","13":"tag-france","14":"tag-news","15":"tag-occitanie","16":"tag-republique-francaise","17":"tag-societe","18":"tag-toulouse","19":"tag-toulouse-metropole"},"share_on_mastodon":{"url":"https:\/\/pubeurope.com\/@fr\/115158114867385514","error":""},"_links":{"self":[{"href":"https:\/\/www.europesays.com\/fr\/wp-json\/wp\/v2\/posts\/370921","targetHints":{"allow":["GET"]}}],"collection":[{"href":"https:\/\/www.europesays.com\/fr\/wp-json\/wp\/v2\/posts"}],"about":[{"href":"https:\/\/www.europesays.com\/fr\/wp-json\/wp\/v2\/types\/post"}],"author":[{"embeddable":true,"href":"https:\/\/www.europesays.com\/fr\/wp-json\/wp\/v2\/users\/2"}],"replies":[{"embeddable":true,"href":"https:\/\/www.europesays.com\/fr\/wp-json\/wp\/v2\/comments?post=370921"}],"version-history":[{"count":0,"href":"https:\/\/www.europesays.com\/fr\/wp-json\/wp\/v2\/posts\/370921\/revisions"}],"wp:featuredmedia":[{"embeddable":true,"href":"https:\/\/www.europesays.com\/fr\/wp-json\/wp\/v2\/media\/370922"}],"wp:attachment":[{"href":"https:\/\/www.europesays.com\/fr\/wp-json\/wp\/v2\/media?parent=370921"}],"wp:term":[{"taxonomy":"category","embeddable":true,"href":"https:\/\/www.europesays.com\/fr\/wp-json\/wp\/v2\/categories?post=370921"},{"taxonomy":"post_tag","embeddable":true,"href":"https:\/\/www.europesays.com\/fr\/wp-json\/wp\/v2\/tags?post=370921"}],"curies":[{"name":"wp","href":"https:\/\/api.w.org\/{rel}","templated":true}]}}