{"id":370923,"date":"2025-09-06T15:42:10","date_gmt":"2025-09-06T15:42:10","guid":{"rendered":"https:\/\/www.europesays.com\/fr\/370923\/"},"modified":"2025-09-06T15:42:10","modified_gmt":"2025-09-06T15:42:10","slug":"dimitri-delibes-espere-enfin-jouer-les-matchs-qui-comptent-a-toulouse","status":"publish","type":"post","link":"https:\/\/www.europesays.com\/fr\/370923\/","title":{"rendered":"Dimitri Delibes esp\u00e8re enfin jouer les matchs qui comptent \u00e0 Toulouse"},"content":{"rendered":"<p>            Par<br \/>\n        <strong><br \/>\n            <a href=\"https:\/\/actu.fr\/auteur\/clement-mazella\" title=\"Consulter tous les articles de Cl\u00e9ment Mazella\" rel=\"nofollow noopener\" target=\"_blank\">Cl\u00e9ment Mazella<\/a><br \/>\n        <\/strong><\/p>\n<p>        Publi\u00e9 le<\/p>\n<p>            6 sept. 2025 \u00e0 17h34        <\/p>\n<p><strong>Dimitri Delibes<\/strong> va d\u00e9buter sa 6e saison pro \u00e0 <a href=\"https:\/\/actu.fr\/tag\/stade-toulousain\" rel=\"nofollow noopener\" target=\"_blank\">Toulouse<\/a>. Dimanche 7 septembre, contre Clermont, il sera titulaire en raison de nombreux absents (Mallia, Chocobares, Kinghorn) ou bless\u00e9s (Dupont, Capuozzo, Thomas, Costes). Joueur de rotation, le 3\/4 polyvalent, qui peut aussi bien jouer centre, ailier qu\u2019arri\u00e8re, a du mal \u00e0 passer le cut pour s\u2019installer parmi les 23 lors des matchs qui comptent. S\u2019il a \u00e9t\u00e9 titulaire lors de la demi-finale de Champions Cup contre Bordeaux l\u2019an dernier, Delibes fut hors des feuilles de match lors de la phase finale du Top 14. Pire : s\u2019il compte 4 Brennus et 2 Champions Cup \u00e0 son palmar\u00e8s, <strong>jamais il n\u2019a disput\u00e9 une finale<\/strong>. Mais il l\u2019affirme : il ne \u00ab\u00a0compte pas l\u00e2cher\u00a0\u00bb et esp\u00e8re mieux \u00e0 l\u2019avenir.<\/p>\n<p>Les objectifs de Dimitri Delibes<\/p>\n<p class=\" wall-content\">\u00ab\u00a0J\u2019ai l\u2019opportunit\u00e9 de jouer contre Clermont, c\u2019est bien, je le prends en compte. Il me faut juste avancer, c\u2019est tout\u00a0\u00bb. Dimitri Delibes n\u2019est pas forc\u00e9ment le plus disert. Mais avant d\u2019entamer la saison, il fait passer le message : le gar\u00e7on de 26 ans, arriv\u00e9 \u00e0 Toulouse en 2018, compte passer le cap cette saison pour enfin int\u00e9grer le groupe des Rouge et Noirs lors des matchs qui comptent en fin de saison.<\/p>\n<p class=\" wall-content\">\u00ab\u00a0C\u2019est mon objectif. Apr\u00e8s, il me faut monter l\u2019escalier marche par marche. Nous d\u00e9butons une saison, il faut de la r\u00e9gularit\u00e9 et la constance dans les matchs si tu veux pr\u00e9tendre \u00e0 une place en fin d\u2019ann\u00e9e\u00a0\u00bb. Difficile de lui donner tort.<\/p>\n<p>Un match \u00e0 Perpignan qui lui a co\u00fbt\u00e9 cher<\/p>\n<p class=\" wall-content\">L\u2019an pass\u00e9, Dimitri Delibes, habituel joueur de rotation, a eu sa chance lors d\u2019une demi-finale de Champions Cup, \u00e9tant titulaire. Une confiance de courte dur\u00e9e. Car derri\u00e8re, celui qui a \u00e9t\u00e9 form\u00e9 \u00e0 Blagnac a v\u00e9cu toute la phase finale du Top 14 depuis les tribunes.<\/p>\n<p class=\" wall-content\">\u00ab\u00a0J\u2019ai beaucoup discut\u00e9 avec les coachs \u00e0 ce sujet : il m\u2019a manqu\u00e9 peut-\u00eatre un peu de r\u00e9gularit\u00e9 dans mon jeu. Ce sont des petites actions, des d\u00e9tails\u2026\u00a0\u00bb, explique l\u2019int\u00e9ress\u00e9. Qui avoue avoir perdu gros lors d\u2019un d\u00e9placement \u00e0 Perpignan (d\u00e9faite 42-35, NDLR). \u00ab\u00a0C\u2019\u00e9tait le dernier match de la saison r\u00e9guli\u00e8re \u00e0 Perpignan, on donne un mauvais ton. Je pense que j\u2019ai perdu des points l\u00e0-bas\u00a0\u00bb.<\/p>\n<p>Repartir de z\u00e9ro<\/p>\n<p class=\" wall-content\">Ce mauvais match \u00e0 Perpignan, il doit servir \u00e0 Dimitri Delibes, qui souligne \u00e9galement \u00ab\u00a0que chaque saison, tu repars de z\u00e9ro\u00a0\u00bb. Pour lui, rien n\u2019est fig\u00e9 et \u00eatre plus qu\u2019un joueur de rotation est tout \u00e0 fait possible. \u00ab\u00a0Je ne dois rien l\u00e2cher, \u00e7a viendra\u00a0\u00bb, se motive-t-il.<\/p>\n<p class=\" wall-content\">Et si Toulouse sera en mission pour r\u00e9aliser un quadrupl\u00e9 historique, Dimitri Delibes se fixe au fond de lui un objectif personnel : \u00ab\u00a0J\u2019ai toujours \u00e9t\u00e9 dans ce groupe-l\u00e0 qui a gagn\u00e9, mais je n\u2019ai jamais \u00e9t\u00e9 sur le terrain (en finale, NDLR). J\u2019ai envie d\u2019acc\u00e9der \u00e0 tout \u00e7a\u00a0\u00bb. R\u00e9ponse au printemps prochain\u2026<\/p>\n<p>Votre r\u00e9gion, votre actu !<\/p>\n<p>Recevez chaque jour les infos qui comptent pour vous.<\/p>\n<p>\t<a href=\"https:\/\/actu.fr\/newsletter\" class=\"ac-btn ac-btn--corner ac-btn--medium ac-btn--blue800\" rel=\"nofollow noopener\" target=\"_blank\">S&rsquo;incrire<\/a><\/p>\n<p class=\" wall-content\">Personnalisez votre actualit\u00e9 en ajoutant vos villes et m\u00e9dias en favori avec <a href=\"https:\/\/moncompte.actu.fr\" title=\"D\u00e9couvez Mon Actu\" rel=\"nofollow noopener\" data-trk=\"{&quot;cta&quot;:{&quot;action&quot;:&quot;https:\\\/\\\/moncompte.actu.fr&quot;,&quot;category&quot;:&quot;mon compte&quot;,&quot;from&quot;:&quot;article footer&quot;,&quot;name&quot;:&quot;Mon actu&quot;,&quot;type&quot;:&quot;cta&quot;}}\" target=\"_blank\">Mon Actu<\/a>.<\/p>\n","protected":false},"excerpt":{"rendered":"Par Cl\u00e9ment Mazella Publi\u00e9 le 6 sept. 2025 \u00e0 17h34 Dimitri Delibes va d\u00e9buter sa 6e saison pro&hellip;\n","protected":false},"author":2,"featured_media":370924,"comment_status":"","ping_status":"","sticky":false,"template":"","format":"standard","meta":{"footnotes":""},"categories":[2816],"tags":[1111,11,1777,674,1011,27,12,2680,25,479,60,476,478,2312],"class_list":{"0":"post-370923","1":"post","2":"type-post","3":"status-publish","4":"format-standard","5":"has-post-thumbnail","7":"category-toulouse","8":"tag-actu","9":"tag-actualites","10":"tag-eu","11":"tag-europe","12":"tag-fr","13":"tag-france","14":"tag-news","15":"tag-occitanie","16":"tag-republique-francaise","17":"tag-rugby","18":"tag-sports","19":"tag-stade-toulousain","20":"tag-top-14","21":"tag-toulouse"},"share_on_mastodon":{"url":"https:\/\/pubeurope.com\/@fr\/115158118772709587","error":""},"_links":{"self":[{"href":"https:\/\/www.europesays.com\/fr\/wp-json\/wp\/v2\/posts\/370923","targetHints":{"allow":["GET"]}}],"collection":[{"href":"https:\/\/www.europesays.com\/fr\/wp-json\/wp\/v2\/posts"}],"about":[{"href":"https:\/\/www.europesays.com\/fr\/wp-json\/wp\/v2\/types\/post"}],"author":[{"embeddable":true,"href":"https:\/\/www.europesays.com\/fr\/wp-json\/wp\/v2\/users\/2"}],"replies":[{"embeddable":true,"href":"https:\/\/www.europesays.com\/fr\/wp-json\/wp\/v2\/comments?post=370923"}],"version-history":[{"count":0,"href":"https:\/\/www.europesays.com\/fr\/wp-json\/wp\/v2\/posts\/370923\/revisions"}],"wp:featuredmedia":[{"embeddable":true,"href":"https:\/\/www.europesays.com\/fr\/wp-json\/wp\/v2\/media\/370924"}],"wp:attachment":[{"href":"https:\/\/www.europesays.com\/fr\/wp-json\/wp\/v2\/media?parent=370923"}],"wp:term":[{"taxonomy":"category","embeddable":true,"href":"https:\/\/www.europesays.com\/fr\/wp-json\/wp\/v2\/categories?post=370923"},{"taxonomy":"post_tag","embeddable":true,"href":"https:\/\/www.europesays.com\/fr\/wp-json\/wp\/v2\/tags?post=370923"}],"curies":[{"name":"wp","href":"https:\/\/api.w.org\/{rel}","templated":true}]}}