{"id":370925,"date":"2025-09-06T15:43:09","date_gmt":"2025-09-06T15:43:09","guid":{"rendered":"https:\/\/www.europesays.com\/fr\/370925\/"},"modified":"2025-09-06T15:43:09","modified_gmt":"2025-09-06T15:43:09","slug":"lfi-profite-de-la-braderie-de-lille-pour-annoncer-sa-candidate-aux-municipales-2026-lahouaria-addouche","status":"publish","type":"post","link":"https:\/\/www.europesays.com\/fr\/370925\/","title":{"rendered":"LFI profite de la Braderie de Lille pour annoncer sa candidate aux Municipales 2026, Lahouaria Addouche"},"content":{"rendered":"<p>            Par<br \/>\n        <strong><br \/>\n            <a href=\"https:\/\/actu.fr\/auteur\/bastien-grossin\" title=\"Consulter tous les articles de Bastien Grossin\" target=\"_blank\" rel=\"noopener\">Bastien Grossin<\/a><br \/>\n        <\/strong><\/p>\n<p>        Publi\u00e9 le<\/p>\n<p>            6 sept. 2025 \u00e0 17h13        <\/p>\n<p>Chaque ann\u00e9e, la <a href=\"https:\/\/actu.fr\/tag\/braderie-de-lille\" target=\"_blank\" rel=\"noopener\">Braderie de Lille<\/a> est un temps fort de la rentr\u00e9e politique. C\u2019est d\u2019autant plus vrai pour cette \u00e9dition 2025, puisqu\u2019il s\u2019agit de la derni\u00e8re braderie avant les Municipales de 2026 et donc avant un potentiel changement de majorit\u00e9. Si plusieurs candidats sont d\u00e9j\u00e0 annonc\u00e9s, celui de <b>la France insoumise (LFI)<\/b> \u00e9tait jusqu\u2019\u00e0 ce samedi 6 septembre encore inconnu. <b>Manuel Bompard<\/b>, <b>Ugo Bernalicis <\/b>ou encore <b>Aur\u00e9lien Le\u00a0Coq <\/b>ont ainsi annonc\u00e9 cet apr\u00e8s-midi qu\u2019ils pariaient sur\u00a0<b>Lahouaria Addouche <\/b>pour la course \u00e0 la Mairie de Lille. Le num\u00e9ro deux de la liste sera <b>Lucas Fournier<\/b>.<\/p>\n<p>Une candidature \u00ab\u2009de rupture\u2009\u00bb pour la mairie de Lille<\/p>\n<p data-end=\"1257\" class=\" wall-content\">\u00ab\u2009Je m\u2019appelle Lahouaria Addouche. Je suis lilloise depuis toujours. J\u2019y suis n\u00e9e, j\u2019y ai grandi\u2009\u00bb, a d\u00e9clar\u00e9 la nouvelle t\u00eate de liste, \u00e0 l\u2019occasion d\u2019un rendez-vous donn\u00e9 Porte de Paris.<\/p>\n<p data-end=\"1257\" class=\" wall-content\"><b>Suppl\u00e9ante du d\u00e9put\u00e9 Aur\u00e9lien Le Coq<\/b>, elle se pr\u00e9sente comme une \u00ab\u2009femme des quartiers populaires, ancienne travailleuse du social, aujourd\u2019hui ouvri\u00e8re et m\u00e8re de famille\u2009\u00bb. Pour elle, l\u2019objectif est de \u00ab\u2009redonner une voix \u00e0 celles et ceux qu\u2019on n\u2019\u00e9coute plus\u2009: les familles populaires, les travailleurs invisibles, les jeunes, nos a\u00een\u00e9s.\u2009\u00bb<\/p>\n<p data-end=\"1556\" class=\" wall-content\">Elle a d\u2019ores et d\u00e9j\u00e0 abord\u00e9 des points de son programme, des mesures sociales notamment, \u00e0 l\u2019instar de la <b>fin du stationnement payant <\/b>dans les quartiers populaires, la gratuit\u00e9 des transports pour les \u00e9tudiants et seniors, l\u2019extension de la gratuit\u00e9 des cantines scolaires\u2026\u00a0<\/p>\n<p>LFI en position de force selon Aur\u00e9lien Le\u00a0Coq<\/p>\n<p class=\" wall-content\">Pour Aur\u00e9lien Le Coq, LFI aborde ce scrutin en position de force. Il consid\u00e8re que le parti est actuellement \u00ab\u00a0la premi\u00e8re force politique\u00a0\u00bb\u2009: \u00ab\u2009En 2022 Jean-Luc M\u00e9lenchon est arriv\u00e9 en t\u00eate avec 40\u2009% des voix. [\u2026] Depuis plus de neuf ans, les deux circonscriptions les plus lilloises sont des circonscriptions insoumises. [\u2026] Lors des derni\u00e8res Europ\u00e9ennes, les insoumis sont arriv\u00e9s largement en t\u00eate avec 26\u2009% des voix.\u2009\u00bb<\/p>\n<p>Votre r\u00e9gion, votre actu !<\/p>\n<p>Recevez chaque jour les infos qui comptent pour vous.<\/p>\n<p>\t<a href=\"https:\/\/actu.fr\/newsletter\" class=\"ac-btn ac-btn--corner ac-btn--medium ac-btn--blue800\" target=\"_blank\" rel=\"noopener\">S&rsquo;incrire<\/a><\/p>\n<p class=\" wall-content\">Par ailleurs, il reproche \u00e0 la majorit\u00e9 socialiste d\u2019avoir \u00ab\u2009abandonn\u00e9 les quartiers populaires ann\u00e9e apr\u00e8s ann\u00e9e\u2009\u00bb, les qualifiant m\u00eame de \u00ab\u2009notables reclus dans leur beffroi\u2009\u00bb.<\/p>\n<p>Une candidature choisie \u00e0 \u00ab\u2009l\u2019unanimit\u00e9\u2009\u00bb<\/p>\n<p class=\" wall-content\">Hugo Bernalicis a rappel\u00e9 que la candidature de Lahouaria Addouche avait \u00e9t\u00e9 choisie \u00ab\u2009\u00e0 l\u2019unanimit\u00e9\u2009\u00bb, et il a salu\u00e9 \u00ab\u2009une battante, une femme des quartiers populaires\u2009\u00bb. \u00c0 ses c\u00f4t\u00e9s, Lucas Fournier, conseiller municipal d\u2019opposition \u00e0 Hellemmes, sera num\u00e9ro deux de la liste. Manuel Bompard a ensuite compl\u00e9t\u00e9\u2009: \u00ab\u2009La candidature de Lahouaria est le signal que l\u2019\u00e8re des notables est r\u00e9volue.\u2009\u00bb<\/p>\n<p class=\" wall-content\">Personnalisez votre actualit\u00e9 en ajoutant vos villes et m\u00e9dias en favori avec <a href=\"https:\/\/moncompte.actu.fr\" title=\"D\u00e9couvez Mon Actu\" rel=\"nofollow noopener\" data-trk=\"{&quot;cta&quot;:{&quot;action&quot;:&quot;https:\\\/\\\/moncompte.actu.fr&quot;,&quot;category&quot;:&quot;mon compte&quot;,&quot;from&quot;:&quot;article footer&quot;,&quot;name&quot;:&quot;Mon actu&quot;,&quot;type&quot;:&quot;cta&quot;}}\" target=\"_blank\">Mon Actu<\/a>.<\/p>\n","protected":false},"excerpt":{"rendered":"Par Bastien Grossin Publi\u00e9 le 6 sept. 2025 \u00e0 17h13 Chaque ann\u00e9e, la Braderie de Lille est un&hellip;\n","protected":false},"author":2,"featured_media":370926,"comment_status":"","ping_status":"","sticky":false,"template":"","format":"standard","meta":{"footnotes":""},"categories":[2815],"tags":[1111,11,18703,1777,674,1011,27,811,1023,1307,3434,12,316,25],"class_list":{"0":"post-370925","1":"post","2":"type-post","3":"status-publish","4":"format-standard","5":"has-post-thumbnail","7":"category-lille","8":"tag-actu","9":"tag-actualites","10":"tag-braderie-de-lille","11":"tag-eu","12":"tag-europe","13":"tag-fr","14":"tag-france","15":"tag-hauts-de-france","16":"tag-la-france-insoumise-lfi","17":"tag-lille","18":"tag-municipales-2026","19":"tag-news","20":"tag-politique","21":"tag-republique-francaise"},"share_on_mastodon":{"url":"https:\/\/pubeurope.com\/@fr\/115158122947656649","error":""},"_links":{"self":[{"href":"https:\/\/www.europesays.com\/fr\/wp-json\/wp\/v2\/posts\/370925","targetHints":{"allow":["GET"]}}],"collection":[{"href":"https:\/\/www.europesays.com\/fr\/wp-json\/wp\/v2\/posts"}],"about":[{"href":"https:\/\/www.europesays.com\/fr\/wp-json\/wp\/v2\/types\/post"}],"author":[{"embeddable":true,"href":"https:\/\/www.europesays.com\/fr\/wp-json\/wp\/v2\/users\/2"}],"replies":[{"embeddable":true,"href":"https:\/\/www.europesays.com\/fr\/wp-json\/wp\/v2\/comments?post=370925"}],"version-history":[{"count":0,"href":"https:\/\/www.europesays.com\/fr\/wp-json\/wp\/v2\/posts\/370925\/revisions"}],"wp:featuredmedia":[{"embeddable":true,"href":"https:\/\/www.europesays.com\/fr\/wp-json\/wp\/v2\/media\/370926"}],"wp:attachment":[{"href":"https:\/\/www.europesays.com\/fr\/wp-json\/wp\/v2\/media?parent=370925"}],"wp:term":[{"taxonomy":"category","embeddable":true,"href":"https:\/\/www.europesays.com\/fr\/wp-json\/wp\/v2\/categories?post=370925"},{"taxonomy":"post_tag","embeddable":true,"href":"https:\/\/www.europesays.com\/fr\/wp-json\/wp\/v2\/tags?post=370925"}],"curies":[{"name":"wp","href":"https:\/\/api.w.org\/{rel}","templated":true}]}}