{"id":370927,"date":"2025-09-06T15:44:16","date_gmt":"2025-09-06T15:44:16","guid":{"rendered":"https:\/\/www.europesays.com\/fr\/370927\/"},"modified":"2025-09-06T15:44:16","modified_gmt":"2025-09-06T15:44:16","slug":"pour-la-mairie-de-lille-les-insoumis-parient-sur-la-deputee-suppleante-lahouaria-addouche-liberation","status":"publish","type":"post","link":"https:\/\/www.europesays.com\/fr\/370927\/","title":{"rendered":"Pour la mairie de Lille, les insoumis parient sur la d\u00e9put\u00e9e suppl\u00e9ante Lahouaria Addouche \u2013 Lib\u00e9ration"},"content":{"rendered":"<p class=\"sc-cPiKLX AiZTS text-element\">L\u2019annonce a \u00e9t\u00e9 faite en pleine braderie de Lille. La d\u00e9put\u00e9e suppl\u00e9ante Lahouaria Addouche a \u00e9t\u00e9 d\u00e9sign\u00e9e comme t\u00eate de liste de la France insoumise <a href=\"https:\/\/www.liberation.fr\/politique\/elections\/les-prochaines-elections-municipales-se-tiendront-les-15-et-22-mars-2026-20250827_V5QA4OBRNZCC3K5LLTLSAPBGRA\/\" target=\"_blank\" rel=\"noreferrer noopener\" title=\"https:\/\/www.liberation.fr\/politique\/elections\/les-prochaines-elections-municipales-se-tiendront-les-15-et-22-mars-2026-20250827_V5QA4OBRNZCC3K5LLTLSAPBGRA\/\">pour l\u2019\u00e9lection municipale de la ville du Nord<\/a>, a annonc\u00e9 ce samedi 6 septembre le mouvement insoumis, \u00e0 six mois du scrutin. <\/p>\n<p class=\"sc-cPiKLX AiZTS text-element\">\u00abIl y a un besoin urgent de rupture avec une majorit\u00e9 sortante qui a abandonn\u00e9 les quartiers populaires ann\u00e9es apr\u00e8s ann\u00e9es\u00bb, a d\u00e9clar\u00e9 le d\u00e9put\u00e9 LFI de la circonscription, Aur\u00e9lien Lecocq, avant de r\u00e9v\u00e9ler le nom de sa suppl\u00e9ante. <\/p>\n<p class=\"sc-cPiKLX AiZTS text-element\">\u00abNous sommes pr\u00eats \u00e0 ouvrir une nouvelle page pour Lille\u00bb, a poursuivi cette m\u00e8re de famille de 42 ans, ex-travailleuse sociale, \u00e0 pr\u00e9sent \u00abouvri\u00e8re\u00bb, technicienne qualit\u00e9 chez un sous-traitant d\u2019Airbus. \u00abLille m\u00e9rite mieux [\u2026] qu\u2019un Parti Socialiste qui a tourn\u00e9 le dos \u00e0 la justice sociale\u00bb et aux quartiers populaires, a insist\u00e9 cette \u00abLilloise depuis toujours\u00bb, n\u00e9e dans la capitale des Flandres. <\/p>\n<p class=\"sc-cPiKLX AiZTS text-element\">Sauf coup de th\u00e9\u00e2tre, <a href=\"https:\/\/www.liberation.fr\/politique\/a-lille-une-guerre-de-succession-deja-lancee-pour-remplacer-martine-aubry-20241019_LK6CTRN355F6HIMZQ764I3TCHY\/\" target=\"_blank\" rel=\"noreferrer noopener\" title=\"https:\/\/www.liberation.fr\/politique\/a-lille-une-guerre-de-succession-deja-lancee-pour-remplacer-martine-aubry-20241019_LK6CTRN355F6HIMZQ764I3TCHY\/\">la gauche se pr\u00e9sentera en ordre dispers\u00e9 au scrutin lillois<\/a>. Les Ecologistes ont d\u00e9sign\u00e9 pour t\u00eate de liste St\u00e9phane Baly, pass\u00e9 tout proche de ravir le beffroi \u00e0 Martine Aubry en 2020, et les socialistes doivent encore trancher entre <a href=\"https:\/\/www.liberation.fr\/politique\/elections\/a-lille-arnaud-deslandes-un-interim-maire-en-quete-de-notoriete-20250320_NYPHRE47LVBBVKFPIQZPBI6X54\/\" target=\"_blank\" rel=\"noreferrer noopener\" title=\"https:\/\/www.liberation.fr\/politique\/elections\/a-lille-arnaud-deslandes-un-interim-maire-en-quete-de-notoriete-20250320_NYPHRE47LVBBVKFPIQZPBI6X54\/\">le maire actuel Arnaud Deslandes<\/a>, choisi par Aubry pour lui succ\u00e9der, et le d\u00e9put\u00e9 Roger Vicot. Ces trois partis devraient, avec <a href=\"https:\/\/www.liberation.fr\/politique\/pour-conquerir-lille-violette-spillebout-ouvre-son-cafe-de-campagne-20250517_257PQ7P34VAH5MEXHDSYBQSZAU\/\" target=\"_blank\" rel=\"noreferrer noopener\" title=\"https:\/\/www.liberation.fr\/politique\/pour-conquerir-lille-violette-spillebout-ouvre-son-cafe-de-campagne-20250517_257PQ7P34VAH5MEXHDSYBQSZAU\/\">la macroniste Violette Spillebout<\/a>, dominer la campagne municipale. <\/p>\n<p class=\"sc-cPiKLX AiZTS text-element\">\u00abLille est une ville insoumise\u00bb, a clam\u00e9, aux c\u00f4t\u00e9s de Lahouaria Addouche, Aur\u00e9lien Le Coq, dont elle est la suppl\u00e9ante depuis les l\u00e9gislatives de 2024 apr\u00e8s avoir \u00e9t\u00e9 celle d\u2019Adrien Quatennens. <\/p>\n<p class=\"sc-cPiKLX AiZTS text-element\">Si Lille est un bastion socialiste depuis 1955, <a href=\"https:\/\/www.liberation.fr\/politique\/a-faches-thumesnil-pres-de-lille-la-recette-municipale-insoumise-au-banc-dessai-20241222_DA7GYTDO7BFDPDSNSHCFMKKXKU\/\" target=\"_blank\" rel=\"noreferrer noopener\" title=\"https:\/\/www.liberation.fr\/politique\/a-faches-thumesnil-pres-de-lille-la-recette-municipale-insoumise-au-banc-dessai-20241222_DA7GYTDO7BFDPDSNSHCFMKKXKU\/\">les Insoumis ont des raisons de penser<\/a> qu\u2019ils peuvent arracher la ville au PS. En 2022, Jean-Luc M\u00e9lenchon y avait obtenu 40,53 % des voix au premier tour de la pr\u00e9sidentielle, largement devant Emmanuel Macron (25,67 %). <\/p>\n<p class=\"sc-cPiKLX AiZTS text-element\">Mais lors du dernier scrutin municipal, en 2020, la t\u00eate de liste LFI Julien Poix n\u2019avait r\u00e9uni que 8,84% des suffrages, loin derri\u00e8re Martine Aubry, St\u00e9phane Baly et Violette Spillebout. <\/p>\n","protected":false},"excerpt":{"rendered":"L\u2019annonce a \u00e9t\u00e9 faite en pleine braderie de Lille. La d\u00e9put\u00e9e suppl\u00e9ante Lahouaria Addouche a \u00e9t\u00e9 d\u00e9sign\u00e9e comme&hellip;\n","protected":false},"author":2,"featured_media":370928,"comment_status":"","ping_status":"","sticky":false,"template":"","format":"standard","meta":{"footnotes":""},"categories":[2815],"tags":[1111,11,1777,674,1011,27,811,780,1307,5945,12,25],"class_list":{"0":"post-370927","1":"post","2":"type-post","3":"status-publish","4":"format-standard","5":"has-post-thumbnail","7":"category-lille","8":"tag-actu","9":"tag-actualites","10":"tag-eu","11":"tag-europe","12":"tag-fr","13":"tag-france","14":"tag-hauts-de-france","15":"tag-lfi","16":"tag-lille","17":"tag-municipales-elections","18":"tag-news","19":"tag-republique-francaise"},"share_on_mastodon":{"url":"https:\/\/pubeurope.com\/@fr\/115158126755982813","error":""},"_links":{"self":[{"href":"https:\/\/www.europesays.com\/fr\/wp-json\/wp\/v2\/posts\/370927","targetHints":{"allow":["GET"]}}],"collection":[{"href":"https:\/\/www.europesays.com\/fr\/wp-json\/wp\/v2\/posts"}],"about":[{"href":"https:\/\/www.europesays.com\/fr\/wp-json\/wp\/v2\/types\/post"}],"author":[{"embeddable":true,"href":"https:\/\/www.europesays.com\/fr\/wp-json\/wp\/v2\/users\/2"}],"replies":[{"embeddable":true,"href":"https:\/\/www.europesays.com\/fr\/wp-json\/wp\/v2\/comments?post=370927"}],"version-history":[{"count":0,"href":"https:\/\/www.europesays.com\/fr\/wp-json\/wp\/v2\/posts\/370927\/revisions"}],"wp:featuredmedia":[{"embeddable":true,"href":"https:\/\/www.europesays.com\/fr\/wp-json\/wp\/v2\/media\/370928"}],"wp:attachment":[{"href":"https:\/\/www.europesays.com\/fr\/wp-json\/wp\/v2\/media?parent=370927"}],"wp:term":[{"taxonomy":"category","embeddable":true,"href":"https:\/\/www.europesays.com\/fr\/wp-json\/wp\/v2\/categories?post=370927"},{"taxonomy":"post_tag","embeddable":true,"href":"https:\/\/www.europesays.com\/fr\/wp-json\/wp\/v2\/tags?post=370927"}],"curies":[{"name":"wp","href":"https:\/\/api.w.org\/{rel}","templated":true}]}}