{"id":370929,"date":"2025-09-06T15:45:12","date_gmt":"2025-09-06T15:45:12","guid":{"rendered":"https:\/\/www.europesays.com\/fr\/370929\/"},"modified":"2025-09-06T15:45:12","modified_gmt":"2025-09-06T15:45:12","slug":"kais-lamoureux-de-lom-et-nelly-virtuose-du-piano-aux-auditions-a-laveugle","status":"publish","type":"post","link":"https:\/\/www.europesays.com\/fr\/370929\/","title":{"rendered":"Ka\u00efs, l&rsquo;amoureux de l&rsquo;OM et Nelly, virtuose du piano, aux auditions \u00e0 l&rsquo;aveugle"},"content":{"rendered":"<p class=\"rev-margin-0 rev-text-xs-normal\">Ka\u00efs, 7 ans, et Nelly, 15 ans, originaires de Marseille, tentent leur chance sur le plateau de The Voice Kids ce samedi soir.<\/p>\n<p class=\"rev-margin-0 rev-text-xs-bold\">Photo TF1\/ITV<\/p>\n<p>Nouvelles auditions \u00e0 l&rsquo;aveugle dans <strong>\u00ab\u00a0The Voice Kids\u00a0\u00bb<\/strong> ce samedi soir &#8211; Septembre sur TF1. Apr\u00e8s la brillante prestation de <a href=\"https:\/\/www.laprovence.com\/article\/region\/439600586412314\/the-voice-kids-sasha-aixoise-de-12-ans-passionnee-de-kpop-a-lepreuve-des-auditions-a-laveugle\" target=\"_blank\" rel=\"noopener\">Sasha, originaire d&rsquo;Aix-en-Provence<\/a>, la semaine derni\u00e8re qui <a href=\"https:\/\/www.youtube.com\/watch?v=FSUFjtLZ_rY\" target=\"_blank\" rel=\"noopener\"><strong>a fait flotter un air de KPop sur le plateau<\/strong><\/a> pour convaincre <strong>Soprano et Matt Pokora<\/strong> (elle a choisi ce dernier), c&rsquo;est au tour de deux talents marseillais d&rsquo;affronter les fauteuils rouges.<\/p>\n<p>Ka\u00efs, des \u00ab\u00a012 coups de midi\u00a0\u00bb au V\u00e9lodrome<\/p>\n<p>Son visage vous dit certainement quelque chose, que vous soyez <a href=\"https:\/\/www.laprovence.com\/article\/culture-loisirs\/2270503802756714\/allez-lom-jul-tes-le-meilleur-kais-un-jeune-marseillais-fait-le-buzz-dans-les-12-coups-de-midi\" target=\"_blank\" rel=\"noopener\">supporter de l&rsquo;OM ou bien un fid\u00e8le t\u00e9l\u00e9spectateur des \u00ab\u00a012 coups de midi\u00a0\u00bb. <\/a><strong><a href=\"https:\/\/www.laprovence.com\/article\/culture-loisirs\/2270503802756714\/allez-lom-jul-tes-le-meilleur-kais-un-jeune-marseillais-fait-le-buzz-dans-les-12-coups-de-midi\" target=\"_blank\" rel=\"noopener\">Ka\u00efs, 7 ans<\/a>,<\/strong> \u00e0 l&rsquo;accent si chantant, s&rsquo;essaye aux auditions \u00e0 l&rsquo;aveugle ce samedi soir. Pour le coup, celui qui se r\u00eave footballeur professionnel comme son idole Cristiano Ronaldo est arriv\u00e9 gr\u00e2ce \u00e0 ses passages remarqu\u00e9s dans le jeu anim\u00e9 par Jean-Luc Reichmann. \u00ab\u00a0Maman a re\u00e7u un appel de &lsquo;The Voice&rsquo;, ce n&rsquo;est pas moi qui aie voulu\u00a0\u00bb, confesse \u00e0 \u00ab\u00a0La Provence\u00a0\u00bb en toute sinc\u00e9rit\u00e9 le jeune gar\u00e7on.\u00a0<\/p>\n<p>Le jeune Marseillais avait fait sourire des millions de t\u00e9l\u00e9spectateurs gr\u00e2ce \u00e0 son audace et son interpr\u00e9tation des chants qu&rsquo;on peut entendre les soirs de match dans les trav\u00e9es du stade V\u00e9lodrome. \u00ab\u00a0J&rsquo;\u00e9tais g\u00ean\u00e9 avant de monter sur sc\u00e8ne, car il y avait beaucoup de monde, r\u00e9pond-il avec pudeur. <a href=\"https:\/\/www.laprovence.com\/article\/societe\/9922752280531314\/kais-le-jeune-marseillais-qui-a-chante-allez-lom-sur-les-12-coups-de-midi-retrouve-bengous\" target=\"_blank\" rel=\"noopener\">Moi j&rsquo;aime Bengous, Soprano et Jul<\/a>. <strong>Ma musique pr\u00e9f\u00e9r\u00e9e, c&rsquo;est &lsquo;Wesh alors&rsquo;<\/strong>\u00ab\u00a0.<\/p>\n<p>Un d\u00e9but de notori\u00e9t\u00e9 qui en fait <strong>le chouchou des supporters de l&rsquo;OM<\/strong>. \u00ab\u00a0Je ne m&rsquo;attendais pas \u00e0 un tel buzz lors de son passage dans les &rsquo;12 coups de midi&rsquo;, avoue sa maman. On a beaucoup de jolis messages, mais aussi certains moins bienveillants, mais il n&rsquo;y a pas acc\u00e8s. Quand &lsquo;The Voice Kids&rsquo; a appel\u00e9, je lui ai expliqu\u00e9 que c&rsquo;\u00e9tait une simple exp\u00e9rience et qu&rsquo;il allait faire de belles rencontres\u00a0\u00bb. De quoi faire retourner un des coaches ?\u00a0<\/p>\n<p>Nelly du conservatoire aux auditions \u00e0 l&rsquo;aveugle<\/p>\n<p>\u00c0 seulement 15 ans, Nelly est parmi les plus \u00e2g\u00e9s de cette \u00e9dition 2025. \u00ab\u00a0Je n&rsquo;\u00e9tais pas cens\u00e9e participer, rembobine celle qui a fait son entr\u00e9e en premi\u00e8re au lyc\u00e9e Marseilleveyre. Je ne me sentais pas de participer \u00e0 l&rsquo;\u00e9dition kids, je voulais attendre d&rsquo;avoir l&rsquo;\u00e2ge pour la version adulte. Puis c&rsquo;est un ami qui m&rsquo;a pouss\u00e9 \u00e0 le faire, j&rsquo;ai tent\u00e9 ma chance puis voil\u00e0\u00a0\u00bb.\u00a0<\/p>\n<p>Il faut dire que Nelly baigne dans la musique depuis son enfance et m\u00eame avant. \u00ab\u00a0Ma m\u00e8re \u00e9coutait du rock quand elle \u00e9tait enceinte de moi, s&rsquo;amuse la jeune fille. <strong>Elle \u00e9tait violoniste au conservatoire en Arm\u00e9nie<\/strong>. Et moi, depuis 10 ans, je suis \u00e0 celui de Marseille en piano-solf\u00e8ge\u00a0\u00bb.<\/p>\n<p>Un instrument dont elle vient tout juste d&rsquo;\u00eatre dipl\u00f4m\u00e9e. Mais ce samedi soir, c&rsquo;est seule derri\u00e8re son micro qu&rsquo;elle tentera de convaincre le quatuor. \u00ab\u00a0J&rsquo;adore le rock : Guns N&rsquo; Roses, Aerosmith, Led Zeppelin&#8230; Mon idole a \u00e9t\u00e9 longtemps Freddie Mercury et d\u00e9sormais, c&rsquo;est Janis Joplin, pr\u00e9sente Nelly. Deux jours avant mon audition, je ne connaissais pas ma chanson. J&rsquo;ai besoin d&rsquo;\u00eatre en stress pour me focaliser\u00a0\u00bb.\u00a0<\/p>\n<p><img alt=\"\" loading=\"lazy\" width=\"18\" height=\"18\" decoding=\"async\" data-nimg=\"1\" class=\"mx-[8px]\" style=\"color:transparent\" src=\"https:\/\/www.laprovence.com\/_next\/static\/media\/comment.b95dda91.svg\"\/>D\u00e9marrez la conversation<\/p>\n<p class=\"text-[1.8rem] mt-[32px]\">Votre opinion compte pour nous. Rejoignez la communaut\u00e9 laprovence.com en r\u00e9agissant sur l&rsquo;article The Voice Kids : Ka\u00efs, l&rsquo;amoureux de l&rsquo;OM et Nelly, virtuose du piano, aux auditions \u00e0 l&rsquo;aveugle.<\/p>\n","protected":false},"excerpt":{"rendered":"Ka\u00efs, 7 ans, et Nelly, 15 ans, originaires de Marseille, tentent leur chance sur le plateau de The&hellip;\n","protected":false},"author":2,"featured_media":370930,"comment_status":"","ping_status":"","sticky":false,"template":"","format":"standard","meta":{"footnotes":""},"categories":[2814],"tags":[17,1111,11,1777,674,1011,27,50515,10686,50516,4056,884,16493,12,882,16,25,3989,3990],"class_list":{"0":"post-370929","1":"post","2":"type-post","3":"status-publish","4":"format-standard","5":"has-post-thumbnail","7":"category-marseille","8":"tag-17","9":"tag-actu","10":"tag-actualites","11":"tag-eu","12":"tag-europe","13":"tag-fr","14":"tag-france","15":"tag-kais","16":"tag-kids","17":"tag-lamoureux","18":"tag-lom","19":"tag-marseille","20":"tag-nelly","21":"tag-news","22":"tag-provence-alpes-cote-dazur","23":"tag-region","24":"tag-republique-francaise","25":"tag-the","26":"tag-voice"},"share_on_mastodon":{"url":"https:\/\/pubeurope.com\/@fr\/115158130679796053","error":""},"_links":{"self":[{"href":"https:\/\/www.europesays.com\/fr\/wp-json\/wp\/v2\/posts\/370929","targetHints":{"allow":["GET"]}}],"collection":[{"href":"https:\/\/www.europesays.com\/fr\/wp-json\/wp\/v2\/posts"}],"about":[{"href":"https:\/\/www.europesays.com\/fr\/wp-json\/wp\/v2\/types\/post"}],"author":[{"embeddable":true,"href":"https:\/\/www.europesays.com\/fr\/wp-json\/wp\/v2\/users\/2"}],"replies":[{"embeddable":true,"href":"https:\/\/www.europesays.com\/fr\/wp-json\/wp\/v2\/comments?post=370929"}],"version-history":[{"count":0,"href":"https:\/\/www.europesays.com\/fr\/wp-json\/wp\/v2\/posts\/370929\/revisions"}],"wp:featuredmedia":[{"embeddable":true,"href":"https:\/\/www.europesays.com\/fr\/wp-json\/wp\/v2\/media\/370930"}],"wp:attachment":[{"href":"https:\/\/www.europesays.com\/fr\/wp-json\/wp\/v2\/media?parent=370929"}],"wp:term":[{"taxonomy":"category","embeddable":true,"href":"https:\/\/www.europesays.com\/fr\/wp-json\/wp\/v2\/categories?post=370929"},{"taxonomy":"post_tag","embeddable":true,"href":"https:\/\/www.europesays.com\/fr\/wp-json\/wp\/v2\/tags?post=370929"}],"curies":[{"name":"wp","href":"https:\/\/api.w.org\/{rel}","templated":true}]}}