{"id":370931,"date":"2025-09-06T15:46:11","date_gmt":"2025-09-06T15:46:11","guid":{"rendered":"https:\/\/www.europesays.com\/fr\/370931\/"},"modified":"2025-09-06T15:46:11","modified_gmt":"2025-09-06T15:46:11","slug":"cet-eclair-etait-1-000-fois-plus-lumineux-que-la-normale-un-superbolt-exceptionnel-de-358-ka-reveille-brutalement-marseille-et-defie-toute-technologie-de-capture","status":"publish","type":"post","link":"https:\/\/www.europesays.com\/fr\/370931\/","title":{"rendered":"\u00ab Cet \u00e9clair \u00e9tait 1 000 fois plus lumineux que la normale \u00bb : un superbolt exceptionnel de 358 kA r\u00e9veille brutalement Marseille et d\u00e9fie toute technologie de capture"},"content":{"rendered":"<tr>\n<td><strong>EN BREF<\/strong><\/td>\n<\/tr>\n<tr>\n<td>\n<ul>\n<li>\ud83c\udf29\ufe0f Un <strong>superbolt<\/strong> a frapp\u00e9 Marseille, r\u00e9veillant la ville avec une intensit\u00e9 exceptionnelle.<\/li>\n<li>\ud83d\udd0d Les <strong>superbolts<\/strong> sont des \u00e9clairs rares, repr\u00e9sentant moins de 1 % de tous les \u00e9clairs.<\/li>\n<li>\ud83d\udcf7 La luminosit\u00e9 intense a rendu la <strong>photographie<\/strong> de l\u2019\u00e9clair difficile m\u00eame pour les experts.<\/li>\n<li>\u26a0\ufe0f Cet \u00e9v\u00e9nement soul\u00e8ve des questions sur la <strong>s\u00e9curit\u00e9<\/strong> des infrastructures face \u00e0 de tels ph\u00e9nom\u00e8nes.<\/li>\n<\/ul>\n<\/td>\n<\/tr>\n<p>La nuit du 1er septembre 2025 a offert un spectacle c\u00e9leste inhabituel aux habitants de Marseille. Un \u00e9v\u00e9nement m\u00e9t\u00e9orologique d\u2019une rare intensit\u00e9 a r\u00e9veill\u00e9 la ville aux premi\u00e8res heures du matin. \u00c0 3h43 pr\u00e9cis\u00e9ment, un \u00e9clair d\u2019une puissance exceptionnelle a frapp\u00e9 pr\u00e8s des \u00eeles du Frioul, provoquant un bruit assourdissant. Ce ph\u00e9nom\u00e8ne, qualifi\u00e9 de \u00ab\u00a0superbolt\u00a0\u00bb par les experts, s\u2019est distingu\u00e9 par sa luminosit\u00e9 et son intensit\u00e9 hors normes. Ce type d\u2019\u00e9clair, extr\u00eamement rare, a suscit\u00e9 l\u2019\u00e9tonnement et l\u2019int\u00e9r\u00eat de nombreux observateurs, y compris Paul Marquis, un m\u00e9t\u00e9orologue passionn\u00e9 qui a partag\u00e9 ses observations sur les r\u00e9seaux sociaux.<\/p>\n<p>Un ph\u00e9nom\u00e8ne m\u00e9t\u00e9orologique d\u2019exception<\/p>\n<p>Les superbolts sont des \u00e9clairs d\u2019une puissance et d\u2019une luminosit\u00e9 bien sup\u00e9rieures \u00e0 celles des \u00e9clairs ordinaires. Ils repr\u00e9sentent moins de 1 % de tous les \u00e9clairs enregistr\u00e9s dans le monde. Ce qui les rend particuli\u00e8rement intrigants, c\u2019est leur intensit\u00e9 qui peut \u00eatre jusqu\u2019\u00e0 1 000 fois plus lumineuse que celle des \u00e9clairs classiques. Lors de l\u2019\u00e9v\u00e9nement \u00e0 Marseille, l\u2019\u00e9clair a \u00e9t\u00e9 mesur\u00e9 \u00e0 une intensit\u00e9 de 358 kA, alors que la moyenne pour un \u00e9clair ordinaire se situe entre 5 et 20 kA.<\/p>\n<p>La raret\u00e9 de ces ph\u00e9nom\u00e8nes rend leur \u00e9tude difficile. Les scientifiques s\u2019int\u00e9ressent particuli\u00e8rement aux m\u00e9canismes qui d\u00e9clenchent de tels \u00e9clairs. Les superbolts n\u00e9gatifs, comme celui observ\u00e9 \u00e0 Marseille, sont d\u00e9j\u00e0 rares, mais les superbolts positifs le sont encore plus. Ces derniers se produisent lorsque le canal de l\u2019\u00e9clair se dirige de la terre vers le ciel, traversant des couches nuageuses charg\u00e9es positivement, ce qui complexifie davantage leur \u00e9tude.<\/p>\n<blockquote class=\"wp-embedded-content\" data-secret=\"oCjn92QDvY\">\n<p><a href=\"https:\/\/www.lejournaleconomique.com\/2025\/08\/27\/paris-defie-lequilibre-mondial-le-tir-du-missile-hypersonique-v-max-a-mach-5-declenche-linquietude-des-allies-et-la-colere-de-ses-rivaux\/\" rel=\"nofollow noopener\" target=\"_blank\">\u00ab Paris d\u00e9fie l\u2019\u00e9quilibre mondial \u00bb : le tir du missile hypersonique V-MAX \u00e0 Mach 5 d\u00e9clenche l\u2019inqui\u00e9tude des alli\u00e9s et la col\u00e8re de ses rivaux<\/a><\/p>\n<\/blockquote>\n<p>Capturer l\u2019invisible : les d\u00e9fis de la photographie d\u2019\u00e9clairs<\/p>\n<p>Paul Marquis, bien qu\u2019exp\u00e9riment\u00e9, n\u2019a pas r\u00e9ussi \u00e0 capturer correctement cet \u00e9clair exceptionnel en raison de sa luminosit\u00e9 extr\u00eame. Les r\u00e9glages habituels de son appareil photo se sont av\u00e9r\u00e9s insuffisants, la lumi\u00e8re intense sur-exposant totalement ses clich\u00e9s. Ce ph\u00e9nom\u00e8ne est courant lors de la photographie d\u2019\u00e9v\u00e9nements lumineux impr\u00e9vus, o\u00f9 la pr\u00e9paration et l\u2019\u00e9quipement doivent s\u2019adapter rapidement \u00e0 des conditions changeantes.<\/p>\n<p>Malgr\u00e9 cette d\u00e9convenue, les images mentales et les donn\u00e9es recueillies par les instruments de mesure ont permis de documenter cet \u00e9v\u00e9nement. Les enregistrements et les t\u00e9moignages partag\u00e9s par d\u2019autres t\u00e9moins oculaires sur les r\u00e9seaux sociaux ont \u00e9galement contribu\u00e9 \u00e0 enrichir la documentation de cet \u00e9clair. Ces contributions montrent l\u2019importance de la communaut\u00e9 dans l\u2019\u00e9tude des ph\u00e9nom\u00e8nes m\u00e9t\u00e9orologiques rares.<\/p>\n<blockquote class=\"wp-embedded-content\" data-secret=\"OcMmc1vdjt\">\n<p><a href=\"https:\/\/www.lejournaleconomique.com\/2025\/08\/31\/plus-rapide-que-tous-les-missiles-russes-la-france-tire-ce-missile-v-max-a-6-000-km-h-impossible-a-intercepter-depuis-biscarrosse\/\" rel=\"nofollow noopener\" target=\"_blank\">\u00ab Plus rapide que tous les missiles russes \u00bb : la France tire ce missile V-MAX \u00e0 6 000 km\/h impossible \u00e0 intercepter depuis Biscarrosse<\/a><\/p>\n<\/blockquote>\n<p>Quand la nature d\u00e9fie la technologie<\/p>\n<p>Les technologies actuelles, bien qu\u2019avanc\u00e9es, sont parfois mises \u00e0 l\u2019\u00e9preuve par la nature. Les superbolts sont un exemple de ph\u00e9nom\u00e8nes qui d\u00e9passent souvent les capacit\u00e9s technologiques standard en mati\u00e8re de capture et d\u2019analyse. La luminosit\u00e9 intense de ces \u00e9clairs pose des d\u00e9fis non seulement pour la photographie, mais aussi pour les \u00e9quipements de mesure et d\u2019observation.<\/p>\n<p>Les scientifiques esp\u00e8rent qu\u2019avec l\u2019avanc\u00e9e de la technologie, il sera possible de mieux comprendre ces ph\u00e9nom\u00e8nes. L\u2019am\u00e9lioration des capteurs et des instruments de mesure pourrait permettre une analyse plus pr\u00e9cise de la composition et de l\u2019origine des superbolts. De plus, la collaboration internationale entre m\u00e9t\u00e9orologues pourrait acc\u00e9l\u00e9rer les d\u00e9couvertes dans ce domaine.<\/p>\n<blockquote class=\"wp-embedded-content\" data-secret=\"hmh7lszzrE\">\n<p><a href=\"https:\/\/www.lejournaleconomique.com\/2025\/09\/02\/6-000-km-h-cest-la-vitesse-de-la-mort-le-missile-hypersonique-v-max-francais-defie-tous-les-systemes-de-defense-mondiaux\/\" rel=\"nofollow noopener\" target=\"_blank\">\u00ab 6 000 km\/h, c\u2019est la vitesse de la mort \u00bb : le missile hypersonique V-MAX fran\u00e7ais d\u00e9fie tous les syst\u00e8mes de d\u00e9fense mondiaux<\/a><\/p>\n<\/blockquote>\n<p>L\u2019impact des superbolts sur la communaut\u00e9 locale<\/p>\n<p>L\u2019\u00e9clair du 1er septembre \u00e0 Marseille a eu un impact significatif sur la communaut\u00e9 locale. Outre le r\u00e9veil brutal des habitants, cet \u00e9v\u00e9nement a suscit\u00e9 des discussions sur les r\u00e9seaux sociaux et au sein des cercles m\u00e9t\u00e9orologiques. Les t\u00e9moignages des riverains et les donn\u00e9es partag\u00e9es par les experts ont permis de mieux comprendre cet \u00e9clair exceptionnel.<\/p>\n<p>Les superbolts, bien que rares, soul\u00e8vent des questions sur la s\u00e9curit\u00e9 et la pr\u00e9paration face \u00e0 de tels \u00e9v\u00e9nements. Comment les infrastructures urbaines peuvent-elles r\u00e9sister \u00e0 des ph\u00e9nom\u00e8nes d\u2019une telle intensit\u00e9 ? Quels dispositifs de pr\u00e9vention pourraient \u00eatre mis en place pour minimiser les risques associ\u00e9s \u00e0 ces \u00e9clairs ? Ces interrogations restent ouvertes et n\u00e9cessitent une r\u00e9flexion approfondie.<\/p>\n<p>Alors que les superbolts continuent de fasciner et d\u2019intriguer, ils rappellent la puissance et l\u2019impr\u00e9visibilit\u00e9 de la nature. Ces ph\u00e9nom\u00e8nes exceptionnels soul\u00e8vent des questions sur notre compr\u00e9hension actuelle des orages et des \u00e9clairs. Quelle sera la prochaine \u00e9tape pour les chercheurs dans l\u2019\u00e9tude des superbolts, et comment la technologie peut-elle s\u2019adapter pour percer les myst\u00e8res de ces \u00e9clairs extraordinaires ?<\/p>\n<p>Cet article s\u2019appuie sur des sources v\u00e9rifi\u00e9es et l\u2019assistance de technologies \u00e9ditoriales.<\/p>\n<p id=\"rating\">\u00c7a vous a plu ?\u00a04.4\/5 (28)<\/p>\n","protected":false},"excerpt":{"rendered":"EN BREF \ud83c\udf29\ufe0f Un superbolt a frapp\u00e9 Marseille, r\u00e9veillant la ville avec une intensit\u00e9 exceptionnelle. \ud83d\udd0d Les superbolts&hellip;\n","protected":false},"author":2,"featured_media":370932,"comment_status":"","ping_status":"","sticky":false,"template":"","format":"standard","meta":{"footnotes":""},"categories":[2814],"tags":[1111,11,1777,674,1011,27,884,12,882,25],"class_list":{"0":"post-370931","1":"post","2":"type-post","3":"status-publish","4":"format-standard","5":"has-post-thumbnail","7":"category-marseille","8":"tag-actu","9":"tag-actualites","10":"tag-eu","11":"tag-europe","12":"tag-fr","13":"tag-france","14":"tag-marseille","15":"tag-news","16":"tag-provence-alpes-cote-dazur","17":"tag-republique-francaise"},"share_on_mastodon":{"url":"https:\/\/pubeurope.com\/@fr\/115158134525965277","error":""},"_links":{"self":[{"href":"https:\/\/www.europesays.com\/fr\/wp-json\/wp\/v2\/posts\/370931","targetHints":{"allow":["GET"]}}],"collection":[{"href":"https:\/\/www.europesays.com\/fr\/wp-json\/wp\/v2\/posts"}],"about":[{"href":"https:\/\/www.europesays.com\/fr\/wp-json\/wp\/v2\/types\/post"}],"author":[{"embeddable":true,"href":"https:\/\/www.europesays.com\/fr\/wp-json\/wp\/v2\/users\/2"}],"replies":[{"embeddable":true,"href":"https:\/\/www.europesays.com\/fr\/wp-json\/wp\/v2\/comments?post=370931"}],"version-history":[{"count":0,"href":"https:\/\/www.europesays.com\/fr\/wp-json\/wp\/v2\/posts\/370931\/revisions"}],"wp:featuredmedia":[{"embeddable":true,"href":"https:\/\/www.europesays.com\/fr\/wp-json\/wp\/v2\/media\/370932"}],"wp:attachment":[{"href":"https:\/\/www.europesays.com\/fr\/wp-json\/wp\/v2\/media?parent=370931"}],"wp:term":[{"taxonomy":"category","embeddable":true,"href":"https:\/\/www.europesays.com\/fr\/wp-json\/wp\/v2\/categories?post=370931"},{"taxonomy":"post_tag","embeddable":true,"href":"https:\/\/www.europesays.com\/fr\/wp-json\/wp\/v2\/tags?post=370931"}],"curies":[{"name":"wp","href":"https:\/\/api.w.org\/{rel}","templated":true}]}}