{"id":370933,"date":"2025-09-06T15:47:11","date_gmt":"2025-09-06T15:47:11","guid":{"rendered":"https:\/\/www.europesays.com\/fr\/370933\/"},"modified":"2025-09-06T15:47:11","modified_gmt":"2025-09-06T15:47:11","slug":"lyon-deux-etudiants-devant-la-justice-pour-avoir-casse-le-doigt-dun-voisin-lors-dune-dispute","status":"publish","type":"post","link":"https:\/\/www.europesays.com\/fr\/370933\/","title":{"rendered":"Lyon : deux \u00e9tudiants devant la justice pour avoir cass\u00e9 le doigt d\u2019un voisin lors d\u2019une dispute"},"content":{"rendered":"<p>                            <img loading=\"lazy\" width=\"1080\" height=\"675\" class=\"attachment-article size-article wp-post-image lazyload\" alt=\"Policiers. @Hugo LAUBEPIN\" decoding=\"async\" src=\"https:\/\/www.europesays.com\/fr\/wp-content\/uploads\/2025\/06\/POlice-copie-e1687266383243.jpg\" data-eio-rwidth=\"1080\" data-eio-rheight=\"675\"\/><\/p>\n<p>Policiers au palais de justice de Lyon<br \/>\n@Hugo LAUBEPIN<\/p>\n<p class=\"content\" style=\"font-size:1.2em;font-weight:700\">Deux jeunes hommes d\u2019une vingtaine d\u2019ann\u00e9es comparaissaient devant le tribunal correctionnel de Lyon mercredi 3 septembre. Ils sont suspect\u00e9s de violence en r\u00e9union sur l\u2019un de leur voisin.<\/p>\n<p>Les faits remontent au 18 octobre 2024 alors qu\u2019un groupe d\u2019amis c\u00e9l\u00e8bre un anniversaire dans un appartement situ\u00e9 \u00e0 proximit\u00e9 de la place Bellecour, dans le 2e arrondissement de Lyon. D\u2019apr\u00e8s <a href=\"https:\/\/c.leprogres.fr\/faits-divers-justice\/2025\/09\/06\/un-voisin-demande-le-silence-et-se-fait-casser-un-doigt-deux-etudiants-devant-la-justice?at_content=link&amp;at_term=leprogreslyon&amp;at_campaign=Twitter&amp;at_medium=Social&amp;at_source=nonli\" target=\"_blank\" rel=\"noreferrer noopener nofollow\">Le Progr\u00e8s<\/a>, le groupe, dont les deux mis en cause, descend attendre un bus pour se rendre en bo\u00eete de nuit. C&rsquo;est \u00e0 ce moment-l\u00e0 que les choses ont d\u00e9rap\u00e9. <\/p>\n<p>21 jours d&rsquo;ITT d\u00e9livr\u00e9s \u00e0 la victime<\/p>\n<p>Malgr\u00e9 les demandes r\u00e9p\u00e9t\u00e9es de l\u2019une des voisines, les rires des jeunes r\u00e9sonnent en effet dans la cour. Son mari, \u00e2g\u00e9 d\u2019une cinquantaine d\u2019ann\u00e9es, sort alors pour demander au groupe de faire moins de bruit. Si les circonstances restent encore floues, le mari est pourtant remont\u00e9 chez lui avec un doigt fractur\u00e9, n\u00e9cessitant une op\u00e9ration, et des ecchymoses au visage. 21 jours d\u2019ITT lui ont par ailleurs \u00e9t\u00e9 d\u00e9livr\u00e9s.<\/p>\n<p>Les deux suspects ont \u00e9t\u00e9 interpell\u00e9s quelques mois plus tard. Convoqu\u00e9s devant le tribunal correctionnel de Lyon le 3 septembre dernier, ils nient les faits et assurent que c\u2019est bien le voisin qui aurait \u00e9t\u00e9 violent en premier. Le parquet a requis six mois de prison assortie d\u2019un sursis simple pour les deux \u00e9tudiants. Le d\u00e9lib\u00e9r\u00e9 sera rendu le 24 septembre.<\/p>\n","protected":false},"excerpt":{"rendered":"Policiers au palais de justice de Lyon @Hugo LAUBEPIN Deux jeunes hommes d\u2019une vingtaine d\u2019ann\u00e9es comparaissaient devant le&hellip;\n","protected":false},"author":2,"featured_media":177475,"comment_status":"","ping_status":"","sticky":false,"template":"","format":"standard","meta":{"footnotes":""},"categories":[1889],"tags":[1111,11,2430,1777,674,1011,27,2428,12,25],"class_list":{"0":"post-370933","1":"post","2":"type-post","3":"status-publish","4":"format-standard","5":"has-post-thumbnail","7":"category-lyon","8":"tag-actu","9":"tag-actualites","10":"tag-auvergne-rhone-alpes","11":"tag-eu","12":"tag-europe","13":"tag-fr","14":"tag-france","15":"tag-lyon","16":"tag-news","17":"tag-republique-francaise"},"share_on_mastodon":{"url":"https:\/\/pubeurope.com\/@fr\/115158138467721327","error":""},"_links":{"self":[{"href":"https:\/\/www.europesays.com\/fr\/wp-json\/wp\/v2\/posts\/370933","targetHints":{"allow":["GET"]}}],"collection":[{"href":"https:\/\/www.europesays.com\/fr\/wp-json\/wp\/v2\/posts"}],"about":[{"href":"https:\/\/www.europesays.com\/fr\/wp-json\/wp\/v2\/types\/post"}],"author":[{"embeddable":true,"href":"https:\/\/www.europesays.com\/fr\/wp-json\/wp\/v2\/users\/2"}],"replies":[{"embeddable":true,"href":"https:\/\/www.europesays.com\/fr\/wp-json\/wp\/v2\/comments?post=370933"}],"version-history":[{"count":0,"href":"https:\/\/www.europesays.com\/fr\/wp-json\/wp\/v2\/posts\/370933\/revisions"}],"wp:featuredmedia":[{"embeddable":true,"href":"https:\/\/www.europesays.com\/fr\/wp-json\/wp\/v2\/media\/177475"}],"wp:attachment":[{"href":"https:\/\/www.europesays.com\/fr\/wp-json\/wp\/v2\/media?parent=370933"}],"wp:term":[{"taxonomy":"category","embeddable":true,"href":"https:\/\/www.europesays.com\/fr\/wp-json\/wp\/v2\/categories?post=370933"},{"taxonomy":"post_tag","embeddable":true,"href":"https:\/\/www.europesays.com\/fr\/wp-json\/wp\/v2\/tags?post=370933"}],"curies":[{"name":"wp","href":"https:\/\/api.w.org\/{rel}","templated":true}]}}