{"id":370934,"date":"2025-09-06T15:48:24","date_gmt":"2025-09-06T15:48:24","guid":{"rendered":"https:\/\/www.europesays.com\/fr\/370934\/"},"modified":"2025-09-06T15:48:24","modified_gmt":"2025-09-06T15:48:24","slug":"municipales-a-lyon-jean-michel-aulas-met-le-cap-a-droite","status":"publish","type":"post","link":"https:\/\/www.europesays.com\/fr\/370934\/","title":{"rendered":"Municipales \u00e0 Lyon : Jean-Michel Aulas met le cap \u00e0 droite"},"content":{"rendered":"<p class=\"paragraph text_align_left lp-f-body-02\">Un pas de plus vers la candidature ? \u00ab Il n\u2019y a aucune officialisation. La seule confirmation, c\u2019est le ralliement de Pierre Oliver (LR) \u00bb, corrige imm\u00e9diatement l\u2019entourage de Jean-Michel Aulas, alors que ce jeudi, <a href=\"https:\/\/www.leparisien.fr\/elections\/municipales\/municipales-2026-lancien-president-de-lol-jean-michel-aulas-officialise-sa-candidature-a-lyon-04-09-2025-KR43S3TIYBHNRFT5BHHWRJXC6U.php\" target=\"_blank\" rel=\"noreferrer nofollow noopener\">l\u2019ex-pr\u00e9sident de l\u2019OL a r\u00e9affirm\u00e9 son envie \u00ab de se lancer \u00bb<\/a>, lors d\u2019une conf\u00e9rence de presse organis\u00e9e dans une brasserie de Lyon (Rh\u00f4ne).<\/p>\n<p class=\"paragraph text_align_left lp-f-body-02\">En attendant, c\u2019est donc un soutien de poids qui vient de le rejoindre : le maire LR du IIe arrondissement (Pierre Oliver, donc) qui a annonc\u00e9 \u00e0 cette occasion son ralliement au presque candidat Aulas. Poign\u00e9e de mains virile, sourire de circonstance face aux cam\u00e9ras, le jeune \u00e9lu de 28 ans \u2014 qui avait pourtant fait acte de candidature dans la capitale des Gaules &#8211; a fini par faire marche arri\u00e8re et se ranger derri\u00e8re l\u2019omnipotent homme d\u2019affaires lyonnais.<\/p>\n","protected":false},"excerpt":{"rendered":"Un pas de plus vers la candidature ? \u00ab Il n\u2019y a aucune officialisation. La seule confirmation, c\u2019est&hellip;\n","protected":false},"author":2,"featured_media":370935,"comment_status":"","ping_status":"","sticky":false,"template":"","format":"standard","meta":{"footnotes":""},"categories":[1889],"tags":[1111,11,2430,459,1777,674,1011,27,2428,12,316,25],"class_list":{"0":"post-370934","1":"post","2":"type-post","3":"status-publish","4":"format-standard","5":"has-post-thumbnail","7":"category-lyon","8":"tag-actu","9":"tag-actualites","10":"tag-auvergne-rhone-alpes","11":"tag-departements-horsidfo","12":"tag-eu","13":"tag-europe","14":"tag-fr","15":"tag-france","16":"tag-lyon","17":"tag-news","18":"tag-politique","19":"tag-republique-francaise"},"share_on_mastodon":{"url":"https:\/\/pubeurope.com\/@fr\/115158142388347642","error":""},"_links":{"self":[{"href":"https:\/\/www.europesays.com\/fr\/wp-json\/wp\/v2\/posts\/370934","targetHints":{"allow":["GET"]}}],"collection":[{"href":"https:\/\/www.europesays.com\/fr\/wp-json\/wp\/v2\/posts"}],"about":[{"href":"https:\/\/www.europesays.com\/fr\/wp-json\/wp\/v2\/types\/post"}],"author":[{"embeddable":true,"href":"https:\/\/www.europesays.com\/fr\/wp-json\/wp\/v2\/users\/2"}],"replies":[{"embeddable":true,"href":"https:\/\/www.europesays.com\/fr\/wp-json\/wp\/v2\/comments?post=370934"}],"version-history":[{"count":0,"href":"https:\/\/www.europesays.com\/fr\/wp-json\/wp\/v2\/posts\/370934\/revisions"}],"wp:featuredmedia":[{"embeddable":true,"href":"https:\/\/www.europesays.com\/fr\/wp-json\/wp\/v2\/media\/370935"}],"wp:attachment":[{"href":"https:\/\/www.europesays.com\/fr\/wp-json\/wp\/v2\/media?parent=370934"}],"wp:term":[{"taxonomy":"category","embeddable":true,"href":"https:\/\/www.europesays.com\/fr\/wp-json\/wp\/v2\/categories?post=370934"},{"taxonomy":"post_tag","embeddable":true,"href":"https:\/\/www.europesays.com\/fr\/wp-json\/wp\/v2\/tags?post=370934"}],"curies":[{"name":"wp","href":"https:\/\/api.w.org\/{rel}","templated":true}]}}