{"id":370942,"date":"2025-09-06T15:52:23","date_gmt":"2025-09-06T15:52:23","guid":{"rendered":"https:\/\/www.europesays.com\/fr\/370942\/"},"modified":"2025-09-06T15:52:23","modified_gmt":"2025-09-06T15:52:23","slug":"en-amical-contre-troyes-1-1-le-paris-fc-effectue-quelques-reglages-et-lance-traore-et-ikone","status":"publish","type":"post","link":"https:\/\/www.europesays.com\/fr\/370942\/","title":{"rendered":"En amical contre Troyes (1-1) le Paris FC effectue quelques r\u00e9glages et lance Traor\u00e9 et Ikon\u00e9"},"content":{"rendered":"<p class=\"paragraph text_align_left lp-f-body-02\">Le Paris FC a profit\u00e9 de la tr\u00eave internationale pour disputer ce vendredi un match amical \u00e0 huis clos contre Troyes (L2) dans son centre d\u2019entra\u00eenement \u00e0 Orly. Cinq jours apr\u00e8s son <a href=\"https:\/\/www.leparisien.fr\/sports\/football\/ligue-1\/paris-fc-metz-3-2-un-super-kebbal-apporte-un-premier-succes-au-promu-31-08-2025-I7A2CFE63ZBL3LP3ZGRZB64UQA.php\" target=\"_self\" rel=\"noopener\">premier succ\u00e8s de la saison en L1 contre Metz<\/a> au stade Jean-Bouin (3-2), le club de la capitale a \u00e9t\u00e9 tenu en \u00e9chec (1-1) face au 6e de L2.<\/p>\n<p class=\"paragraph text_align_left lp-f-body-02\">L\u2019entra\u00eeneur St\u00e9phane Gilli avait opt\u00e9 pour un 4-4-2 au lieu de son habituel 4-3-3. Cette rencontre \u00e9tait l\u2019occasion de donner du temps de jeu \u00e0 ceux qui avaient peu ou pas particip\u00e9 aux trois premi\u00e8res journ\u00e9es. Parmi le onze titulaire, seuls Adama Camara et Thibault De Smet avaient d\u00e9marr\u00e9 contre Metz.<\/p>\n<p class=\"paragraph text_align_left lp-f-body-02\">\u00ab C\u2019\u00e9tait un bon match avec de bons enseignements. J\u2019attendais de la rigueur et de la discipline, il y a eu de bonnes choses et d\u2019autres moins bonnes, d\u00e9clare l\u2019entra\u00eeneur parisien. Il a manqu\u00e9 un peu d\u2019agressivit\u00e9 devant. On a d\u00e9j\u00e0 analys\u00e9 \u00e7a et il faut continuer \u00e0 travailler. \u00bb<\/p>\n<p class=\"paragraph text_align_left lp-f-body-02\">Les deux derni\u00e8res recrues Hamari Traor\u00e9 (Real Sociedad) et Jonathan Ikon\u00e9 (Fiorentina) ont disput\u00e9 leurs premi\u00e8res minutes sous leurs nouvelles couleurs. Le lat\u00e9ral droit Hamari, qui a fait ses d\u00e9buts en France au Paris FC en National (en 2012-2013), a disput\u00e9 les 45 premi\u00e8res minutes avant de sortir. Plac\u00e9 haut sur le terrain, l\u2019ex-joueur de la Real Sociedad n\u2019a pas touch\u00e9 \u00e9norm\u00e9ment de ballons lors d\u2019un premier acte o\u00f9 les Troyens se sont montr\u00e9s dangereux \u00e0 quelques reprises.<\/p>\n<p class=\"paragraph text_align_left lp-f-body-02\">Jonathan Ikon\u00e9, ancien partenaire d\u2019attaque de Kylian Mbapp\u00e9 \u00e0 l\u2019AS Bondy durant sa jeunesse, est, lui, entr\u00e9 en jeu \u00e0 vingt minutes de la fin. Le milieu offensif international (4 s\u00e9lections) a \u00e9volu\u00e9 aux c\u00f4t\u00e9s de Geubbels sur le front de l\u2019attaque avant de redescendre d\u2019un cran. Sa technique et sa justesse de passe seront des atouts certains pour le PFC dans les prochaines semaines.<\/p>\n<p class=\"paragraph text_align_left lp-f-body-02\">\u00ab Hamari et Jonathan n\u2019avaient pas fait de match de pr\u00e9paration, indique St\u00e9phane Gilli. J\u2019ai bien aim\u00e9 Hamari, il am\u00e8ne de l\u2019\u00e9nergie et sait imm\u00e9diatement adopter les principes de jeu. Jonathan va devoir travailler pour rattraper le rythme car il \u00e9tait un peu \u00e0 l\u2019\u00e9cart \u00e0 la Fiorentina. Les qualit\u00e9s de ces deux joueurs ne sont plus \u00e0 d\u00e9montrer. Je suis tr\u00e8s content de ces deux arriv\u00e9es. \u00c0 eux de retrouver leur niveau mais je ne me fais pas de soucis l\u00e0-dessus. \u00bb<\/p>\n<p class=\"paragraph text_align_left lp-f-body-02\">Si Ikon\u00e9 est trop juste pour postuler au match \u00e0 Brest dans neuf jours, Traor\u00e9 devrait, lui, faire partie du groupe. \u00ab Cela fait un moment qu\u2019on attend pour ce poste (lat\u00e9ral droit) mais il ne faut pas faire n\u2019importe quoi, annonce Gilli. Parfois une blessure peut arriver quand on veut trop anticiper. On verra dans la semaine. C\u2019est une possibilit\u00e9. \u00bb<\/p>\n<p class=\"paragraph text_align_left lp-f-body-02\">D\u2019ici l\u00e0, les Parisiens b\u00e9n\u00e9ficient de trois jours de repos avant la reprise de l\u2019entra\u00eenement \u00e0 Orly mardi matin. Le PFC (15e, une victoire et deux d\u00e9faites) se rendra le dimanche 14 septembre \u00e0 Brest (17e) pour le compte de la 4e journ\u00e9e.<\/p>\n<p class=\"paragraph text_align_left lp-f-body-02\"><b>PARIS FC (L1) &#8211; TROYES (L2) : 1-1 (0-1). <\/b>Arbitre. M. Paradis.<\/p>\n<p class=\"paragraph text_align_left lp-f-body-02\"><b>Buts. <\/b>Paris FC : Krasso (51e) ; Troyes : Bentayeb (7e).<\/p>\n<p class=\"paragraph text_align_left lp-f-body-02\"><b>Paris FC : <\/b>Nkambadio (Trapp, 46e) &#8211; Ollila (Otavio, 62e), Kolodziejczak (cap.), De Smet, Traor\u00e9 (Pemb\u00e9l\u00e9, 46e) &#8211; Camara (Gory, 62e), Lees Melou (Doucet, 69e), Cafaro (Ikone, 62e), J. Lopez (M. Lopez, 62e puis Camara, 86e) &#8211; Krasso (Geubbels, 62e), Dicko (Gueye, 69e). <b>Entr. :<\/b> Gilli.<\/p>\n","protected":false},"excerpt":{"rendered":"Le Paris FC a profit\u00e9 de la tr\u00eave internationale pour disputer ce vendredi un match amical \u00e0 huis&hellip;\n","protected":false},"author":2,"featured_media":370943,"comment_status":"","ping_status":"","sticky":false,"template":"","format":"standard","meta":{"footnotes":""},"categories":[1888],"tags":[1111,1928,11,1927,1777,674,63,1011,27,12,1926,626,445,1925,25,60],"class_list":{"0":"post-370942","1":"post","2":"type-post","3":"status-publish","4":"format-standard","5":"has-post-thumbnail","7":"category-paris","8":"tag-actu","9":"tag-actu-paris","10":"tag-actualites","11":"tag-actualites-paris","12":"tag-eu","13":"tag-europe","14":"tag-football","15":"tag-fr","16":"tag-france","17":"tag-news","18":"tag-news-paris","19":"tag-paris","20":"tag-paris-fc","21":"tag-paris-news","22":"tag-republique-francaise","23":"tag-sports"},"share_on_mastodon":{"url":"https:\/\/pubeurope.com\/@fr\/115158158183624574","error":""},"_links":{"self":[{"href":"https:\/\/www.europesays.com\/fr\/wp-json\/wp\/v2\/posts\/370942","targetHints":{"allow":["GET"]}}],"collection":[{"href":"https:\/\/www.europesays.com\/fr\/wp-json\/wp\/v2\/posts"}],"about":[{"href":"https:\/\/www.europesays.com\/fr\/wp-json\/wp\/v2\/types\/post"}],"author":[{"embeddable":true,"href":"https:\/\/www.europesays.com\/fr\/wp-json\/wp\/v2\/users\/2"}],"replies":[{"embeddable":true,"href":"https:\/\/www.europesays.com\/fr\/wp-json\/wp\/v2\/comments?post=370942"}],"version-history":[{"count":0,"href":"https:\/\/www.europesays.com\/fr\/wp-json\/wp\/v2\/posts\/370942\/revisions"}],"wp:featuredmedia":[{"embeddable":true,"href":"https:\/\/www.europesays.com\/fr\/wp-json\/wp\/v2\/media\/370943"}],"wp:attachment":[{"href":"https:\/\/www.europesays.com\/fr\/wp-json\/wp\/v2\/media?parent=370942"}],"wp:term":[{"taxonomy":"category","embeddable":true,"href":"https:\/\/www.europesays.com\/fr\/wp-json\/wp\/v2\/categories?post=370942"},{"taxonomy":"post_tag","embeddable":true,"href":"https:\/\/www.europesays.com\/fr\/wp-json\/wp\/v2\/tags?post=370942"}],"curies":[{"name":"wp","href":"https:\/\/api.w.org\/{rel}","templated":true}]}}