{"id":370944,"date":"2025-09-06T15:53:20","date_gmt":"2025-09-06T15:53:20","guid":{"rendered":"https:\/\/www.europesays.com\/fr\/370944\/"},"modified":"2025-09-06T15:53:20","modified_gmt":"2025-09-06T15:53:20","slug":"montre-jaeger-lecoultre-champagne-grand-vefour-les-etonnantes-depenses-de-la-chambre-regionale-des-commissaires-de-justice-de-paris","status":"publish","type":"post","link":"https:\/\/www.europesays.com\/fr\/370944\/","title":{"rendered":"Montre Jaeger-LeCoultre, champagne \u00ab\u00a0Grand V\u00e9four\u00a0\u00bb\u00a0: les \u00e9tonnantes d\u00e9penses de la Chambre r\u00e9gionale des commissaires de justice de Paris"},"content":{"rendered":"<p class=\"paragraph text_align_left lp-f-body-02\">Voil\u00e0 plusieurs mois que les rumeurs de corruption et d\u00e9tournement de fonds publics au sein de la Chambre r\u00e9gionale des commissaires de justice (CRCJ) de Paris, pr\u00e9sid\u00e9e par Denis Calippe, enflent. Cette structure regroupe les commissaires de justice des d\u00e9partements de Paris, Seine-et-Marne, de l\u2019Yonne, de l\u2019Essonne, de Seine-Saint-Denis et du Val-de-Marne.<\/p>\n<p class=\"paragraph text_align_left lp-f-body-02\">Depuis 2022, les professions d\u2019huissiers et de commissaires-priseurs judiciaires ont \u00e9t\u00e9 fusionn\u00e9es pour cr\u00e9er celle de commissaire de justice, un officier public et minist\u00e9riel, nomm\u00e9 par le ministre de la Justice, qui proc\u00e8de \u00e0 l\u2019ex\u00e9cution des d\u00e9cisions de justice et des titres ex\u00e9cutoires ainsi qu\u2019aux ventes judiciaires.<\/p>\n<p class=\"paragraph text_align_left lp-f-body-02\">Face aux rumeurs qui courent, un important office de commissaire de justice, en partie plac\u00e9e sous le contr\u00f4le de la CRCJ de Paris, s\u2019est pench\u00e9 sur les livres de comptes de la CRCJ de Paris de 2021 \u00e0 2024. Et certaines d\u00e9penses n\u2019ont pas manqu\u00e9 de susciter son \u00e9tonnement. \u00c0 tel point que, le 20 ao\u00fbt dernier, cette \u00e9tude a d\u00e9pos\u00e9 plainte aupr\u00e8s du parquet de Paris pour \u00ab d\u00e9tournement de biens par une personne charg\u00e9e d\u2019une mission de service public \u00bb, \u00ab prise ill\u00e9gale d\u2019int\u00e9r\u00eats \u00bb, et \u00ab recel de ces infractions \u00bb.<\/p>\n<p>Une montre \u00e0 plus de 12 000 euros<\/p>\n<p class=\"paragraph text_align_left lp-f-body-02\">Selon la plainte et les extraits de comptes, consult\u00e9s par Le Parisien, \u00ab plusieurs d\u00e9penses r\u00e9cr\u00e9atives et ostentatoires ont \u00e9t\u00e9 r\u00e9alis\u00e9es sous couvert de cadeaux \u00bb. C\u2019est le cas le 7 juin 2022, o\u00f9 pr\u00e8s de 2 790 euros de cadeaux ont \u00e9t\u00e9 offerts au nom de la Chambre des huissiers de Paris.<\/p>\n<p class=\"lp-card-podcast-highlighting__title  lp-f-subtitle-05\">[1\/6] Jubillar\u00a0: de la disparition au proc\u00e8s, une affaire sans corps ni aveux<\/p>\n<p class=\"lp-card-podcast-highlighting__description lp-f-ui-05\">Crime story raconte chaque semaine les grandes affaires criminelles.<\/p>\n<p><a class=\"lp-card-podcast-highlighting__call-to-action\" data-page-type=\"HP\" data-block-name=\"podcast-highlight\">\u00c9couter<\/a><\/p>\n<p class=\"paragraph text_align_left lp-f-body-02\">Pour la seule journ\u00e9e du 24 novembre 2022, une montre Jaeger-LeCoultre a \u00e9t\u00e9 achet\u00e9e pour 12 150 euros et un repas de pr\u00e8s de 3 244 euros au restaurant gastronomique \u00ab Le Grand V\u00e9four \u00bb a \u00e9t\u00e9 financ\u00e9 par la chambre. Le 31 juillet, c\u2019est un cadeau de \u00ab d\u00e9part \u00bb de la marque de luxe Herm\u00e8s, d\u2019un montant de 1 100 euros, qui a \u00e9t\u00e9 achet\u00e9. Le 22 d\u00e9cembre de la m\u00eame ann\u00e9e, \u00e0 quelques jours de No\u00ebl, 7 292 euros ont \u00e9t\u00e9 d\u00e9penses pour du champagne.<\/p>\n<p class=\"paragraph text_align_left lp-f-body-02\">En septembre 2024, la Chambre des huissiers de Paris a \u00e9galement d\u00e9pens\u00e9 314 euros pour une session de \u00ab ball-trap \u00bb, une pratique consiste \u00e0 tirer sur des plateaux d\u2019argile ou des cibles mouvantes \u00e0 l\u2019aide d\u2019armes de chasse, \u00e0 Vouzon dans le Loir-et-Cher.<\/p>\n<p class=\"paragraph text_align_left lp-f-body-02\">En parall\u00e8le de \u00ab ces cadeaux et d\u00e9penses de complaisance \u00bb, les comptes r\u00e9v\u00e8lent \u00e9galement des \u00ab g\u00e9n\u00e9reuses d\u00e9penses disproportionn\u00e9es d\u00e9pourvues de lien avec l\u2019int\u00e9r\u00eat de la CRCJ de Paris \u00bb, selon la plainte. Elle mentionne un pourboire de 750 euros \u00e0 des d\u00e9m\u00e9nageurs le 31 d\u00e9cembre 2022 et 1 000 euros d\u2019\u00e9trennes \u00e0 l\u2019attention de la gardienne le 17 f\u00e9vrier 2023.<\/p>\n<p>Des d\u00e9penses \u00ab justifi\u00e9es et vot\u00e9es coll\u00e9gialement \u00bb<\/p>\n<p class=\"paragraph text_align_left lp-f-body-02\">Des d\u00e9penses \u00ab exorbitantes \u00bb, selon la plainte, d\u2019un montant total de plus de 25 000 euros, qui ne sont pas \u00ab n\u00e9cessaires au fonctionnement de la Chambre ou l\u2019int\u00e9r\u00eat collectif et la mission de cette derni\u00e8re \u00bb et qui s\u2019apparente \u00e0 du \u00ab d\u00e9tournement de fonds en bande organis\u00e9e \u00bb.<\/p>\n<p class=\"paragraph text_align_left lp-f-body-02\">Mais pour le pr\u00e9sident Denis Calippe, interrog\u00e9 par Le Parisien, ces d\u00e9penses \u00ab s\u2019\u00e9talent sur cinq ans \u00bb. \u00ab Elles ont toutes \u00e9t\u00e9 justifi\u00e9es et vot\u00e9es coll\u00e9gialement \u00bb, ajoute-t-il. C\u2019est d\u2019ailleurs le cas de la montre, selon lui, \u00ab une tradition qui remonte \u00e0 plus de 50 ans \u00bb. \u00ab Quand il partait, la tradition voulait que le pr\u00e9sident soit remerci\u00e9 (\u2026) pour \u00e7a, on lui offrait une montre \u00bb, explique le pr\u00e9sident de la CRCJ de Paris.<\/p>\n<p class=\"paragraph text_align_left lp-f-body-02\">\u00ab Le restaurant Le Grand V\u00e9four, c\u2019\u00e9tait notre locataire dans l\u2019immeuble depuis un si\u00e8cle \u00bb, explique Denis Calippe, qui \u00e9voque \u00ab un d\u00eener d\u2019adieu \u00bb offert \u00e0 une quinzaine de membres de la Chambre \u00ab avant la vente du b\u00e2timent \u00bb. \u00ab Le Grand V\u00e9four a \u00e9t\u00e9 choisi de mani\u00e8re exceptionnelle et circonstancielle pour ce repas \u00bb, ajoute-t-il.<\/p>\n<p class=\"paragraph text_align_left lp-f-body-02\">Quant aux sommes vers\u00e9es aux d\u00e9m\u00e9nageurs et \u00e0 la gardienne, elles correspondent \u00e0 \u00ab des prestations suppl\u00e9mentaires \u00bb et \u00e0 \u00ab des services rendus \u00bb, justifie le pr\u00e9sident de la CRCJ de Paris. \u00ab Ce sont donc des montants li\u00e9s soit \u00e0 des usages, soit \u00e0 des \u00e9v\u00e9nements pr\u00e9cis dont certains exceptionnels \u00bb, insiste-t-il.<\/p>\n<p>Des \u00ab jetons de pr\u00e9sence \u00bb<\/p>\n<p class=\"paragraph text_align_left lp-f-body-02\">L\u2019un des autres volets de la plainte, ce sont \u00ab les jetons de pr\u00e9sence \u00bb. Selon la plainte, la chambre r\u00e9gionale aurait vers\u00e9 \u00e0 ses membres pr\u00e8s de 366 000 euros entre 2022 et 2024, alors m\u00eame que la loi pr\u00e9voit \u00ab la gratuit\u00e9 de leurs fonctions \u00bb.<\/p>\n<p class=\"paragraph text_align_left lp-f-body-02\">Car si depuis le 22 novembre 2024, une indemnit\u00e9 peut d\u00e9sormais \u00eatre vers\u00e9e aux membres du bureau ainsi qu\u2019aux d\u00e9l\u00e9gu\u00e9s, \u00ab sur d\u00e9cision de son assembl\u00e9e g\u00e9n\u00e9rale \u00bb, \u00ab ces jetons de pr\u00e9sence ont \u00e9t\u00e9 vers\u00e9s avant cette date \u00bb, explique une source proche du dossier. Ces \u00ab d\u00e9penses non autoris\u00e9es (\u2026) constituent un d\u00e9tournement des fonds \u00bb, estime la plainte.<\/p>\n<p class=\"paragraph text_align_left lp-f-body-02\">Interrog\u00e9, Denis Calippe mart\u00e8le que ces indemnit\u00e9s, \u00ab l\u00e9gales \u00bb, ont \u00e9t\u00e9 \u00ab vot\u00e9es en Assembl\u00e9e g\u00e9n\u00e9rale \u00bb. Elles couvrent \u00ab les d\u00e9placements et les travaux accomplis mensuellement au service de la compagnie \u00bb, a-t-il justifi\u00e9 aupr\u00e8s du Parisien, \u00e9voquant 511 000 euros d\u2019indemnit\u00e9s, dont celle du pr\u00e9sident, vers\u00e9s entre 2022 \u00e0 2024.<\/p>\n<p>La CRCJ dans le viseur de la justice<\/p>\n<p class=\"paragraph text_align_left lp-f-body-02\">Si ces d\u00e9penses interrogent, c\u2019est que la chambre r\u00e9gionale des huissiers de justice de Paris est d\u00e9j\u00e0 dans le viseur de la justice. En juin dernier, une plainte a \u00e9t\u00e9 d\u00e9pos\u00e9e par des commissaires de justice de l\u2019Essonne contre la CRCJ de Paris pour escroquerie, abus de confiance, prise ill\u00e9gale d\u2019int\u00e9r\u00eats et d\u00e9tournements de fonds publics.<\/p>\n<p class=\"paragraph text_align_left lp-f-body-02\">Selon <a href=\"https:\/\/www.lecanardenchaine.fr\/police-justice\/51161-la-gueguerre-des-huissiers-finit-au-tribunal\" target=\"_blank\" rel=\"noreferrer nofollow noopener\">nos confr\u00e8res du Canard Encha\u00een\u00e9, qui ont r\u00e9v\u00e9l\u00e9 l\u2019affaire<\/a>, la justice enqu\u00eate notamment sur la vente en 2022 de l\u2019ancien si\u00e8ge de la chambre r\u00e9gionale des huissiers de justice de Paris, situ\u00e9 dans le 1er arrondissement \u00e0 deux pas du jardin du Palais Royal, dont une partie des b\u00e9n\u00e9fices s\u2019est \u00e9vapor\u00e9e. Contact\u00e9, le parquet de Paris n\u2019a pas r\u00e9pondu \u00e0 nos sollicitations. <\/p>\n<p class=\"paragraph text_align_left lp-f-body-02\">Quant \u00e0 Denis Calippe, il doit \u00e9galement compara\u00eetre, en f\u00e9vrier 2026, devant le tribunal judiciaire de Paris pour \u00ab complicit\u00e9 d\u2019usurpation de titre d\u2019expert-comptable \u00bb et \u00ab complicit\u00e9 de faux en \u00e9criture publique et usage \u00bb.<\/p>\n","protected":false},"excerpt":{"rendered":"Voil\u00e0 plusieurs mois que les rumeurs de corruption et d\u00e9tournement de fonds publics au sein de la Chambre&hellip;\n","protected":false},"author":2,"featured_media":370945,"comment_status":"","ping_status":"","sticky":false,"template":"","format":"standard","meta":{"footnotes":""},"categories":[1888],"tags":[11,1777,674,118,1011,27,12,626,25],"class_list":{"0":"post-370944","1":"post","2":"type-post","3":"status-publish","4":"format-standard","5":"has-post-thumbnail","7":"category-paris","8":"tag-actualites","9":"tag-eu","10":"tag-europe","11":"tag-faits-divers","12":"tag-fr","13":"tag-france","14":"tag-news","15":"tag-paris","16":"tag-republique-francaise"},"share_on_mastodon":{"url":"https:\/\/pubeurope.com\/@fr\/115158162229814228","error":""},"_links":{"self":[{"href":"https:\/\/www.europesays.com\/fr\/wp-json\/wp\/v2\/posts\/370944","targetHints":{"allow":["GET"]}}],"collection":[{"href":"https:\/\/www.europesays.com\/fr\/wp-json\/wp\/v2\/posts"}],"about":[{"href":"https:\/\/www.europesays.com\/fr\/wp-json\/wp\/v2\/types\/post"}],"author":[{"embeddable":true,"href":"https:\/\/www.europesays.com\/fr\/wp-json\/wp\/v2\/users\/2"}],"replies":[{"embeddable":true,"href":"https:\/\/www.europesays.com\/fr\/wp-json\/wp\/v2\/comments?post=370944"}],"version-history":[{"count":0,"href":"https:\/\/www.europesays.com\/fr\/wp-json\/wp\/v2\/posts\/370944\/revisions"}],"wp:featuredmedia":[{"embeddable":true,"href":"https:\/\/www.europesays.com\/fr\/wp-json\/wp\/v2\/media\/370945"}],"wp:attachment":[{"href":"https:\/\/www.europesays.com\/fr\/wp-json\/wp\/v2\/media?parent=370944"}],"wp:term":[{"taxonomy":"category","embeddable":true,"href":"https:\/\/www.europesays.com\/fr\/wp-json\/wp\/v2\/categories?post=370944"},{"taxonomy":"post_tag","embeddable":true,"href":"https:\/\/www.europesays.com\/fr\/wp-json\/wp\/v2\/tags?post=370944"}],"curies":[{"name":"wp","href":"https:\/\/api.w.org\/{rel}","templated":true}]}}