{"id":370946,"date":"2025-09-06T15:54:10","date_gmt":"2025-09-06T15:54:10","guid":{"rendered":"https:\/\/www.europesays.com\/fr\/370946\/"},"modified":"2025-09-06T15:54:10","modified_gmt":"2025-09-06T15:54:10","slug":"imavov-saint-denis-suivez-levenement-du-mma-francais-en-live","status":"publish","type":"post","link":"https:\/\/www.europesays.com\/fr\/370946\/","title":{"rendered":"Imavov, Saint Denis&#8230; Suivez l&rsquo;\u00e9v\u00e9nement du MMA fran\u00e7ais en live"},"content":{"rendered":"<p>14h58<\/p>\n<p>Favelas, burgers et Mak\u00e9l\u00e9l\u00e9&#8230; Comment Imavov a muscl\u00e9 son jeu en dehors de la cage<\/p>\n<p>Longtemps discret, pr\u00e9f\u00e9rant l&rsquo;ombre \u00e0 l&rsquo;exposition, et persuad\u00e9 que seules ses performances dans l\u2019octogone comptaient, Nassourdine Imavov a davantage jou\u00e9 le jeu de la communication ces derniers mois, dans les m\u00e9dias et sur les r\u00e9seaux sociaux, r\u00e9pondant m\u00eame avec humour \u00e0 son futur adversaire Caio Borralho. Avant l\u2019UFC Paris 2025 (ce samedi 6 septembre sur RMC Sport), dont il sera la t\u00eate d\u2019affiche, le combattant fran\u00e7ais a vu sa cote de popularit\u00e9 en b\u00e9n\u00e9ficier.<\/p>\n<p><a href=\"https:\/\/rmcsport.bfmtv.com\/sports-de-combat\/mma\/ufc\/ufc-paris-2025-favelas-burgers-et-makelele-comment-imavov-a-muscle-son-jeu-en-dehors-de-la-cage_AV-202509040041.html\" title=\"UFC Paris 2025: favelas, burgers et Mak\u00e9l\u00e9l\u00e9... Comment Imavov a muscl\u00e9 son jeu en dehors de la cage\" class=\"internal_link\" rel=\"nofollow noopener\" target=\"_blank\">&gt;&gt; Comment Imavov a muscl\u00e9 son jeu en dehors de la cage<\/a><\/p>\n<p>14h49<\/p>\n<p>Qui sont les Fighting Nerds, ces combattants br\u00e9siliens qui veulent mater les Fran\u00e7ais \u00e0 Bercy?<\/p>\n<p>Les Fran\u00e7ais Nassourdine Imavov et Beno\u00eet Saint Denis affronteront lors de l&rsquo;UFC Paris 4 les Br\u00e9siliens Caio Borralho et Mauricio Ruffy, deux membres des Fighting Nerds, le collectif de combattants le plus en vue du moment. Derri\u00e8re ce surnom? Une salle d&rsquo;entra\u00eenement de S\u00e3o Paulo qui fa\u00e7onne les champions, un \u00e9tat d&rsquo;esprit singulier, et&#8230; une paire de lunettes. Bienvenue chez les geeks les plus dangereux du monde.<\/p>\n<p><a href=\"https:\/\/rmcsport.bfmtv.com\/sports-de-combat\/mma\/ufc\/ufc-paris-4-lunettes-rafistolees-marketing-travaille-qui-sont-les-fighting-nerds-ces-combattants-bresiliens-qui-veulent-mater-les-francais-a-bercy_AV-202509020002.html\" title=\"UFC Paris 2025: lunettes rafistol\u00e9es, tactiques millim\u00e9tr\u00e9es... Qui sont les Fighting Nerds, ces combattants br\u00e9siliens qui veulent mater les Fran\u00e7ais \u00e0 Bercy?\" class=\"internal_link\" rel=\"nofollow noopener\" target=\"_blank\">&gt;&gt; Lunettes rafistol\u00e9es, tactiques millim\u00e9tr\u00e9es&#8230; Qui sont les Fighting Nerds, ces combattants br\u00e9siliens qui veulent mater les Fran\u00e7ais \u00e0 Bercy?<\/a><\/p>\n<p>14h48<\/p>\n<p>Comment Oumar Sy veut rebondir apr\u00e8s sa premi\u00e8re d\u00e9faite<\/p>\n<p>Apr\u00e8s des d\u00e9buts impressionnants \u00e0 l&rsquo;UFC, le Fran\u00e7ais Oumar Sy a connu le go\u00fbt amer de la d\u00e9faite pour la premi\u00e8re fois face \u00e0 Alonzo Menifield en juin dernier. Le Fran\u00e7ais veut profiter de l&rsquo;UFC Paris 4 pour \u00ab\u00a0remettre les pendules \u00e0 l&rsquo;heure\u00a0\u00bb.<\/p>\n<p><a href=\"https:\/\/rmcsport.bfmtv.com\/sports-de-combat\/mma\/ufc\/ufc-paris-2025-tuer-ou-etre-tue-comment-oumar-sy-veut-rebondir-apres-sa-premiere-defaite_AV-202509030590.html\" title=\"UFC Paris 2025: &quot;Tuer ou \u00eatre tu\u00e9&quot;, comment Oumar Sy veut rebondir apr\u00e8s sa premi\u00e8re d\u00e9faite\" class=\"internal_link\" rel=\"nofollow noopener\" target=\"_blank\">&gt;&gt; Comment Oumar Sy veut rebondir apr\u00e8s sa premi\u00e8re d\u00e9faite<\/a><\/p>\n<p>14h47<\/p>\n<p>Les enjeux \u00e9normes du combat de Beno\u00eet Saint Denis<\/p>\n<p>Un an apr\u00e8s avoir v\u00e9cu l\u2019enfer contre Renato Moicano, Beno\u00eet Saint Denis va affronter un autre Br\u00e9silien, Mauricio Ruffy, en co-main event de l\u2019UFC Paris 4 samedi \u00e0 l\u2019Accor Arena. Avec une tr\u00e8s grosse pression sur les \u00e9paules et la crainte de sortir du top 15 de la cat\u00e9gorie des poids l\u00e9gers (65kgs) en cas de nouvelle d\u00e9convenue.<\/p>\n<p><a href=\"https:\/\/rmcsport.bfmtv.com\/sports-de-combat\/mma\/ufc\/ufc-paris-2025-laver-l-affront-de-l-an-passe-rester-dans-l-elite-les-enjeux-enormes-du-combat-de-benoit-saint-denis_AV-202509050042.html\" title=\"UFC Paris 2025: laver l\u2019affront de l\u2019an pass\u00e9, rester dans l\u2019\u00e9lite\u2026 Les enjeux \u00e9normes du combat de Beno\u00eet Saint Denis\" class=\"internal_link\" rel=\"nofollow noopener\" target=\"_blank\">&gt;&gt; Laver l\u2019affront de l\u2019an pass\u00e9, rester dans l\u2019\u00e9lite\u2026 Les enjeux \u00e9normes du combat de Beno\u00eet Saint Denis<\/a><\/p>\n<p>14h47<\/p>\n<p>L&rsquo;accueil de Caio Borralho dans sa salle, les combats des Fran\u00e7ais, Ciryl Gane&#8230; Les v\u00e9rit\u00e9s de Fernand Lopez<\/p>\n<p>Dans un entretien \u00e0 RMC Sport, Fernand Lopez est revenu sur la pol\u00e9mique apr\u00e8s avoir ouvert sa salle \u00e0 Caio Borralho, adversaire de son ancien poulain Nassourdine Imavov samedi soir en main event de l&rsquo;UFC Paris 2025. L&rsquo;entra\u00eeneur et manager de Ciryl Gane a \u00e9galement \u00e9voqu\u00e9 son prot\u00e9g\u00e9 qui aura une troisi\u00e8me chance pour d\u00e9crocher la ceinture des lourds et Beno\u00eet Saint Denis.<\/p>\n<p><a href=\"https:\/\/rmcsport.bfmtv.com\/sports-de-combat\/mma\/ufc\/l-accueil-de-caio-borralho-dans-sa-salle-les-combats-des-francais-ciryl-gane-les-verites-de-fernand-lopez-avant-l-ufc-paris-2025_AV-202509050479.html\" title=\"L&#039;accueil de Caio Borralho dans sa salle, les combats des Fran\u00e7ais, Ciryl Gane... Les v\u00e9rit\u00e9s de Fernand Lopez avant l&#039;UFC Paris 2025\" class=\"internal_link\" rel=\"nofollow noopener\" target=\"_blank\">&gt;&gt; L&rsquo;accueil de Caio Borralho dans sa salle, les combats des Fran\u00e7ais, Ciryl Gane&#8230; Les v\u00e9rit\u00e9s de Fernand Lopez<\/a><\/p>\n<p>13h09<\/p>\n<p>Imavov en qu\u00eate de la ceinture<\/p>\n<p>Devenu un pilier du MMA national, Nassourdine Imavov, qui reste sur une impressionnante s\u00e9rie de victoires, joue gros dans sa qu\u00eate pour la ceinture mondiale au moment d&rsquo;affronter le Br\u00e9silien Caio Borralho en combat principal de l&rsquo;UFC Paris 2025.<\/p>\n<p>\u00ab\u00a0Apr\u00e8s ce combat, en cas de victoire, je suis le prochain pr\u00e9tendant \u00e0 la ceinture\u00a0\u00bb, affirme Imavov, actuellement class\u00e9 challenger N.2 des poids moyens, tout proche du champion Khamzat Chimaev.<\/p>\n<p><a href=\"https:\/\/rmcsport.bfmtv.com\/sports-de-combat\/mma\/ufc\/ufc-paris-2025-je-vais-bien-lui-casser-la-gueule-la-serenite-d-imavov-pas-effraye-par-les-provocations-de-borralho_AV-202509050620.html\" title=\"UFC Paris 2025: &quot;Je vais bien lui casser la gueule&quot;, la s\u00e9r\u00e9nit\u00e9 d&#039;Imavov, pas effray\u00e9 par les provocations de Borralho\" class=\"internal_link\" rel=\"nofollow noopener\" target=\"_blank\">&gt;&gt; La s\u00e9r\u00e9nit\u00e9 d&rsquo;Imavov en interview, pas effray\u00e9 par les provocations de Borralho<\/a><\/p>\n<p>13h02<\/p>\n<p>Quelle est la carte principale?<\/p>\n<p>Retrouvez le programme du soir (\u00e0 partir de 20h30):<\/p>\n<ul class=\"list_unordered\">\n<li><strong>Oumar Sy (FRA)<\/strong> &#8211; Brendson Ribeiro (BRE)<\/li>\n<li><strong>William Gomis (FRA)<\/strong> &#8211; Robert Ruchala (POL)<\/li>\n<li><strong>Axel Sola (FRA)<\/strong> &#8211; Rhys McKee (IRL)<\/li>\n<li>Bolaji Oki (BEL) &#8211; Mason Jones (WLS)<\/li>\n<li>Modestas Bukaukas (LTU) &#8211; Paul Craig (SCO)<\/li>\n<li><strong>Beno\u00eet Saint Denis (FRA)<\/strong> &#8211; Mauricio Ruffy (BRE)<\/li>\n<li><strong>Nassourdine Imavov (FRA)<\/strong> &#8211; Caio Borralho (BRE)<\/li>\n<\/ul>\n<p>13h00<\/p>\n<p>Bonjour \u00e0 tous<\/p>\n<p>Et bienvenue sur ce direct consacr\u00e9 au plus grand \u00e9v\u00e9nement du MMA fran\u00e7ais de l&rsquo;ann\u00e9e! Nassourdine Imavov, Beno\u00eet Saint-Denis, Axel Sola&#8230; L&rsquo;UFC Paris 2025 promet une nuit de feu pour les fans tricolores.<\/p>\n<p>La carte pr\u00e9liminaire sera diffus\u00e9e gratuitement sur <a href=\"https:\/\/www.twitch.tv\/rmcsport\" target=\"_blank\" class=\"external_link\" rel=\"nofollow noopener\">la cha\u00eene Twitch de RMC Sport<\/a>. Il faudra ensuite se diriger vers <a href=\"https:\/\/www.rmcsport.tv\/offre-digitale.html?sfrintid=rmcsport_hd_offre-offre-digitale&amp;utm_medium=partenariat&amp;utm_campaign=partenariat_ott_sabonner&amp;utm_source=rmc-sport-news&amp;utm_term=&amp;utm_content=\" target=\"_blank\" class=\"external_link\" rel=\"nofollow noopener\">RMC Sport 1<\/a> pour voir la carte pinricpale. Les trois derniers combats (Bakaukas-Craig, Saint Denis-Ruffy, Imavov-Borralho) seront disponibles sur RMC Sport 1 mais aussi gratuitement sur RMC Decouverte (canal 24 de la TNT).<\/p>\n","protected":false},"excerpt":{"rendered":"14h58 Favelas, burgers et Mak\u00e9l\u00e9l\u00e9&#8230; Comment Imavov a muscl\u00e9 son jeu en dehors de la cage Longtemps discret,&hellip;\n","protected":false},"author":2,"featured_media":370947,"comment_status":"","ping_status":"","sticky":false,"template":"","format":"standard","meta":{"footnotes":""},"categories":[1888],"tags":[11,1777,674,1011,27,12,626,25],"class_list":{"0":"post-370946","1":"post","2":"type-post","3":"status-publish","4":"format-standard","5":"has-post-thumbnail","7":"category-paris","8":"tag-actualites","9":"tag-eu","10":"tag-europe","11":"tag-fr","12":"tag-france","13":"tag-news","14":"tag-paris","15":"tag-republique-francaise"},"share_on_mastodon":{"url":"https:\/\/pubeurope.com\/@fr\/115158165968594845","error":""},"_links":{"self":[{"href":"https:\/\/www.europesays.com\/fr\/wp-json\/wp\/v2\/posts\/370946","targetHints":{"allow":["GET"]}}],"collection":[{"href":"https:\/\/www.europesays.com\/fr\/wp-json\/wp\/v2\/posts"}],"about":[{"href":"https:\/\/www.europesays.com\/fr\/wp-json\/wp\/v2\/types\/post"}],"author":[{"embeddable":true,"href":"https:\/\/www.europesays.com\/fr\/wp-json\/wp\/v2\/users\/2"}],"replies":[{"embeddable":true,"href":"https:\/\/www.europesays.com\/fr\/wp-json\/wp\/v2\/comments?post=370946"}],"version-history":[{"count":0,"href":"https:\/\/www.europesays.com\/fr\/wp-json\/wp\/v2\/posts\/370946\/revisions"}],"wp:featuredmedia":[{"embeddable":true,"href":"https:\/\/www.europesays.com\/fr\/wp-json\/wp\/v2\/media\/370947"}],"wp:attachment":[{"href":"https:\/\/www.europesays.com\/fr\/wp-json\/wp\/v2\/media?parent=370946"}],"wp:term":[{"taxonomy":"category","embeddable":true,"href":"https:\/\/www.europesays.com\/fr\/wp-json\/wp\/v2\/categories?post=370946"},{"taxonomy":"post_tag","embeddable":true,"href":"https:\/\/www.europesays.com\/fr\/wp-json\/wp\/v2\/tags?post=370946"}],"curies":[{"name":"wp","href":"https:\/\/api.w.org\/{rel}","templated":true}]}}