{"id":370948,"date":"2025-09-06T15:55:13","date_gmt":"2025-09-06T15:55:13","guid":{"rendered":"https:\/\/www.europesays.com\/fr\/370948\/"},"modified":"2025-09-06T15:55:13","modified_gmt":"2025-09-06T15:55:13","slug":"la-belgique-ne-transferera-pas-les-actifs-russes-geles-malgre-les-projets-de-la-commission-prevot","status":"publish","type":"post","link":"https:\/\/www.europesays.com\/fr\/370948\/","title":{"rendered":"La Belgique ne transf\u00e9rera pas les actifs russes gel\u00e9s malgr\u00e9 les projets de la Commission &#8211; Pr\u00e9vot"},"content":{"rendered":"<p>          <img decoding=\"async\" class=\"c-ad__placeholder__logo\" src=\"https:\/\/static.euronews.com\/website\/images\/logos\/logo-euronews-stacked-outlined-72x72-grey-9.svg\" width=\"72\" height=\"72\" alt=\"\" loading=\"lazy\"\/><br \/>\n          PUBLICIT\u00c9<\/p>\n<p>M. Pr\u00e9vot a d\u00e9clar\u00e9 \u00e0 Euronews dans The Europe Conversation que son gouvernement restait fermement oppos\u00e9 \u00e0 cette id\u00e9e, malgr\u00e9 la d\u00e9claration de la pr\u00e9sidente de la Commission europ\u00e9enne, Ursula von der Leyen, qui a rouvert le d\u00e9bat il y a quelques jours lors d&rsquo;une visite en Estonie.\u00a0<\/p>\n<p>\u00ab En toute franchise, la confiscation des actifs souverains russes n&rsquo;est pas une option pour la Belgique \u00bb, a-t-il d\u00e9clar\u00e9.\u00a0<\/p>\n<p>Environ 200 milliards d&rsquo;euros de fonds russes sont immobilis\u00e9s dans le cadre des sanctions occidentales en r\u00e9ponse \u00e0 l&rsquo;invasion totale de l&rsquo;Ukraine en 2022.\u00a0<\/p>\n<p>La majeure partie de l&rsquo;argent est d\u00e9tenue par le d\u00e9positaire Euroclear, qui est soumis \u00e0 la l\u00e9gislation europ\u00e9enne sur les march\u00e9s financiers. M. Pr\u00e9vot a d\u00e9clar\u00e9 que le non-respect des r\u00e8gles, m\u00eame dans le cas d&rsquo;une guerre existentielle, exposerait la Belgique et l&rsquo;UE, car les financiers pourraient reconsid\u00e9rer leurs investissements \u00e0 l&rsquo;avenir.\u00a0<\/p>\n<p>\u00ab Ce serait un tr\u00e8s mauvais signal pour les autres pays du monde. Certains ont \u00e9galement des actifs, des actifs souverains \u00e0 Bruxelles ou ailleurs en Europe \u00bb, a-t-il d\u00e9clar\u00e9.\u00a0<\/p>\n<p>Il a d\u00e9clar\u00e9 que le gouvernement avait \u00ab envisag\u00e9 \u00bb de confisquer les actifs immobilis\u00e9s et qu&rsquo;il avait conclu que cela aurait pour effet \u00ab d&rsquo;\u00e9roder \u00bb la confiance dans l&rsquo;euro.\u00a0<\/p>\n<p>Cela pourrait \u00ab avoir un impact n\u00e9gatif \u00e9norme, des cons\u00e9quences syst\u00e9miques pour la cr\u00e9dibilit\u00e9 des places financi\u00e8res europ\u00e9ennes \u00bb, a-t-il d\u00e9clar\u00e9.\u00a0<\/p>\n<p>Mais l&rsquo;UE et les alli\u00e9s de l&rsquo;Ukraine, comme le Royaume-Uni, persistent sur cette id\u00e9e, car cela signifierait que c&rsquo;est la Russie, et non l&rsquo;Europe ou l&rsquo;Ukraine, qui paierait le prix de la guerre.\u00a0<\/p>\n<p>\u00ab Nous faisons \u00e9galement avancer les d\u00e9marches concernant l&rsquo;utilisation des avoirs russes gel\u00e9s, car il est clair que le pr\u00e9dateur doit payer pour ce qu&rsquo;il a fait \u00bb, a d\u00e9clar\u00e9 la pr\u00e9sidente de la Commission europ\u00e9enne, Ursula von der Leyen.\u00a0<\/p>\n<p>Un autre projet \u00e9manant du Royaume-Uni consiste \u00e0 transf\u00e9rer les actifs dans un fonds d&rsquo;investissement distinct.\u00a0<\/p>\n<p>Mais M. Pr\u00e9vot a \u00e9galement exclu cette possibilit\u00e9.\u00a0<\/p>\n<p>\u00ab Modifier \u00e9galement l&rsquo;investissement strat\u00e9gique des actifs actuels gel\u00e9s \u00e0 Bruxelles n&rsquo;est peut-\u00eatre pas non plus une option pour la Belgique, car lorsque nous avons analys\u00e9 les deux options, de nombreux experts ont soulign\u00e9 les risques \u00e9lev\u00e9s, tant juridiques que financiers, que pourrait entra\u00eener la confiscation \u00bb, a-t-il d\u00e9clar\u00e9.<\/p>\n<p>\u00ab C&rsquo;est pourquoi je tiens \u00e0 pr\u00e9ciser que la Belgique ne prendra pas ce risque, et certainement pas seule. \u00bb\u00a0<\/p>\n<p>Contribution belge \u00e0 la coalition des volontaires<\/p>\n<p>En outre, M. Pr\u00e9vot a d\u00e9clar\u00e9 \u00e0 Euronews que l&rsquo;Europe avait besoin d&rsquo;un \u00ab cadre \u00bb de la part des \u00c9tats-Unis concernant la force et la port\u00e9e des garanties de s\u00e9curit\u00e9 qu&rsquo;ils sont pr\u00eats \u00e0 offrir \u00e0 l&rsquo;Ukraine.\u00a0<\/p>\n<p>Il a d\u00e9clar\u00e9 qu&rsquo;il \u00e9tait \u00ab vrai \u00bb qu&rsquo;il y avait \u00ab plusieurs \u00bb changements de plan et \u00ab de position \u00bb au sein de l&rsquo;administration Trump en ce qui concerne la guerre en Ukraine.\u00a0<\/p>\n<p>Il a appel\u00e9 Trump \u00e0 d\u00e9finir clairement l&rsquo;engagement et la contribution des \u00c9tats-Unis dans le cadre de l&rsquo;apr\u00e8s-conflit en Ukraine.\u00a0<\/p>\n<p>\u00ab Il faudra donc obtenir des engagements fermes par \u00e9crit afin d&rsquo;\u00eatre s\u00fbrs que ce que les \u00c9tats-Unis ont annonc\u00e9 sera mis en \u0153uvre dans l\u2019int\u00e9r\u00eat de l&rsquo;Ukraine \u00bb, a-t-il d\u00e9clar\u00e9.\u00a0<\/p>\n<p>La Belgique fait partie de la coalition des volontaires et contribuera aux c\u00f4t\u00e9s des 26 pays qui se sont engag\u00e9s \u00e0 d\u00e9ployer des troupes ou du mat\u00e9riel dans l&rsquo;Ukraine d&rsquo;apr\u00e8s-guerre. M. Pr\u00e9vot a d\u00e9clar\u00e9 que les d\u00e9tails n&rsquo;avaient pas encore \u00e9t\u00e9 finalis\u00e9s, mais il a pr\u00e9cis\u00e9 que \u00ab le soutien concernera principalement les avions \u00bb et que la Belgique pourrait \u00e9galement \u00ab \u00eatre en mesure de contribuer aux efforts de d\u00e9minage \u00bb.\u00a0<\/p>\n<p>La cr\u00e9dibilit\u00e9 de la politique \u00e9trang\u00e8re de l&rsquo;UE \u00ab s&rsquo;effondre \u00bb, selon M. Pr\u00e9vot<\/p>\n<p>Le ministre belge a \u00e9galement d\u00e9clar\u00e9 que son gouvernement avait agi pour reconna\u00eetre la Palestine et mettre fin au commerce avec les colonies isra\u00e9liennes ill\u00e9gales en Cisjordanie en raison des \u00ab crimes de guerre \u00bb commis \u00e0 Gaza.\u00a0<\/p>\n<p>\u00ab Des enfants, des femmes, toute la population civile meurent de faim. C&rsquo;est absolument inacceptable. Et je rappelle au gouvernement isra\u00e9lien que priver quiconque d\u2019aide humanitaire constitue un crime de guerre \u00bb, a-t-il d\u00e9clar\u00e9.\u00a0<\/p>\n<p>M. Pr\u00e9vot a \u00e9galement d\u00e9nonc\u00e9 l&rsquo;inaction de l&rsquo;UE, estimant que la cr\u00e9dibilit\u00e9 de la politique \u00e9trang\u00e8re de l&rsquo;UE \u00ab s&rsquo;effondre \u00bb \u00e0 propos d&rsquo;Isra\u00ebl.\u00a0<\/p>\n<p><strong>Regardez l&rsquo;interview r\u00e9alis\u00e9e par Shona Murray d&rsquo;Euronews dans le lecteur ci-dessus<\/strong><\/p>\n","protected":false},"excerpt":{"rendered":"PUBLICIT\u00c9 M. Pr\u00e9vot a d\u00e9clar\u00e9 \u00e0 Euronews dans The Europe Conversation que son gouvernement restait fermement oppos\u00e9 \u00e0&hellip;\n","protected":false},"author":2,"featured_media":370949,"comment_status":"","ping_status":"","sticky":false,"template":"","format":"standard","meta":{"footnotes":""},"categories":[1591],"tags":[11,828,1887,131,664,12,50517,17749,1885,1886,132,364],"class_list":{"0":"post-370948","1":"post","2":"type-post","3":"status-publish","4":"format-standard","5":"has-post-thumbnail","7":"category-russie","8":"tag-actualites","9":"tag-belgique","10":"tag-federation-de-russie","11":"tag-guerre-en-ukraine","12":"tag-israel","13":"tag-news","14":"tag-politique-belge","15":"tag-politique-europeenne","16":"tag-russia","17":"tag-russian-federation","18":"tag-russie","19":"tag-union-europeenne"},"share_on_mastodon":{"url":"https:\/\/pubeurope.com\/@fr\/115158170769574344","error":""},"_links":{"self":[{"href":"https:\/\/www.europesays.com\/fr\/wp-json\/wp\/v2\/posts\/370948","targetHints":{"allow":["GET"]}}],"collection":[{"href":"https:\/\/www.europesays.com\/fr\/wp-json\/wp\/v2\/posts"}],"about":[{"href":"https:\/\/www.europesays.com\/fr\/wp-json\/wp\/v2\/types\/post"}],"author":[{"embeddable":true,"href":"https:\/\/www.europesays.com\/fr\/wp-json\/wp\/v2\/users\/2"}],"replies":[{"embeddable":true,"href":"https:\/\/www.europesays.com\/fr\/wp-json\/wp\/v2\/comments?post=370948"}],"version-history":[{"count":0,"href":"https:\/\/www.europesays.com\/fr\/wp-json\/wp\/v2\/posts\/370948\/revisions"}],"wp:featuredmedia":[{"embeddable":true,"href":"https:\/\/www.europesays.com\/fr\/wp-json\/wp\/v2\/media\/370949"}],"wp:attachment":[{"href":"https:\/\/www.europesays.com\/fr\/wp-json\/wp\/v2\/media?parent=370948"}],"wp:term":[{"taxonomy":"category","embeddable":true,"href":"https:\/\/www.europesays.com\/fr\/wp-json\/wp\/v2\/categories?post=370948"},{"taxonomy":"post_tag","embeddable":true,"href":"https:\/\/www.europesays.com\/fr\/wp-json\/wp\/v2\/tags?post=370948"}],"curies":[{"name":"wp","href":"https:\/\/api.w.org\/{rel}","templated":true}]}}