{"id":370956,"date":"2025-09-06T15:59:12","date_gmt":"2025-09-06T15:59:12","guid":{"rendered":"https:\/\/www.europesays.com\/fr\/370956\/"},"modified":"2025-09-06T15:59:12","modified_gmt":"2025-09-06T15:59:12","slug":"1200-milliards-deuros-le-montant-astronomique-que-lallemagne-devrait-engloutir-pour-ses-reseaux-electriques-et-gaziers-si-elle-poursuit-sa-transition-energetique","status":"publish","type":"post","link":"https:\/\/www.europesays.com\/fr\/370956\/","title":{"rendered":"1200 milliards d\u2019euros, le montant astronomique que l\u2019Allemagne devrait engloutir pour ses r\u00e9seaux \u00e9lectriques et gaziers si elle poursuit sa transition \u00e9nerg\u00e9tique"},"content":{"rendered":"<p>Le prix du vert<\/p>\n<p>Selon une m\u00e9ta-analyse de dix \u00e9tudes, Berlin devra mobiliser 1 200 milliards d\u2019euros en 25 ans pour adapter ses r\u00e9seaux \u00e9lectriques et gaziers. Pour Samuel Furfari, sp\u00e9cialiste de l\u2019\u00e9nergie, ce chiffre \u2014 d\u00e9j\u00e0 sous-estim\u00e9 \u2014 illustre l\u2019illusion de l\u2019EnergieWende : une transition pr\u00e9sent\u00e9e comme vertueuse, mais qui engendre explosion des co\u00fbts, perte de comp\u00e9titivit\u00e9 industrielle et risque de d\u00e9sindustrialisation. Derri\u00e8re le discours vert, c\u2019est bien la soutenabilit\u00e9 \u00e9conomique du syst\u00e8me \u00e9nerg\u00e9tique allemand qui est en jeu.<\/p>\n","protected":false},"excerpt":{"rendered":"Le prix du vert Selon une m\u00e9ta-analyse de dix \u00e9tudes, Berlin devra mobiliser 1 200 milliards d\u2019euros en&hellip;\n","protected":false},"author":2,"featured_media":370957,"comment_status":"","ping_status":"","sticky":false,"template":"","format":"standard","meta":{"footnotes":""},"categories":[1587],"tags":[11,672,1804,1805,1803,50520,1777,674,843,1801,12,5654,1802,50519,50521,4426],"class_list":{"0":"post-370956","1":"post","2":"type-post","3":"status-publish","4":"format-standard","5":"has-post-thumbnail","7":"category-allemagne","8":"tag-actualites","9":"tag-allemagne","10":"tag-bundesrepublik-deutschland","11":"tag-de","12":"tag-deutschland","13":"tag-energie-verte","14":"tag-eu","15":"tag-europe","16":"tag-gaz","17":"tag-germany","18":"tag-news","19":"tag-nucleaire","20":"tag-republique-federale-dallemagne","21":"tag-reseau-electrique","22":"tag-sobriete-numerique","23":"tag-transition-energetique"},"share_on_mastodon":{"url":"https:\/\/pubeurope.com\/@fr\/115158185660463389","error":""},"_links":{"self":[{"href":"https:\/\/www.europesays.com\/fr\/wp-json\/wp\/v2\/posts\/370956","targetHints":{"allow":["GET"]}}],"collection":[{"href":"https:\/\/www.europesays.com\/fr\/wp-json\/wp\/v2\/posts"}],"about":[{"href":"https:\/\/www.europesays.com\/fr\/wp-json\/wp\/v2\/types\/post"}],"author":[{"embeddable":true,"href":"https:\/\/www.europesays.com\/fr\/wp-json\/wp\/v2\/users\/2"}],"replies":[{"embeddable":true,"href":"https:\/\/www.europesays.com\/fr\/wp-json\/wp\/v2\/comments?post=370956"}],"version-history":[{"count":0,"href":"https:\/\/www.europesays.com\/fr\/wp-json\/wp\/v2\/posts\/370956\/revisions"}],"wp:featuredmedia":[{"embeddable":true,"href":"https:\/\/www.europesays.com\/fr\/wp-json\/wp\/v2\/media\/370957"}],"wp:attachment":[{"href":"https:\/\/www.europesays.com\/fr\/wp-json\/wp\/v2\/media?parent=370956"}],"wp:term":[{"taxonomy":"category","embeddable":true,"href":"https:\/\/www.europesays.com\/fr\/wp-json\/wp\/v2\/categories?post=370956"},{"taxonomy":"post_tag","embeddable":true,"href":"https:\/\/www.europesays.com\/fr\/wp-json\/wp\/v2\/tags?post=370956"}],"curies":[{"name":"wp","href":"https:\/\/api.w.org\/{rel}","templated":true}]}}