{"id":370958,"date":"2025-09-06T16:00:12","date_gmt":"2025-09-06T16:00:12","guid":{"rendered":"https:\/\/www.europesays.com\/fr\/370958\/"},"modified":"2025-09-06T16:00:12","modified_gmt":"2025-09-06T16:00:12","slug":"bale-echanger-et-debattre-au-dela-des-cliches-afin-de-renforcer-le-dialogue-sur-leurope-en-suisse","status":"publish","type":"post","link":"https:\/\/www.europesays.com\/fr\/370958\/","title":{"rendered":"B\u00e2le. \u00c9changer et d\u00e9battre au-del\u00e0 des clich\u00e9s afin de renforcer le dialogue sur l\u2019Europe en Suisse"},"content":{"rendered":"<p>Ce jeudi 4\u00a0septembre, la\u00a0Regio Basiliensis a convi\u00e9 le public sur le campus de Novartis, \u00e0 B\u00e2le, pour la premi\u00e8re \u00e9dition des \u00ab\u00a0baseltalks\u00a0\u00bb, plac\u00e9e sous le titre \u00ab\u00a0Parlons d\u2019Europe\u00a0!\u00a0\u00bb. Ce format, appel\u00e9 \u00e0 se d\u00e9ployer sur plusieurs ann\u00e9es, a pour ambition d\u2019informer la population sur les relations de la Suisse avec l\u2019Europe \u2013 et de cr\u00e9er une v\u00e9ritable plateforme d\u2019\u00e9changes \u00e0 ce sujet. Quelque 450 personnes ont particip\u00e9 \u00e0 cette premi\u00e8re.<\/p>\n<p>D\u00e9bat \u00e9clair\u00e9<\/p>\n<p>Il s\u2019agit de partager des connaissances, de mettre les faits&#8230;<\/p>\n","protected":false},"excerpt":{"rendered":"Ce jeudi 4\u00a0septembre, la\u00a0Regio Basiliensis a convi\u00e9 le public sur le campus de Novartis, \u00e0 B\u00e2le, pour la&hellip;\n","protected":false},"author":2,"featured_media":370959,"comment_status":"","ping_status":"","sticky":false,"template":"","format":"standard","meta":{"footnotes":""},"categories":[1586],"tags":[11,33,13971,1777,674,107,1011,27,12,316,25,13969,104,3067,13970],"class_list":{"0":"post-370958","1":"post","2":"type-post","3":"status-publish","4":"format-standard","5":"has-post-thumbnail","7":"category-europe","8":"tag-actualites","9":"tag-economie","10":"tag-edition-sundgau-trois-frontieres","11":"tag-eu","12":"tag-europe","13":"tag-fil-info","14":"tag-fr","15":"tag-france","16":"tag-news","17":"tag-politique","18":"tag-republique-francaise","19":"tag-saint-louis","20":"tag-societe","21":"tag-suisse","22":"tag-trois-frontieres"},"share_on_mastodon":{"url":"https:\/\/pubeurope.com\/@fr\/115158189569204739","error":""},"_links":{"self":[{"href":"https:\/\/www.europesays.com\/fr\/wp-json\/wp\/v2\/posts\/370958","targetHints":{"allow":["GET"]}}],"collection":[{"href":"https:\/\/www.europesays.com\/fr\/wp-json\/wp\/v2\/posts"}],"about":[{"href":"https:\/\/www.europesays.com\/fr\/wp-json\/wp\/v2\/types\/post"}],"author":[{"embeddable":true,"href":"https:\/\/www.europesays.com\/fr\/wp-json\/wp\/v2\/users\/2"}],"replies":[{"embeddable":true,"href":"https:\/\/www.europesays.com\/fr\/wp-json\/wp\/v2\/comments?post=370958"}],"version-history":[{"count":0,"href":"https:\/\/www.europesays.com\/fr\/wp-json\/wp\/v2\/posts\/370958\/revisions"}],"wp:featuredmedia":[{"embeddable":true,"href":"https:\/\/www.europesays.com\/fr\/wp-json\/wp\/v2\/media\/370959"}],"wp:attachment":[{"href":"https:\/\/www.europesays.com\/fr\/wp-json\/wp\/v2\/media?parent=370958"}],"wp:term":[{"taxonomy":"category","embeddable":true,"href":"https:\/\/www.europesays.com\/fr\/wp-json\/wp\/v2\/categories?post=370958"},{"taxonomy":"post_tag","embeddable":true,"href":"https:\/\/www.europesays.com\/fr\/wp-json\/wp\/v2\/tags?post=370958"}],"curies":[{"name":"wp","href":"https:\/\/api.w.org\/{rel}","templated":true}]}}