{"id":370962,"date":"2025-09-06T16:02:12","date_gmt":"2025-09-06T16:02:12","guid":{"rendered":"https:\/\/www.europesays.com\/fr\/370962\/"},"modified":"2025-09-06T16:02:12","modified_gmt":"2025-09-06T16:02:12","slug":"colere-de-raphinha-contre-disneyland-paris-le-parc-regrette-lexperience-vecue-par-son-fils-et-promet-une-surprise","status":"publish","type":"post","link":"https:\/\/www.europesays.com\/fr\/370962\/","title":{"rendered":"Col\u00e8re de Raphinha contre Disneyland Paris : le parc \u00ab\u00a0regrette\u00a0\u00bb l\u2019exp\u00e9rience v\u00e9cue par son fils et promet une surprise"},"content":{"rendered":"<p class=\"paragraph text_align_left lp-f-body-02\">Tout est bien qui finit bien entre <a href=\"https:\/\/www.leparisien.fr\/sports\/football\/ligue-des-champions\/les-gens-sont-malades-la-femme-du-barcelonais-raphinha-denonce-insultes-racistes-et-menaces-de-mort-24-01-2025-3OCHGL27CBHZZHHIZJDK7GON54.php\" target=\"_self\" rel=\"nofollow noopener\">la famille Raphinha<\/a> et Disneyland Paris ? Ce vendredi, <a href=\"https:\/\/www.leparisien.fr\/sports\/football\/vos-employes-sont-une-honte-le-footballeur-raphinha-denonce-du-racisme-envers-son-fils-a-disneyland-paris-06-09-2025-DFJXGE6WW5HKVPHH3IMABYPKE4.php\" target=\"_self\" rel=\"nofollow noopener\">la star br\u00e9silienne a pouss\u00e9 un gros coup de gueule sur Instagram<\/a>, d\u00e9non\u00e7ant l\u2019attitude d\u2019un employ\u00e9 envers son jeune gar\u00e7on. En costume de Tac, le c\u00e9l\u00e8bre personnage Disney, ce dernier avait ignor\u00e9 \u00e0 plusieurs reprises le bambin, qui souhaitait le saluer.<\/p>\n<p class=\"paragraph text_align_left lp-f-body-02\">\u00ab Vous \u00eates cens\u00e9s rendre les enfants heureux, pas les snober. Je pr\u00e9f\u00e8re dire que c\u2019\u00e9tait du snobisme, pour ne rien dire d\u2019autre \u00bb, avait lanc\u00e9 le footballeur aux 14,6 millions d\u2019abonn\u00e9s, sous-entendant un potentiel comportement raciste de la part de l\u2019employ\u00e9 avec cette remarque : \u00ab Je comprends la fatigue de ce travail, mais pourquoi tous les enfants blancs ont \u00e9t\u00e9 embrass\u00e9s et pas mon fils ? \u00bb<\/p>\n<p>Disneyland Paris \u00ab en contact r\u00e9gulier avec la famille \u00bb<\/p>\n<p class=\"paragraph text_align_left lp-f-body-02\">Au lendemain de la pol\u00e9mique, <a href=\"https:\/\/www.leparisien.fr\/culture-loisirs\/disney-tales-of-magic-a-disneyland-paris-dans-les-coulisses-de-limpressionnant-nouveau-show-du-parc-20-01-2025-6USYY77RL5DT3IR3EA5ZKIYHA4.php\" target=\"_blank\" rel=\"noreferrer nofollow noopener\">Disneyland Paris<\/a>, contact\u00e9 par Le Parisien, assure qu\u2019il \u00ab regrette l\u2019exp\u00e9rience v\u00e9cue par la famille \u00bb de Raphinha, mobilis\u00e9 avec la s\u00e9lection du Br\u00e9sil et absent au moment des faits. <\/p>\n<p class=\"paragraph text_align_left lp-f-body-02\">\u00ab Nous souhaitons proposer une exp\u00e9rience magique pour chacun de nos visiteurs sans exception \u00bb, nous explique ce samedi le c\u00e9l\u00e8bre parc d\u2019attractions francilien. \u00ab Nous sommes en contact r\u00e9gulier avec la famille depuis hier (vendredi), et leur avons organis\u00e9 deux nouvelles rencontres magiques avec les personnages de leur choix \u00bb, nous a-t-il \u00e9t\u00e9 d\u00e9taill\u00e9.<\/p>\n<p class=\"paragraph text_align_left lp-f-body-02\">Les choses devraient donc rentrer dans l\u2019ordre, alors que l\u2019ancien buteur du Stade Rennais avait cri\u00e9 sa col\u00e8re vendredi soir dans plusieurs stories Instagram. \u00ab Je vous d\u00e9teste, Disneyland Paris \u00bb, pouvait-on lire de la part du Br\u00e9silien, qui n\u2019a pas repris la parole sur le sujet depuis.<\/p>\n","protected":false},"excerpt":{"rendered":"Tout est bien qui finit bien entre la famille Raphinha et Disneyland Paris ? Ce vendredi, la star&hellip;\n","protected":false},"author":2,"featured_media":370963,"comment_status":"","ping_status":"","sticky":false,"template":"","format":"standard","meta":{"footnotes":""},"categories":[2],"tags":[11,63,1011,27,12,25,60],"class_list":{"0":"post-370962","1":"post","2":"type-post","3":"status-publish","4":"format-standard","5":"has-post-thumbnail","7":"category-actualites","8":"tag-actualites","9":"tag-football","10":"tag-fr","11":"tag-france","12":"tag-news","13":"tag-republique-francaise","14":"tag-sports"},"share_on_mastodon":{"url":"https:\/\/pubeurope.com\/@fr\/115158197481425797","error":""},"_links":{"self":[{"href":"https:\/\/www.europesays.com\/fr\/wp-json\/wp\/v2\/posts\/370962","targetHints":{"allow":["GET"]}}],"collection":[{"href":"https:\/\/www.europesays.com\/fr\/wp-json\/wp\/v2\/posts"}],"about":[{"href":"https:\/\/www.europesays.com\/fr\/wp-json\/wp\/v2\/types\/post"}],"author":[{"embeddable":true,"href":"https:\/\/www.europesays.com\/fr\/wp-json\/wp\/v2\/users\/2"}],"replies":[{"embeddable":true,"href":"https:\/\/www.europesays.com\/fr\/wp-json\/wp\/v2\/comments?post=370962"}],"version-history":[{"count":0,"href":"https:\/\/www.europesays.com\/fr\/wp-json\/wp\/v2\/posts\/370962\/revisions"}],"wp:featuredmedia":[{"embeddable":true,"href":"https:\/\/www.europesays.com\/fr\/wp-json\/wp\/v2\/media\/370963"}],"wp:attachment":[{"href":"https:\/\/www.europesays.com\/fr\/wp-json\/wp\/v2\/media?parent=370962"}],"wp:term":[{"taxonomy":"category","embeddable":true,"href":"https:\/\/www.europesays.com\/fr\/wp-json\/wp\/v2\/categories?post=370962"},{"taxonomy":"post_tag","embeddable":true,"href":"https:\/\/www.europesays.com\/fr\/wp-json\/wp\/v2\/tags?post=370962"}],"curies":[{"name":"wp","href":"https:\/\/api.w.org\/{rel}","templated":true}]}}