{"id":370964,"date":"2025-09-06T16:03:13","date_gmt":"2025-09-06T16:03:13","guid":{"rendered":"https:\/\/www.europesays.com\/fr\/370964\/"},"modified":"2025-09-06T16:03:13","modified_gmt":"2025-09-06T16:03:13","slug":"ghezzal-le-desamour-dure-huit-ans-lequipe","status":"publish","type":"post","link":"https:\/\/www.europesays.com\/fr\/370964\/","title":{"rendered":"Ghezzal, le d\u00e9samour dure huit ans &#8211; L&#039;\u00c9quipe"},"content":{"rendered":"<ol>\n<li><a href=\"https:\/\/news.google.com\/rss\/articles\/CBMiwwFBVV95cUxNX1c0YzZweGFJcWRqUWJHaEdoTVJZTlVSNjhyN200TUxDY3RJU3NZdThsV1J5NXNkN2pLZy1yaVFLdy04NnBDYlhMa2pmME9Wdkt5Z3FESEJ1eU5DX0tDeGluVnRjcjF6QmJpMnRneUxVd0taT0ZOS3ozZV9Bd1ZmT1RMd2l6a3ZueXVOTEFiWmY0dzJjYUFrWnlrbENqLUU5NmdxWDlZdTBqdllhRlp0dzhQOGY3dzRGaXhac0lISTF3UXM?oc=5\" target=\"_blank\" rel=\"nofollow noopener\">Ghezzal, le d\u00e9samour dure huit ans<\/a>&nbsp;&nbsp;L&rsquo;\u00c9quipe<\/li>\n<li><a href=\"https:\/\/news.google.com\/rss\/articles\/CBMirgFBVV95cUxQMk1uU2YzYl9wYzdFYmFhb1h4TUpiVzFYSVdfQVhhZ2hERjJ0SGdFQU1qVHFaMXlPT21CeDZNSTVFQmlGZWlTQUx3UGRZV1JoLUNwNjNfZUVGTG9NZk13aHR3aVl0VVFNNGxJZXU4WC1IWkkwTTBITTFZMGEtODYwSlNKcW5Ya2V4aWNRMHBsQTlHb09VbGh3TmRET0RqZ1UtV2V1WFJreGprUS05ekHSAawBQVVfeXFMUFlORWxFMTZ2cUFZb1dJTlNKbE1wRHJjcml3S2xYVThTUTFwM25FdXVhZUY4dllHb1dLeTlmaDRCTkthc0VzVlVETDBJS2t5X1dNTS1kTzdtWTVjN2dSYWt6M3FDWXFCWjJFeFhQY29iTHZNZngzUUY4dE9sVnBaSE1RdFZnLW1RMjFiTE12Rm9UQS0xa21RUV9yWWdPalFUY0VmaXJnc1dmZ3JXcQ?oc=5\" target=\"_blank\" rel=\"nofollow noopener\">OL : Huit ans apr\u00e8s, Ghezzal est de retour<\/a>&nbsp;&nbsp;Orange Actualit\u00e9s | Sports<\/li>\n<li><a href=\"https:\/\/news.google.com\/rss\/articles\/CBMimwFBVV95cUxPY2x5NkV3bDNMY0Z6TlVpRmFrTTQzb3B6bFREZ3NOd0tOalh2ejEzQlJRdUp5MnlOMGh5V2s3WnByNk1Ndkl3R2lURi1ZTVZ6VmtiQjNOb2dZNmNHQlI4ZlFGMFFxd3cyYzhwNnlHQTgwUVNHRDdJU0hEVUxOVlVjSE1YMjdWUEttZUZsdDY2cmRpZmtMYkxEOHR3SQ?oc=5\" target=\"_blank\" rel=\"nofollow noopener\">Rachid Ghezzal va faire son grand retour \u00e0 l\u2019OL !<\/a>&nbsp;&nbsp;Foot Mercato<\/li>\n<li><a href=\"https:\/\/news.google.com\/rss\/articles\/CBMilgFBVV95cUxQcHhzVWhkejFMRjhEZlI1eVYyMkh4cHFHQlBGOHRoOW1pRmMwNG0xWUUtbndXVTd6dFphZy00T1hxblNkcVFzY0ZOM2FLLXo1WTJPaFJOZjFjdkdnczlvbjlNTTRhYnl2UzlPbEpkY0xaYTBtZi1Oc2tJWjZ0MHpxZjJNVzlTUVdpWFNhbkJPclctSWdjeFE?oc=5\" target=\"_blank\" rel=\"nofollow noopener\">Football. Mercato : l\u2019OL mise sur le retour d&rsquo;un enfant du club pour renforcer les ailes<\/a>&nbsp;&nbsp;Le Progr\u00e8s<\/li>\n<li><a href=\"https:\/\/news.google.com\/rss\/articles\/CBMi0AFBVV95cUxOWDhaRll1bEY1Y3hkVGlhWFB4NnVpckFyMFhoUVBTSHZoUGlIazhDTVlkS1pJM1F4aW1lbTBKOVQyWmhDVThtcnBxSVlhamhEckhnWW5lcDQzZ1NrVnhVdkZXRFBtSTdzNXlYdlh2R2F2cUZ0LWNqMmNObmJlOTR1c3R5MVhxMVAzUUR2TENmUHpjNWYxVktpdUhza01wdE1EcXd6WVY3NFFDQjBfZ2h2QW92RnU1RWVFWW9GeWlhUkpjVWJZQjE5OTF6ak1oTzh5?oc=5\" target=\"_blank\" rel=\"nofollow noopener\">OL &#8211; Rachid Ghezzal va tenir un nouveau r\u00f4le avec l&rsquo;Olympique Lyonnais<\/a>&nbsp;&nbsp;MadeInGones<\/li>\n<\/ol>\n","protected":false},"excerpt":{"rendered":"Ghezzal, le d\u00e9samour dure huit ans&nbsp;&nbsp;L&rsquo;\u00c9quipe OL : Huit ans apr\u00e8s, Ghezzal est de retour&nbsp;&nbsp;Orange Actualit\u00e9s | Sports&hellip;\n","protected":false},"author":2,"featured_media":370965,"comment_status":"","ping_status":"","sticky":false,"template":"","format":"standard","meta":{"footnotes":""},"categories":[2],"tags":[11,1011,27,12,25],"class_list":{"0":"post-370964","1":"post","2":"type-post","3":"status-publish","4":"format-standard","5":"has-post-thumbnail","7":"category-actualites","8":"tag-actualites","9":"tag-fr","10":"tag-france","11":"tag-news","12":"tag-republique-francaise"},"share_on_mastodon":{"url":"https:\/\/pubeurope.com\/@fr\/115158201484557969","error":""},"_links":{"self":[{"href":"https:\/\/www.europesays.com\/fr\/wp-json\/wp\/v2\/posts\/370964","targetHints":{"allow":["GET"]}}],"collection":[{"href":"https:\/\/www.europesays.com\/fr\/wp-json\/wp\/v2\/posts"}],"about":[{"href":"https:\/\/www.europesays.com\/fr\/wp-json\/wp\/v2\/types\/post"}],"author":[{"embeddable":true,"href":"https:\/\/www.europesays.com\/fr\/wp-json\/wp\/v2\/users\/2"}],"replies":[{"embeddable":true,"href":"https:\/\/www.europesays.com\/fr\/wp-json\/wp\/v2\/comments?post=370964"}],"version-history":[{"count":0,"href":"https:\/\/www.europesays.com\/fr\/wp-json\/wp\/v2\/posts\/370964\/revisions"}],"wp:featuredmedia":[{"embeddable":true,"href":"https:\/\/www.europesays.com\/fr\/wp-json\/wp\/v2\/media\/370965"}],"wp:attachment":[{"href":"https:\/\/www.europesays.com\/fr\/wp-json\/wp\/v2\/media?parent=370964"}],"wp:term":[{"taxonomy":"category","embeddable":true,"href":"https:\/\/www.europesays.com\/fr\/wp-json\/wp\/v2\/categories?post=370964"},{"taxonomy":"post_tag","embeddable":true,"href":"https:\/\/www.europesays.com\/fr\/wp-json\/wp\/v2\/tags?post=370964"}],"curies":[{"name":"wp","href":"https:\/\/api.w.org\/{rel}","templated":true}]}}