{"id":370966,"date":"2025-09-06T16:04:20","date_gmt":"2025-09-06T16:04:20","guid":{"rendered":"https:\/\/www.europesays.com\/fr\/370966\/"},"modified":"2025-09-06T16:04:20","modified_gmt":"2025-09-06T16:04:20","slug":"si-la-france-etait-gouvernee-par-les-insoumis-les-navires-de-la-marine-nationale-accompagneraient-ces-bateaux-indique-jean-luc-melenchon-chef-de-file-lfi","status":"publish","type":"post","link":"https:\/\/www.europesays.com\/fr\/370966\/","title":{"rendered":"\u00ab\u00a0Si la France \u00e9tait gouvern\u00e9e par les Insoumis, les navires de la marine nationale accompagneraient\u00a0\u00bb ces bateaux, indique Jean-Luc M\u00e9lenchon, chef de file LFI"},"content":{"rendered":"<p>Flottille humanitaire en route pour Gaza: \u00ab\u00a0Si la France \u00e9tait gouvern\u00e9e par les Insoumis, les navires de la marine nationale accompagneraient\u00a0\u00bb ces bateaux, indique Jean-Luc M\u00e9lenchon, chef de file LFISur le m\u00eame sujet<a href=\"https:\/\/www.bfmtv.com\/politique\/la-france-insoumise\/video-crise-politique-et-sociale-le-discours-integral-de-jean-luc-melenchon-chef-de-file-de-lfi_VN-202509060292.html\" title=\"Crise politique et sociale: le discours int\u00e9gral de Jean-Luc M\u00e9lenchon, chef de file de LFI\" rel=\"nofollow noopener\" target=\"_blank\"><img width=\"16\" height=\"9\" class=\"lozad\"  alt=\"Crise politique et sociale: le discours int\u00e9gral de Jean-Luc M\u00e9lenchon, chef de file de LFI\"\/>52:57Crise politique et sociale: le discours int\u00e9gral de Jean-Luc M\u00e9lenchon, chef de file de LFI<\/a><a href=\"https:\/\/www.bfmtv.com\/politique\/video-jean-luc-melenchon-chef-de-file-de-lfi-appelle-a-debarrasser-la-france-du-racisme-qui-la-pourrit-de-l-interieur_VN-202509060289.html\" title=\"Jean-Luc M\u00e9lenchon, chef de file de LFI, appelle \u00e0 &quot;d\u00e9barrasser la France du racisme qui la pourrit de l&#039;int\u00e9rieur&quot;\" rel=\"nofollow noopener\" target=\"_blank\"><img width=\"16\" height=\"9\" class=\"lozad\"  alt=\"Jean-Luc M\u00e9lenchon, chef de file de LFI, appelle \u00e0 &quot;d\u00e9barrasser la France du racisme qui la pourrit de l'int\u00e9rieur&quot;\"\/>1:19Jean-Luc M\u00e9lenchon, chef de file de LFI, appelle \u00e0 \u00ab\u00a0d\u00e9barrasser la France du racisme qui la pourrit de l&rsquo;int\u00e9rieur\u00a0\u00bb<\/a><a href=\"https:\/\/www.bfmtv.com\/politique\/video-jean-luc-melenchon-dit-vouloir-faire-naitre-la-nouvelle-france-en-marge-de-la-braderie-de-lille_VN-202509060288.html\" title=\"Jean-Luc M\u00e9lenchon dit &quot;vouloir faire na\u00eetre la nouvelle France&quot;, en marge de la braderie de Lille\" rel=\"nofollow noopener\" target=\"_blank\"><img width=\"16\" height=\"9\" class=\"lozad\"  alt=\"Jean-Luc M\u00e9lenchon dit &quot;vouloir faire na\u00eetre la nouvelle France&quot;, en marge de la braderie de Lille\"\/>1:17Jean-Luc M\u00e9lenchon dit \u00ab\u00a0vouloir faire na\u00eetre la nouvelle France\u00a0\u00bb, en marge de la braderie de Lille<\/a><a href=\"https:\/\/www.bfmtv.com\/politique\/video-nous-avons-depose-une-motion-de-destitution-a-l-encontre-d-emmanuel-macron-annonce-jean-luc-melenchon_VN-202509060287.html\" title=\"&quot;Nous avons d\u00e9pos\u00e9 une motion de destitution&quot; \u00e0 l&#039;encontre d&#039;Emmanuel Macron, annonce Jean-Luc M\u00e9lenchon\" rel=\"nofollow noopener\" target=\"_blank\"><img width=\"16\" height=\"9\" class=\"lozad\"  alt=\"&quot;Nous avons d\u00e9pos\u00e9 une motion de destitution&quot; \u00e0 l'encontre d'Emmanuel Macron, annonce Jean-Luc M\u00e9lenchon\"\/>1:15&Prime;Nous avons d\u00e9pos\u00e9 une motion de destitution\u00a0\u00bb \u00e0 l&rsquo;encontre d&rsquo;Emmanuel Macron, annonce Jean-Luc M\u00e9lenchon<\/a><a href=\"https:\/\/www.bfmtv.com\/politique\/la-france-insoumise\/video-le-ps-a-matignon-le-chef-de-file-de-lfi-jean-luc-melenchon-montre-du-doigt-les-carrieristes-dans-le-parti-socialiste_VN-202509060286.html\" title=\"Le PS \u00e0 Matignon: le chef de file de LFI, Jean-Luc M\u00e9lenchon, &quot;montre du doigt les carri\u00e9ristes&quot; dans le Parti socialiste\" rel=\"nofollow noopener\" target=\"_blank\"><img width=\"16\" height=\"9\" class=\"lozad\"  alt=\"Le PS \u00e0 Matignon: le chef de file de LFI, Jean-Luc M\u00e9lenchon, &quot;montre du doigt les carri\u00e9ristes&quot; dans le Parti socialiste\"\/>1:48Le PS \u00e0 Matignon: le chef de file de LFI, Jean-Luc M\u00e9lenchon, \u00ab\u00a0montre du doigt les carri\u00e9ristes\u00a0\u00bb dans le Parti socialiste<\/a><a href=\"https:\/\/www.bfmtv.com\/politique\/gouvernement\/video-budget-2026-non-la-dette-n-est-pas-une-catastrophe-cette-dette-a-servi-a-payer-des-biens-durables-explique-jean-luc-melenchon-chef-de-file-lfi_VN-202509060284.html\" title=\"Budget 2026: &quot;Non, la dette n&#039;est pas une catastrophe [...] cette dette a servi \u00e0 payer des biens durables &quot;, explique Jean-Luc M\u00e9lenchon, chef de file LFI \" rel=\"nofollow noopener\" target=\"_blank\"><img width=\"16\" height=\"9\" class=\"lozad\"  alt=\"Budget 2026: &quot;Non, la dette n'est pas une catastrophe [...] cette dette a servi \u00e0 payer des biens durables &quot;, explique Jean-Luc M\u00e9lenchon, chef de file LFI \"\/>2:38Budget 2026: \u00ab\u00a0Non, la dette n&rsquo;est pas une catastrophe [&#8230;] cette dette a servi \u00e0 payer des biens durables \u00ab\u00a0, explique Jean-Luc M\u00e9lenchon, chef de file LFI<\/a><a href=\"https:\/\/www.bfmtv.com\/politique\/video-10-septembre-la-colere-est-legitime-et-profonde-denonce-jean-luc-melenchon-en-reaction-a-la-mobilisation-citoyenne_VN-202509060283.html\" title=\"10 septembre: &quot;La col\u00e8re est l\u00e9gitime et profonde&quot;, d\u00e9nonce Jean-Luc M\u00e9lenchon en r\u00e9action \u00e0 la mobilisation citoyenne\" rel=\"nofollow noopener\" target=\"_blank\"><img width=\"16\" height=\"9\" class=\"lozad\"  alt=\"10 septembre: &quot;La col\u00e8re est l\u00e9gitime et profonde&quot;, d\u00e9nonce Jean-Luc M\u00e9lenchon en r\u00e9action \u00e0 la mobilisation citoyenne\"\/>1:2610 septembre: \u00ab\u00a0La col\u00e8re est l\u00e9gitime et profonde\u00a0\u00bb, d\u00e9nonce Jean-Luc M\u00e9lenchon en r\u00e9action \u00e0 la mobilisation citoyenne<\/a><a href=\"https:\/\/www.bfmtv.com\/politique\/video-le-10-septembre-nous-bloquerons-tout-pour-faire-partir-monsieur-macron-lui-meme-declare-jean-luc-melenchon-chef-de-file-lfi_VN-202509060281.html\" title=\"&quot;Le 10 septembre, nous bloquerons tout pour faire partir Monsieur Macron lui-m\u00eame&quot;, d\u00e9clare Jean-Luc M\u00e9lenchon, chef de file LFI\" rel=\"nofollow noopener\" target=\"_blank\"><img width=\"16\" height=\"9\" class=\"lozad\"  alt=\"&quot;Le 10 septembre, nous bloquerons tout pour faire partir Monsieur Macron lui-m\u00eame&quot;, d\u00e9clare Jean-Luc M\u00e9lenchon, chef de file LFI\"\/>1:40&Prime;Le 10 septembre, nous bloquerons tout pour faire partir Monsieur Macron lui-m\u00eame\u00a0\u00bb, d\u00e9clare Jean-Luc M\u00e9lenchon, chef de file LFI<\/a><a href=\"https:\/\/www.bfmtv.com\/politique\/la-france-insoumise\/video-vote-de-confiance-je-salue-l-honnetete-republicaine-de-francois-bayrou-declare-jean-luc-melenchon-chef-de-file-de-lfi_VN-202509060280.html\" title=\"Vote de confiance: &quot;Je salue l&#039;honn\u00eatet\u00e9 r\u00e9publicaine de Fran\u00e7ois Bayrou&quot;, d\u00e9clare Jean-Luc M\u00e9lenchon, chef de file de LFI\" rel=\"nofollow noopener\" target=\"_blank\"><img width=\"16\" height=\"9\" class=\"lozad\"  alt=\"Vote de confiance: &quot;Je salue l'honn\u00eatet\u00e9 r\u00e9publicaine de Fran\u00e7ois Bayrou&quot;, d\u00e9clare Jean-Luc M\u00e9lenchon, chef de file de LFI\"\/>1:32Vote de confiance: \u00ab\u00a0Je salue l&rsquo;honn\u00eatet\u00e9 r\u00e9publicaine de Fran\u00e7ois Bayrou\u00a0\u00bb, d\u00e9clare Jean-Luc M\u00e9lenchon, chef de file de LFI<\/a><a href=\"https:\/\/www.bfmtv.com\/politique\/video-flottille-humanitaire-en-route-pour-gaza-si-la-france-etait-gouvernee-par-les-insoumis-les-navires-de-la-marine-nationale-accompagneraient-ces-bateaux-indique-jean-luc-melenchon-chef-de-file-lfi_VN-202509060278.html\" title=\"Flottille humanitaire en route pour Gaza: &quot;Si la France \u00e9tait gouvern\u00e9e par les Insoumis, les navires de la marine nationale accompagneraient&quot; ces bateaux, indique Jean-Luc M\u00e9lenchon, chef de file LFI\" rel=\"nofollow noopener\" target=\"_blank\"><img width=\"16\" height=\"9\" class=\"lozad\"  alt=\"Flottille humanitaire en route pour Gaza: &quot;Si la France \u00e9tait gouvern\u00e9e par les Insoumis, les navires de la marine nationale accompagneraient&quot; ces bateaux, indique Jean-Luc M\u00e9lenchon, chef de file LFI\"\/>en lectureFlottille humanitaire en route pour Gaza: \u00ab\u00a0Si la France \u00e9tait gouvern\u00e9e par les Insoumis, les navires de la marine nationale accompagneraient\u00a0\u00bb ces bateaux, indique Jean-Luc M\u00e9lenchon, chef de file LFI<\/a><a href=\"https:\/\/www.bfmtv.com\/politique\/video-la-france-est-entree-dans-une-nouvelle-saison-degagiste-affirme-jean-luc-melenchon-en-marge-de-la-braderie-de-lille_VN-202509060276.html\" title=\"&quot;La France est entr\u00e9e dans une nouvelle saison d\u00e9gagiste&quot;, affirme Jean-Luc M\u00e9lenchon, en marge de la braderie de Lille\" rel=\"nofollow noopener\" target=\"_blank\"><img width=\"16\" height=\"9\" class=\"lozad\"  alt=\"&quot;La France est entr\u00e9e dans une nouvelle saison d\u00e9gagiste&quot;, affirme Jean-Luc M\u00e9lenchon, en marge de la braderie de Lille\"\/>1:14&Prime;La France est entr\u00e9e dans une nouvelle saison d\u00e9gagiste\u00a0\u00bb, affirme Jean-Luc M\u00e9lenchon, en marge de la braderie de Lille<\/a><a href=\"https:\/\/www.bfmtv.com\/politique\/gouvernement\/video-vote-de-confiance-gerard-larcher-exclut-l-idee-d-un-accord-avec-la-gauche_VN-202509060263.html\" title=\"Vote de confiance: G\u00e9rard Larcher exclut l&#039;id\u00e9e d&#039;un accord avec la gauche\" rel=\"nofollow noopener\" target=\"_blank\"><img width=\"16\" height=\"9\" class=\"lozad\"  alt=\"Vote de confiance: G\u00e9rard Larcher exclut l'id\u00e9e d'un accord avec la gauche\"\/>0:57Vote de confiance: G\u00e9rard Larcher exclut l&rsquo;id\u00e9e d&rsquo;un accord avec la gauche<\/a><a href=\"https:\/\/www.bfmtv.com\/politique\/les-republicains\/video-vote-de-confiance-si-la-gauche-est-a-matignon-la-droite-est-dans-l-opposition-affirme-othman-nasrou-secretaire-general-des-lr_VN-202509060259.html\" title=\"Vote de confiance: &quot;Si la gauche est \u00e0 Matignon, la droite est dans l&#039;opposition&quot;, affirme Othman Nasrou, secr\u00e9taire g\u00e9n\u00e9ral des LR\" rel=\"nofollow noopener\" target=\"_blank\"><img width=\"16\" height=\"9\" class=\"lozad\"  alt=\"Vote de confiance: &quot;Si la gauche est \u00e0 Matignon, la droite est dans l'opposition&quot;, affirme Othman Nasrou, secr\u00e9taire g\u00e9n\u00e9ral des LR\"\/>2:00Vote de confiance: \u00ab\u00a0Si la gauche est \u00e0 Matignon, la droite est dans l&rsquo;opposition\u00a0\u00bb, affirme Othman Nasrou, secr\u00e9taire g\u00e9n\u00e9ral des LR<\/a><a href=\"https:\/\/www.bfmtv.com\/politique\/gouvernement\/video-vote-de-confiance-si-la-gauche-est-a-matignon-la-droite-sera-dans-l-opposition-previent-le-groupe-les-republicains_VN-202509060257.html\" title=\"Vote de confiance: &quot;Si la gauche est \u00e0 Matignon, la droite sera dans l&#039;opposition&quot;, pr\u00e9vient le groupe Les R\u00e9publicains\" rel=\"nofollow noopener\" target=\"_blank\"><img width=\"16\" height=\"9\" class=\"lozad\"  alt=\"Vote de confiance: &quot;Si la gauche est \u00e0 Matignon, la droite sera dans l'opposition&quot;, pr\u00e9vient le groupe Les R\u00e9publicains\"\/>0:57Vote de confiance: \u00ab\u00a0Si la gauche est \u00e0 Matignon, la droite sera dans l&rsquo;opposition\u00a0\u00bb, pr\u00e9vient le groupe Les R\u00e9publicains<\/a><a class=\"jumpToVideo\" target=\"_blank\"><img class=\"thumbnailPreview\"\/><\/a><\/p>\n","protected":false},"excerpt":{"rendered":"Flottille humanitaire en route pour Gaza: \u00ab\u00a0Si la France \u00e9tait gouvern\u00e9e par les Insoumis, les navires de la&hellip;\n","protected":false},"author":2,"featured_media":370967,"comment_status":"","ping_status":"","sticky":false,"template":"","format":"standard","meta":{"footnotes":""},"categories":[4],"tags":[11,1011,27,12,25],"class_list":{"0":"post-370966","1":"post","2":"type-post","3":"status-publish","4":"format-standard","5":"has-post-thumbnail","7":"category-france","8":"tag-actualites","9":"tag-fr","10":"tag-france","11":"tag-news","12":"tag-republique-francaise"},"share_on_mastodon":{"url":"https:\/\/pubeurope.com\/@fr\/115158205270198547","error":""},"_links":{"self":[{"href":"https:\/\/www.europesays.com\/fr\/wp-json\/wp\/v2\/posts\/370966","targetHints":{"allow":["GET"]}}],"collection":[{"href":"https:\/\/www.europesays.com\/fr\/wp-json\/wp\/v2\/posts"}],"about":[{"href":"https:\/\/www.europesays.com\/fr\/wp-json\/wp\/v2\/types\/post"}],"author":[{"embeddable":true,"href":"https:\/\/www.europesays.com\/fr\/wp-json\/wp\/v2\/users\/2"}],"replies":[{"embeddable":true,"href":"https:\/\/www.europesays.com\/fr\/wp-json\/wp\/v2\/comments?post=370966"}],"version-history":[{"count":0,"href":"https:\/\/www.europesays.com\/fr\/wp-json\/wp\/v2\/posts\/370966\/revisions"}],"wp:featuredmedia":[{"embeddable":true,"href":"https:\/\/www.europesays.com\/fr\/wp-json\/wp\/v2\/media\/370967"}],"wp:attachment":[{"href":"https:\/\/www.europesays.com\/fr\/wp-json\/wp\/v2\/media?parent=370966"}],"wp:term":[{"taxonomy":"category","embeddable":true,"href":"https:\/\/www.europesays.com\/fr\/wp-json\/wp\/v2\/categories?post=370966"},{"taxonomy":"post_tag","embeddable":true,"href":"https:\/\/www.europesays.com\/fr\/wp-json\/wp\/v2\/tags?post=370966"}],"curies":[{"name":"wp","href":"https:\/\/api.w.org\/{rel}","templated":true}]}}