{"id":370972,"date":"2025-09-06T16:10:12","date_gmt":"2025-09-06T16:10:12","guid":{"rendered":"https:\/\/www.europesays.com\/fr\/370972\/"},"modified":"2025-09-06T16:10:12","modified_gmt":"2025-09-06T16:10:12","slug":"morbidelli-et-aldeguer-penalises-pour-avoir-cause-des-chutes-au-sprint","status":"publish","type":"post","link":"https:\/\/www.europesays.com\/fr\/370972\/","title":{"rendered":"Morbidelli et Aldeguer p\u00e9nalis\u00e9s pour avoir caus\u00e9 des chutes au sprint"},"content":{"rendered":"<p><a href=\"https:\/\/fr.motorsport.com\/driver\/franco-morbidelli\/109417\/\" target=\"_blank\" rel=\"noopener nofollow\">Franco Morbidelli<\/a> est encore dans l&rsquo;\u0153il du cyclone. Le pilote VR46 a \u00e9t\u00e9 p\u00e9nalis\u00e9 par le panel de commissaires MotoGP pour avoir fait tomber <a href=\"https:\/\/fr.motorsport.com\/driver\/jorge-martin\/109391\/\" target=\"_blank\" rel=\"noopener nofollow\">Jorge Mart\u00edn<\/a> pendant la course sprint du GP de Catalogne, samedi.<\/p>\n<p>Morbidelli partait de la quatri\u00e8me place sur la grille, n\u00e9anmoins un envol tr\u00e8s instable l&rsquo;a vu se faire avaler par le peloton. Il a rejoint Mart\u00edn, qui s&rsquo;\u00e9lan\u00e7ait quant \u00e0 lui de la 18e position, et les deux hommes ne se sont pas vraiment quitt\u00e9s durant les tours qui ont suivi.\u00a0Seulement, peu apr\u00e8s la mi-course, alors qu&rsquo;il cherchait \u00e0 s&#8217;emparer de la 16e place, Morbidelli est tomb\u00e9 dans le virage 10, envoyant \u00e9galement l&rsquo;Espagnol au tapis.<\/p>\n<p>\u00a0<\/p>\n<p>Cet incident a imm\u00e9diatement entra\u00een\u00e9 l&rsquo;ouverture d&rsquo;une enqu\u00eate par les commissaires. Lorsqu&rsquo;il a rencontr\u00e9 les m\u00e9dias, apr\u00e8s avoir \u00e9t\u00e9 entendu par Simon Crafar et ses acolytes, Franco Morbidelli a indiqu\u00e9 avoir re\u00e7u une p\u00e9nalit\u00e9 long-lap pour la course principale, qui a ensuite \u00e9t\u00e9 officialis\u00e9e. Il a \u00e9galement pr\u00e9sent\u00e9 ses excuses, expliquant avoir perdu le contr\u00f4le en d\u00e9passant Jorge Mart\u00edn.<\/p>\n<p>\u00ab\u00a0J&rsquo;essayais de le d\u00e9passer, et une fois \u00e0 l&rsquo;int\u00e9rieur, j&rsquo;ai perdu l&rsquo;avant et je l&rsquo;ai heurt\u00e9. J&rsquo;en suis d\u00e9sol\u00e9, c&rsquo;est ma faute. Je vais en tirer des le\u00e7ons et je vais essayer d&rsquo;\u00eatre plus pr\u00e9cis si \u00e7a doit se reproduire\u00a0\u00bb, a assur\u00e9 le pilote italien. \u00ab\u00a0Les conditions \u00e9taient tr\u00e8s difficiles aujourd&rsquo;hui, le grip \u00e9tait tr\u00e8s faible. Il l&rsquo;a \u00e9t\u00e9 depuis le d\u00e9but du week-end et il l&rsquo;est toujours ici. Aujourd&rsquo;hui, \u00e7a a \u00e9t\u00e9 le cas \u00e0 nouveau et c&rsquo;est alors plus facile de commettre une erreur\u00a0\u00bb,\u00a0a-t-il ajout\u00e9, sans toutefois chercher \u00e0 se d\u00e9douaner.<\/p>\n<p>Il y a seulement deux semaines, Franco Morbidelli a d\u00e9j\u00e0 \u00e9t\u00e9 p\u00e9nalis\u00e9, forc\u00e9 de rendre une position pendant le GP de Hongrie apr\u00e8s avoir court-circuit\u00e9 une chicane, une sanction qu&rsquo;il a accept\u00e9e <a href=\"https:\/\/fr.motorsport.com\/motogp\/news\/morbidelli-pas-daccord-penalite-course\/10753655\/\" target=\"_blank\" rel=\"noopener nofollow\">mais en affichant son d\u00e9saccord<\/a>. Pr\u00e9c\u00e9demment, il a \u00e9t\u00e9 p\u00e9nalis\u00e9 aux GP de Tha\u00eflande et de Grande-Bretagne pour avoir g\u00ean\u00e9 un pilote pendant les essais. La seconde infraction lui avait valu trois places de recul sur la grille de d\u00e9part, mais il s&rsquo;\u00e9tait \u00e9galement <a href=\"https:\/\/fr.motorsport.com\/motogp\/news\/morbidelli-sent-cible-penalite-arrive-souvent-autres\/10725822\/\" target=\"_self\" rel=\"noopener nofollow\">senti particuli\u00e8rement cibl\u00e9 par ces d\u00e9cisions des commissaires<\/a>.<\/p>\n<p>Des contusions pour Bezzecchi apr\u00e8s sa chute<\/p>\n<p>Un tour apr\u00e8s son co\u00e9quipier, c&rsquo;est <a href=\"https:\/\/fr.motorsport.com\/driver\/marco-bezzecchi\/441839\/\" target=\"_blank\" rel=\"noopener nofollow\">Marco Bezzecchi<\/a> qui a \u00e9t\u00e9 envoy\u00e9 au tapis. Lui se battait pour la huiti\u00e8me place lorsque <a href=\"https:\/\/fr.motorsport.com\/driver\/fermin-aldeguer\/945314\/\" target=\"_blank\" rel=\"noopener nofollow\">Ferm\u00edn Aldeguer<\/a> l&rsquo;a entra\u00een\u00e9 dans sa chute en tentant de le d\u00e9passer dans le virage 5.<\/p>\n<p>\u00a0<\/p>\n<p>La cons\u00e9quence a \u00e9t\u00e9 la m\u00eame que pour l&rsquo;autre accrochage, les commissaires ayant sanctionn\u00e9 le pilote espagnol \u00e0 qui ils ont inflig\u00e9 une p\u00e9nalit\u00e9 long-lap \u00e0 ex\u00e9cuter pendant la course principale. Si Aldeguer juge cette sanction \u00ab\u00a0un peu excessive\u00a0\u00bb, les commissaires indiquent avoir retenu qu&rsquo;il s&rsquo;agissait de sa seconde infraction, apr\u00e8s qu&rsquo;il a \u00e9t\u00e9 impliqu\u00e9 dans la chute de <a href=\"https:\/\/fr.motorsport.com\/driver\/miguel-oliveira\/109382\/\" target=\"_blank\" rel=\"noopener nofollow\">Miguel Oliveira<\/a> en Argentine.<\/p>\n<p>Bezzecchi a par ailleurs \u00e9t\u00e9 examin\u00e9 au centre m\u00e9dical cet apr\u00e8s-midi, le c\u00f4t\u00e9 gauche de son corps ayant \u00e9t\u00e9 coinc\u00e9 par la Ducati pendant l&rsquo;accident. Il a finalement \u00e9t\u00e9 rassur\u00e9 par l&rsquo;absence de fractures, mais souffre de contusions \u00e0 l&rsquo;avant-bras et \u00e0 la hanche. Aldeguer explique avoir cherch\u00e9 \u00e0 s&rsquo;excuser aupr\u00e8s de l&rsquo;Italien \u00e0 chaud, sans v\u00e9ritable possibilit\u00e9 d&rsquo;\u00e9changer sur le moment.<\/p>\n<p>\u00ab\u00a0Le virage 5 est difficile, on peut facilement tomber. Malgr\u00e9 tout, j&rsquo;y suis all\u00e9 calmement, je n&rsquo;ai pas roul\u00e9 \u00e0 la limite, et pourtant je suis tomb\u00e9. C&rsquo;est dommage pour Bezzecchi, j&rsquo;esp\u00e8re qu&rsquo;il sera en forme pour demain\u00a0\u00bb, a d\u00e9clar\u00e9 le rookie espagnol. \u00ab\u00a0Quand on est tomb\u00e9s, je suis all\u00e9 le voir parce que j&rsquo;ai vu qu&rsquo;il se tenait la main gauche, mais il n&rsquo;a rien dit. J&rsquo;ai dit que j&rsquo;\u00e9tais d\u00e9sol\u00e9.\u00a0\u00bb<\/p>\n<p>Rappelons que <a href=\"https:\/\/fr.motorsport.com\/driver\/joan-mir\/289392\/\" target=\"_blank\" rel=\"noopener nofollow\">Joan Mir<\/a> est \u00e9galement sanctionn\u00e9 pour la course de dimanche. Coupable d&rsquo;avoir g\u00ean\u00e9 <a href=\"https:\/\/fr.motorsport.com\/driver\/fabio-di-giannantonio\/289538\/\" target=\"_blank\" rel=\"noopener nofollow\">Fabio Di Giannantonio<\/a> en sortant des stands pendant les qualifications, le pilote Honda reculera de trois places sur la grille de d\u00e9part.<\/p>\n<p style=\"text-align: right;\">Avec T\u00e9ha Courbon<\/p>\n<p>Lire aussi :<\/p>\n<\/p>\n<\/p>\n<p>Dans cet article<\/p>\n<p>Soyez le premier inform\u00e9 et souscrivez aux alertes mails pour recevoir les infos en temps r\u00e9el<\/p>\n<p>    S&rsquo;abonner aux alertes de news<\/p>\n","protected":false},"excerpt":{"rendered":"Franco Morbidelli est encore dans l&rsquo;\u0153il du cyclone. Le pilote VR46 a \u00e9t\u00e9 p\u00e9nalis\u00e9 par le panel de&hellip;\n","protected":false},"author":2,"featured_media":370973,"comment_status":"","ping_status":"","sticky":false,"template":"","format":"standard","meta":{"footnotes":""},"categories":[1413],"tags":[3563,25466,3453,1011,27,7985,48377,3452,3564,1961,50523,1457,1456,1458,60,7276],"class_list":{"0":"post-370972","1":"post","2":"type-post","3":"status-publish","4":"format-standard","5":"has-post-thumbnail","7":"category-moto","8":"tag-aprilia-racing-team","9":"tag-circuit-de-barcelona-catalunya","10":"tag-fermu00edn-aldeguer","11":"tag-fr","12":"tag-france","13":"tag-franco-morbidelli","14":"tag-gp-de-catalogne","15":"tag-gresini-racing","16":"tag-jorge-martu00edn","17":"tag-marco-bezzecchi","18":"tag-morbidelli-et-aldeguer-pu00e9nalisu00e9s-pour-avoir-causu00e9-des-chutes-au-sprint","19":"tag-moto","20":"tag-motocycle","21":"tag-motogp","22":"tag-sports","23":"tag-team-vr46"},"share_on_mastodon":{"url":"https:\/\/pubeurope.com\/@fr\/115158228945604412","error":""},"_links":{"self":[{"href":"https:\/\/www.europesays.com\/fr\/wp-json\/wp\/v2\/posts\/370972","targetHints":{"allow":["GET"]}}],"collection":[{"href":"https:\/\/www.europesays.com\/fr\/wp-json\/wp\/v2\/posts"}],"about":[{"href":"https:\/\/www.europesays.com\/fr\/wp-json\/wp\/v2\/types\/post"}],"author":[{"embeddable":true,"href":"https:\/\/www.europesays.com\/fr\/wp-json\/wp\/v2\/users\/2"}],"replies":[{"embeddable":true,"href":"https:\/\/www.europesays.com\/fr\/wp-json\/wp\/v2\/comments?post=370972"}],"version-history":[{"count":0,"href":"https:\/\/www.europesays.com\/fr\/wp-json\/wp\/v2\/posts\/370972\/revisions"}],"wp:featuredmedia":[{"embeddable":true,"href":"https:\/\/www.europesays.com\/fr\/wp-json\/wp\/v2\/media\/370973"}],"wp:attachment":[{"href":"https:\/\/www.europesays.com\/fr\/wp-json\/wp\/v2\/media?parent=370972"}],"wp:term":[{"taxonomy":"category","embeddable":true,"href":"https:\/\/www.europesays.com\/fr\/wp-json\/wp\/v2\/categories?post=370972"},{"taxonomy":"post_tag","embeddable":true,"href":"https:\/\/www.europesays.com\/fr\/wp-json\/wp\/v2\/tags?post=370972"}],"curies":[{"name":"wp","href":"https:\/\/api.w.org\/{rel}","templated":true}]}}