{"id":370978,"date":"2025-09-06T16:13:15","date_gmt":"2025-09-06T16:13:15","guid":{"rendered":"https:\/\/www.europesays.com\/fr\/370978\/"},"modified":"2025-09-06T16:13:15","modified_gmt":"2025-09-06T16:13:15","slug":"les-infos-transferts-du-5-septembre","status":"publish","type":"post","link":"https:\/\/www.europesays.com\/fr\/370978\/","title":{"rendered":"les infos transferts du 5 septembre"},"content":{"rendered":"<p>Zapping Foot National Entretien &#8211; Les dessous du football amateur, avec Romain Molina<\/p>\n<p>Alors que le march\u00e9 des transferts a ferm\u00e9 ses portes en d\u00e9but de semaine, plusieurs transferts continuent de tomber au sein des cinq premi\u00e8res divisions fran\u00e7aises. Le r\u00e9capitulatif des transferts de la veille. Un clic sur le joueur pour voir sa fiche, un clic sur le club pour voir l&rsquo;actu transfert du club.<\/p>\n<p>Transferts officiels<\/p>\n<p><a href=\"https:\/\/www.foot-national.com\/data\/34256-joueur-football-Wooh-Christopher.html\" rel=\"nofollow noopener\" target=\"_blank\">Christopher Wooh<\/a> : <a title=\"transferts Rennes\" href=\"https:\/\/www.foot-national.com\/data\/179-club-transfert-Stade-Rennais-Football-Club.html\" rel=\"nofollow noopener\" target=\"_blank\">Rennes<\/a> \u00e0 <a title=\"transferts Spartak Moscou\" href=\"https:\/\/www.foot-national.com\/data\/2108-club-transfert-FC-Spartak-Moscow.html\" rel=\"nofollow noopener\" target=\"_blank\">Spartak Moscou<\/a><br \/><a href=\"https:\/\/www.foot-national.com\/data\/6184-joueur-football-Ghezzal-Rachid.html\" rel=\"nofollow noopener\" target=\"_blank\">Rachid Ghezzal<\/a> : Libre\/Etranger \u00e0 <a title=\"transferts Lyon\" href=\"https:\/\/www.foot-national.com\/data\/116-club-transfert-Olympique-Lyonnais.html\" rel=\"nofollow noopener\" target=\"_blank\">Lyon<\/a><br \/><a href=\"https:\/\/www.foot-national.com\/data\/38295-joueur-football-Bouchenna-Mohamed-Amine.html\" rel=\"nofollow noopener\" target=\"_blank\">Mohamed-Amine Bouchenna<\/a> : <a title=\"transferts Clermont\" href=\"https:\/\/www.foot-national.com\/data\/6-club-transfert-Clermont-Foot-Auvergne.html\" rel=\"nofollow noopener\" target=\"_blank\">Clermont<\/a> \u00e0 Austria Lustenau<br \/><a href=\"https:\/\/www.foot-national.com\/data\/42203-joueur-football-Mara-Sekou.html\" rel=\"nofollow noopener\" target=\"_blank\">Sekou Mara<\/a> : <a title=\"transferts Strasbourg\" href=\"https:\/\/www.foot-national.com\/data\/77-club-transfert-Racing-Club-de-Strasbourg.html\" rel=\"nofollow noopener\" target=\"_blank\">Strasbourg<\/a> \u00e0 <a title=\"transferts Auxerre\" href=\"https:\/\/www.foot-national.com\/data\/117-club-transfert-Association-Jeunesse-Auxerroise.html\" rel=\"nofollow noopener\" target=\"_blank\">Auxerre<\/a><br \/>Boukhary Diabi : Br\u00e9tigny \u00e0 <a title=\"transferts Saint Ouen Aumone\" href=\"https:\/\/www.foot-national.com\/data\/363-club-transfert-St-Ouen-L-Aumone-AS.html\" rel=\"nofollow noopener\" target=\"_blank\">Saint Ouen Aumone<\/a><\/p>\n<p>Les rumeurs du mercatoTableau des transferts<\/p>\n<p>Retrouvez le r\u00e9capitulatif complet des diff\u00e9rents transferts des championnats fran\u00e7ais<\/p>\n<p><a href=\"https:\/\/www.foot-national.com\/data\/transferts-mercato-ligue1.html\" rel=\"nofollow noopener\" target=\"_blank\">Transferts Ligue 1<\/a> \u00a0\u00a0|\u00a0\u00a0 <a href=\"https:\/\/www.foot-national.com\/data\/transferts-mercato-ligue2.html\" rel=\"nofollow noopener\" target=\"_blank\">Transferts Ligue 2<\/a> \u00a0\u00a0|\u00a0\u00a0 <a href=\"https:\/\/www.foot-national.com\/data\/transferts-mercato-national.html\" rel=\"nofollow noopener\" target=\"_blank\">Transferts National<\/a> \u00a0\u00a0|\u00a0\u00a0 <a href=\"https:\/\/www.foot-national.com\/data\/transferts-mercato-national2.html\" rel=\"nofollow noopener\" target=\"_blank\">Transferts National 2<\/a> \u00a0\u00a0|\u00a0\u00a0 <a href=\"https:\/\/www.foot-national.com\/data\/transferts-mercato-national3.html\" rel=\"nofollow noopener\" target=\"_blank\">Transferts National 3<\/a><\/p>\n<p>Partagez cette info avec vos amis et vos proches en cliquant ici<br \/>Pour r\u00e9sumer<\/p>\n<p>Alors que le march\u00e9 des transferts a ferm\u00e9 ses portes en d\u00e9but de semaine, plusieurs transferts continuent de tomber au sein des cinq premi\u00e8res divisions fran\u00e7aises. Le r\u00e9capitulatif des transferts de la veille. Un clic sur le joueur pour voir sa fiche, un clic sur le club pour voir l&rsquo;actu transfert du club.<\/p>\n<p> <img decoding=\"async\" width=\"76\" height=\"76\" loading=\"lazy\" src=\"https:\/\/static.wui.fr\/images_v3\/avatar-footnational.png\" alt=\"Youcef Ghalaza-Boudra\"\/><\/p>\n","protected":false},"excerpt":{"rendered":"Zapping Foot National Entretien &#8211; Les dessous du football amateur, avec Romain Molina Alors que le march\u00e9 des&hellip;\n","protected":false},"author":2,"featured_media":370979,"comment_status":"","ping_status":"","sticky":false,"template":"","format":"standard","meta":{"footnotes":""},"categories":[1410],"tags":[63,1011,27,60],"class_list":{"0":"post-370978","1":"post","2":"type-post","3":"status-publish","4":"format-standard","5":"has-post-thumbnail","7":"category-football","8":"tag-football","9":"tag-fr","10":"tag-france","11":"tag-sports"},"share_on_mastodon":{"url":"https:\/\/pubeurope.com\/@fr\/115158240804876224","error":""},"_links":{"self":[{"href":"https:\/\/www.europesays.com\/fr\/wp-json\/wp\/v2\/posts\/370978","targetHints":{"allow":["GET"]}}],"collection":[{"href":"https:\/\/www.europesays.com\/fr\/wp-json\/wp\/v2\/posts"}],"about":[{"href":"https:\/\/www.europesays.com\/fr\/wp-json\/wp\/v2\/types\/post"}],"author":[{"embeddable":true,"href":"https:\/\/www.europesays.com\/fr\/wp-json\/wp\/v2\/users\/2"}],"replies":[{"embeddable":true,"href":"https:\/\/www.europesays.com\/fr\/wp-json\/wp\/v2\/comments?post=370978"}],"version-history":[{"count":0,"href":"https:\/\/www.europesays.com\/fr\/wp-json\/wp\/v2\/posts\/370978\/revisions"}],"wp:featuredmedia":[{"embeddable":true,"href":"https:\/\/www.europesays.com\/fr\/wp-json\/wp\/v2\/media\/370979"}],"wp:attachment":[{"href":"https:\/\/www.europesays.com\/fr\/wp-json\/wp\/v2\/media?parent=370978"}],"wp:term":[{"taxonomy":"category","embeddable":true,"href":"https:\/\/www.europesays.com\/fr\/wp-json\/wp\/v2\/categories?post=370978"},{"taxonomy":"post_tag","embeddable":true,"href":"https:\/\/www.europesays.com\/fr\/wp-json\/wp\/v2\/tags?post=370978"}],"curies":[{"name":"wp","href":"https:\/\/api.w.org\/{rel}","templated":true}]}}