{"id":370986,"date":"2025-09-06T16:17:10","date_gmt":"2025-09-06T16:17:10","guid":{"rendered":"https:\/\/www.europesays.com\/fr\/370986\/"},"modified":"2025-09-06T16:17:10","modified_gmt":"2025-09-06T16:17:10","slug":"quand-lemission-de-lea-salame-fera-t-elle-sa-rentree-sur-france-2","status":"publish","type":"post","link":"https:\/\/www.europesays.com\/fr\/370986\/","title":{"rendered":"quand l\u2019\u00e9mission de L\u00e9a Salam\u00e9 fera-t-elle sa rentr\u00e9e sur France 2 ?"},"content":{"rendered":"<p>    L\u00e9a Salam\u00e9 \u00e0 la t\u00eate de \u00abQuelle \u00e9poque!\u00bb sur France 2.<br \/>\n                Nathalie Guyon &#8211; FTV<\/p>\n<p>La journaliste, qui a repris les commandes du \u00ab20 Heures\u00bb de la Deux le 1er septembre, tarde \u00e0 revenir \u00e0 la t\u00eate de son talk-show hebdomadaire \u00e0 succ\u00e8s. Explications.<\/p>\n<p class=\"fig-paragraph\">Elle s\u2019appr\u00eate \u00e0 entamer sa quatri\u00e8me saison.\u00a0<a href=\"http:\/\/tvmag.lefigaro.fr\/programme-tv\/actu-tele\/bapteme-de-feu-pour-lea-salame-qui-presente-son-premier-20-heures-ce-soir-sur-france-2-20250901\" target=\"_blank\" data-fig-type=\"Article\" rel=\"noopener\" data-gtm-custom-categorie=\"navigation\" data-gtm-custom-action=\"crossclick\" data-gtm-custom-label=\"Contextuel\" data-gtm-event=\"customEventSPE\" data-fig-domain=\"TVMAG\"><strong>L\u00e9a Salam\u00e9<\/strong><\/a> \u00a0revient cette ann\u00e9e \u00e0 la t\u00eate de \u00abQuelle \u00e9poque!\u00bb qu\u2019elle anime depuis 2022. Sauf que le talk-show \u00e0 succ\u00e8s du samedi soir de France 2 ne figure pas dans la grille des programmes du 6 septembre. Ni dans celle du 13 septembre prochain. Il faudra en effet attendre le 20 septembre pour revoir la journaliste le samedi soir en deuxi\u00e8me partie de soir\u00e9e sur la Deux..<\/p>\n<p class=\"fig-paragraph\">Soit trois semaines apr\u00e8s sa rentr\u00e9e. L\u00e9a Salam\u00e9 pr\u00e9sente en effet le \u00ab20 Heures\u00bb de France 2 depuis le lundi 1er septembre. A-t-elle demand\u00e9 \u00e0 se roder avant de cumuler les deux casquettes de pr\u00e9sentatrice de JT et d\u2019animatrice de talk-show\u00a0? Possible. Toutefois, si l\u2019on compare les trois rentr\u00e9es pr\u00e9c\u00e9dentes de \u00abQuelle \u00e9poque!\u00bb, cette date n\u2019est pas une surprise. En 2024, l\u2019\u00e9mission faisait son retour le 21 septembre, quand en 2022, la premi\u00e8re saison \u00e9tait lanc\u00e9e le 24 septembre. La date la plus pr\u00e9coce remonte \u00e0 2023. La star et ses acolytes avaient repris du service le 9 septembre.<\/p>\n<p class=\"fig-body-link\">\n            \u00c0 lire aussi<br \/>\n        <a class=\"fig-body-link__link\" href=\"http:\/\/tvmag.lefigaro.fr\/programme-tv\/actu-tele\/j-ai-ete-extremement-fier-raphael-glucksmann-reagit-aux-debuts-de-lea-salame-au-20-heures-de-france-2-20250904\" target=\"_blank\" data-fig-type=\"Article\" rel=\"noopener\" data-gtm-custom-categorie=\"navigation\" data-gtm-custom-action=\"crossclick\" data-gtm-custom-label=\"Contextuel\" data-gtm-event=\"customEventSPE\" data-fig-domain=\"TVMAG\">\u00abJ\u2019ai \u00e9t\u00e9 extr\u00eamement fier\u00bb\u00a0: Rapha\u00ebl Glucksmann r\u00e9agit aux d\u00e9buts de L\u00e9a Salam\u00e9 au \u00ab20 Heures\u00bb de France 2<br \/>\n    <\/a>\n<\/p>\n<p>                                    <a class=\"fig-a11y-skip a11y-hidden\" href=\"#fig-a11y-skip-main-inarticle\"><br \/>\n        Passer la publicit\u00e9<br \/>\n    <\/a><\/p>\n<p class=\"fig-paragraph\">L\u00e9a Salam\u00e9 devrait retrouver sa bande habituelle compos\u00e9e par\u00a0<a href=\"http:\/\/tvmag.lefigaro.fr\/programme-tv\/people\/elle-a-balance-des-missiles-sur-cohen-philippe-caveriviere-revient-sur-le-passage-de-rachida-dati-dans-c-a-vous-20250620\" target=\"_blank\" data-fig-type=\"Article\" rel=\"noopener\" data-gtm-custom-categorie=\"navigation\" data-gtm-custom-action=\"crossclick\" data-gtm-custom-label=\"Contextuel\" data-gtm-event=\"customEventSPE\" data-fig-domain=\"TVMAG\">Philippe Caverivi\u00e8re<\/a>,\u00a0<a href=\"http:\/\/tvmag.lefigaro.fr\/programme-tv\/actu-tele\/tu-m-as-fait-assez-d-emmerdes-cette-semaine-lea-salame-reagit-aux-blagues-de-paul-de-saint-sernin-20250511\" target=\"_blank\" data-fig-type=\"Article\" rel=\"noopener\" data-gtm-custom-categorie=\"navigation\" data-gtm-custom-action=\"crossclick\" data-gtm-custom-label=\"Contextuel\" data-gtm-event=\"customEventSPE\" data-fig-domain=\"TVMAG\">Paul de Saint Sernin<\/a>\u00a0et\u00a0<a href=\"http:\/\/tvmag.lefigaro.fr\/programme-tv\/actu-tele\/quelle-epoque-intervention-embarrassante-de-l-humoriste-charlotte-dhenaux-nouvelle-recrue-de-l-emission-20230910\" target=\"_blank\" data-fig-type=\"Article\" rel=\"noopener\" data-gtm-custom-categorie=\"navigation\" data-gtm-custom-action=\"crossclick\" data-gtm-custom-label=\"Contextuel\" data-gtm-event=\"customEventSPE\" data-fig-domain=\"TVMAG\">Charlotte Dhenaux<\/a>. Seul l\u2019invit\u00e9 permanent durant deux saisons et demie\u00a0<a href=\"http:\/\/tvmag.lefigaro.fr\/programme-tv\/actu-tele\/elle-flippe-christophe-dechavanne-commente-l-arrivee-de-lea-salame-au-20-heures-de-france-2-20250801\" target=\"_blank\" data-fig-type=\"Article\" rel=\"noopener\" data-gtm-custom-categorie=\"navigation\" data-gtm-custom-action=\"crossclick\" data-gtm-custom-label=\"Contextuel\" data-gtm-event=\"customEventSPE\" data-fig-domain=\"TVMAG\">Christophe Dechavanne<\/a>\u00a0manque d\u00e9sormais \u00e0 l\u2019appel. L\u2019ex-animateur vedette des ann\u00e9es 1990 et 2000 s\u2019est retir\u00e9 du programme en mars dernier apr\u00e8s sa condamnation pour conduite sous stup\u00e9fiant quelques jours plus t\u00f4t. Il n\u2019est jamais r\u00e9apparu sur le petit \u00e9cran depuis sa derni\u00e8re, le 1er mars.<\/p>\n<p class=\"fig-paragraph\">La troisi\u00e8me saison de \u00abQuelle \u00e9poque!\u00bb s\u2019est achev\u00e9e samedi 7 juin dernier. L\u00e9a Salam\u00e9 s\u2019\u00e9tait f\u00e9licit\u00e9e d\u2019avoir conclu une saison record en termes d\u2019audience. Environ 1,2 million de t\u00e9l\u00e9spectateurs, soit 20,8%, ont effectivement \u00e9t\u00e9 rassembl\u00e9s chaque semaine, entre les mois de septembre et juin. \u00c0 titre de comparaison, la saison 2 attirait en moyenne 1,19 million de t\u00e9l\u00e9spectateurs et 19,7% de part de march\u00e9 alors que la premi\u00e8re pouvait compter sur environ 1,15 million de t\u00e9l\u00e9spectateurs chaque samedi, soit 17,1% du public.<\/p>\n","protected":false},"excerpt":{"rendered":"L\u00e9a Salam\u00e9 \u00e0 la t\u00eate de \u00abQuelle \u00e9poque!\u00bb sur France 2. Nathalie Guyon &#8211; FTV La journaliste, qui&hellip;\n","protected":false},"author":2,"featured_media":370987,"comment_status":"","ping_status":"","sticky":false,"template":"","format":"standard","meta":{"footnotes":""},"categories":[1356],"tags":[58,59,1011,27,3806,252,1364],"class_list":{"0":"post-370986","1":"post","2":"type-post","3":"status-publish","4":"format-standard","5":"has-post-thumbnail","7":"category-television","8":"tag-divertissement","9":"tag-entertainment","10":"tag-fr","11":"tag-france","12":"tag-lea-salame","13":"tag-television","14":"tag-tv"},"share_on_mastodon":{"url":"https:\/\/pubeurope.com\/@fr\/115158256432642704","error":""},"_links":{"self":[{"href":"https:\/\/www.europesays.com\/fr\/wp-json\/wp\/v2\/posts\/370986","targetHints":{"allow":["GET"]}}],"collection":[{"href":"https:\/\/www.europesays.com\/fr\/wp-json\/wp\/v2\/posts"}],"about":[{"href":"https:\/\/www.europesays.com\/fr\/wp-json\/wp\/v2\/types\/post"}],"author":[{"embeddable":true,"href":"https:\/\/www.europesays.com\/fr\/wp-json\/wp\/v2\/users\/2"}],"replies":[{"embeddable":true,"href":"https:\/\/www.europesays.com\/fr\/wp-json\/wp\/v2\/comments?post=370986"}],"version-history":[{"count":0,"href":"https:\/\/www.europesays.com\/fr\/wp-json\/wp\/v2\/posts\/370986\/revisions"}],"wp:featuredmedia":[{"embeddable":true,"href":"https:\/\/www.europesays.com\/fr\/wp-json\/wp\/v2\/media\/370987"}],"wp:attachment":[{"href":"https:\/\/www.europesays.com\/fr\/wp-json\/wp\/v2\/media?parent=370986"}],"wp:term":[{"taxonomy":"category","embeddable":true,"href":"https:\/\/www.europesays.com\/fr\/wp-json\/wp\/v2\/categories?post=370986"},{"taxonomy":"post_tag","embeddable":true,"href":"https:\/\/www.europesays.com\/fr\/wp-json\/wp\/v2\/tags?post=370986"}],"curies":[{"name":"wp","href":"https:\/\/api.w.org\/{rel}","templated":true}]}}