{"id":370988,"date":"2025-09-06T16:18:13","date_gmt":"2025-09-06T16:18:13","guid":{"rendered":"https:\/\/www.europesays.com\/fr\/370988\/"},"modified":"2025-09-06T16:18:13","modified_gmt":"2025-09-06T16:18:13","slug":"redemption-dune-chanson-redemption-dune-chanteuse","status":"publish","type":"post","link":"https:\/\/www.europesays.com\/fr\/370988\/","title":{"rendered":"r\u00e9demption d&rsquo;une chanson, r\u00e9demption d&rsquo;une chanteuse"},"content":{"rendered":"<p class=\"c-chapo \">\n  En sortant il y a quelques jours \u00ab\u00a0La (Nouvelle) Liste\u00a0\u00bb, r\u00e9\u00e9criture du tube inaugural de sa carri\u00e8re, sorti en 2006, l&rsquo;artiste revient sur les \u00e9preuves qu&rsquo;elle a travers\u00e9es dans sa vie et sa carri\u00e8re. Une d\u00e9marche singuli\u00e8re dans l&rsquo;histoire de la chanson.\n<\/p>\n<p>            lire plus tard<\/p>\n<p id=\"dialog__title\" class=\"dialog__title\">Pour sauvegarder cet article, connectez-vous ou cr\u00e9ez un compte franceinfo<\/p>\n<p class=\"dialog__description\">Sans paiement. Sans abonnement.<\/p>\n<p>        Fermer la fen\u00eatre d\u2019activation des notifications France Info<\/p>\n<p>            cr\u00e9er votre compte<\/p>\n<p>            se connecter<\/p>\n<p>        Fermer la fen\u00eatre de pr\u00e9sentation<\/p>\n<p>    <img loading=\"lazy\" decoding=\"async\" class=\"signature__image lazyload\" width=\"100\" height=\"100\" data- alt=\"\" src=\"https:\/\/www.europesays.com\/fr\/wp-content\/uploads\/2025\/07\/dicale-bertrand-portrait-670e84da8b005383663508.png\"\/><\/p>\n<p>    Publi\u00e9 le 06\/09\/2025 10:10<\/p>\n<p>        Temps de lecture : 1min<\/p>\n<p>    <img decoding=\"async\"  alt=\"Rose sur sc\u00e8ne, dans sa premi\u00e8re vie de chanteuse, en 2009 \u00e0 Montgeron (Essonne). (PIERRE-JEAN GROUILLE \/ AFP)\" width=\"432\" height=\"243\" src=\"https:\/\/www.europesays.com\/fr\/wp-content\/uploads\/2025\/09\/010-pgr09a04-358-68bbe44aad1f8103504344.jpg\" fetchpriority=\"high\"\/><\/p>\n<p>      Rose sur sc\u00e8ne, dans sa premi\u00e8re vie de chanteuse, en 2009 \u00e0 Montgeron (Essonne). (PIERRE-JEAN GROUILLE \/ AFP)<\/p>\n<p>Cette bonne vieille chanson a \u00e9t\u00e9 corrig\u00e9e. Sur les machines et sur les ondes, on entend depuis quelques jours La (nouvelle) Liste, le titre qui avait fait d\u00e9couvrir Rose en 2006, mais dont le texte a \u00e9t\u00e9 profond\u00e9ment remani\u00e9. Souvenez-vous de son d\u00e9but, jadis.<\/p>\n<p>Rose avait \u00e9crit cette chanson en 2005, il y a exactement 20\u00a0ans, en notant tout ce qu\u2019elle avait envie de faire avec son amoureux \u2013\u00a0le refrain disait d\u2019ailleurs\u00a0: \u00ab\u00a0c\u2019est la liste des choses que j\u2019veux faire avec toi\u00a0\u00bb\u00a0\u2013, une \u00e9num\u00e9ration principalement h\u00e9doniste mais aussi un peu nihiliste. Quelques mois plus tard, elle sortait son premier album en disant d\u00e9finitivement adieu au m\u00e9tier d\u2019institutrice.<\/p>\n<p><strong>Dans le premier \u00e9pisode de Ces chansons qui font l\u2019actu ce week-end, vous entendez des extraits de : <\/strong><\/p>\n<p>Rose, La (nouvelle) Liste, 2025<\/p>\n<p>Rose, La Liste, \u00a02006<\/p>\n<p>Rose, Sombre con, 2006<\/p>\n<p>Rose, Une bi\u00e8re, un croissant, 2019<\/p>\n<p>Rose, La (nouvelle) Liste, 2025<\/p>\n<p>Janis Joplin, Kozmic Blues, 1969<\/p>\n<p>Bette Midler, The Rose, 1979<\/p>\n<p>Rose, La (nouvelle) Liste, 2025<\/p>\n<p>Jacques Brel, Les Bonbons , 1963<\/p>\n<p>Jacques Brel, Les Bonbons 67, 1967<\/p>\n<p>Vincent Delerm, Les filles de 1973 ont trente ans, 2003<\/p>\n<p>Vincent Delerm, Les filles de 1976 ont trente ans, 2006<\/p>\n<p>Rose, La (nouvelle) Liste, 2025<\/p>\n<p><strong>Vous pouvez \u00e9galement suivre l&rsquo;actualit\u00e9 de cette chronique\u00a0<a href=\"https:\/\/bsky.app\/profile\/bertranddicale.bsky.social\" target=\"_blank\" rel=\"noopener nofollow\">sur BlueSky<\/a>\u00a0et\u00a0<\/strong><a href=\"https:\/\/twitter.com\/BertrandDicale\" rel=\"nofollow noopener\" target=\"_blank\"><strong>sur X (ex-Twitter).<\/strong><\/a><\/p>\n<p><script async src=\"https:\/\/platform.twitter.com\/widgets.js\" charset=\"utf-8\"><\/script><\/p>\n","protected":false},"excerpt":{"rendered":"En sortant il y a quelques jours \u00ab\u00a0La (Nouvelle) Liste\u00a0\u00bb, r\u00e9\u00e9criture du tube inaugural de sa carri\u00e8re, sorti&hellip;\n","protected":false},"author":2,"featured_media":370989,"comment_status":"","ping_status":"","sticky":false,"template":"","format":"standard","meta":{"footnotes":""},"categories":[1355],"tags":[58,59,1011,27,1361,873],"class_list":{"0":"post-370988","1":"post","2":"type-post","3":"status-publish","4":"format-standard","5":"has-post-thumbnail","7":"category-musique","8":"tag-divertissement","9":"tag-entertainment","10":"tag-fr","11":"tag-france","12":"tag-music","13":"tag-musique"},"share_on_mastodon":{"url":"https:\/\/pubeurope.com\/@fr\/115158261376538365","error":""},"_links":{"self":[{"href":"https:\/\/www.europesays.com\/fr\/wp-json\/wp\/v2\/posts\/370988","targetHints":{"allow":["GET"]}}],"collection":[{"href":"https:\/\/www.europesays.com\/fr\/wp-json\/wp\/v2\/posts"}],"about":[{"href":"https:\/\/www.europesays.com\/fr\/wp-json\/wp\/v2\/types\/post"}],"author":[{"embeddable":true,"href":"https:\/\/www.europesays.com\/fr\/wp-json\/wp\/v2\/users\/2"}],"replies":[{"embeddable":true,"href":"https:\/\/www.europesays.com\/fr\/wp-json\/wp\/v2\/comments?post=370988"}],"version-history":[{"count":0,"href":"https:\/\/www.europesays.com\/fr\/wp-json\/wp\/v2\/posts\/370988\/revisions"}],"wp:featuredmedia":[{"embeddable":true,"href":"https:\/\/www.europesays.com\/fr\/wp-json\/wp\/v2\/media\/370989"}],"wp:attachment":[{"href":"https:\/\/www.europesays.com\/fr\/wp-json\/wp\/v2\/media?parent=370988"}],"wp:term":[{"taxonomy":"category","embeddable":true,"href":"https:\/\/www.europesays.com\/fr\/wp-json\/wp\/v2\/categories?post=370988"},{"taxonomy":"post_tag","embeddable":true,"href":"https:\/\/www.europesays.com\/fr\/wp-json\/wp\/v2\/tags?post=370988"}],"curies":[{"name":"wp","href":"https:\/\/api.w.org\/{rel}","templated":true}]}}