{"id":370990,"date":"2025-09-06T16:19:22","date_gmt":"2025-09-06T16:19:22","guid":{"rendered":"https:\/\/www.europesays.com\/fr\/370990\/"},"modified":"2025-09-06T16:19:22","modified_gmt":"2025-09-06T16:19:22","slug":"un-extrait-pour-lego-star-wars-reconstruire-la-galaxie-actualites-television-star-wars-universe","status":"publish","type":"post","link":"https:\/\/www.europesays.com\/fr\/370990\/","title":{"rendered":"Un extrait pour LEGO Star Wars Reconstruire la Galaxie \u2022 Actualit\u00e9s T\u00e9l\u00e9vision \u2022 Star Wars Universe"},"content":{"rendered":"<p>La saison 2 de la s\u00e9rie <a href=\"https:\/\/www.starwars-universe.com\/tv-serie-31-reconstruire-la-galaxie.html\" target=\"_blank\" rel=\"noopener\">LEGO Star Wars Reconstruire la Galaxie<\/a> (Rebuild the Galaxy) approche \u00e0 grands pas ! Apr\u00e8s <a href=\"https:\/\/www.starwars-universe.com\/actu-21363-une-bande-annonce-pour-la-saison-2-de-lego-star-wars-reconstruire-la-galaxie.html\" target=\"_blank\" rel=\"noopener\">une premi\u00e8re bande-annonce<\/a> cet \u00e9t\u00e9, on a droit \u00e0 un petit extrait (en anglais) qui nous d\u00e9voile l&rsquo;arriv\u00e9e de deux nouveaux personnages connus :<\/p>\n<p>\u00a0<\/p>\n<\/p>\n<p>\u00a0<\/p>\n<p><b>Revan est de retour !<\/b> Ou bien <a href=\"https:\/\/www.starwars-universe.com\/personnage-2150-dark-revan.html\" class=\"qtip_motcle\" tt_type=\"personnage\" tt_id=\"2150\" target=\"_blank\" rel=\"noopener\">Dark Revan<\/a>, qui sait.<br \/>Si vous \u00eates arriv\u00e9s ici apr\u00e8s avoir lu 15 titres en majuscules sur les r\u00e9seaux sociaux (\u00ab\u00a0Revan revient en animation !\u00a0\u00bb, \u00ab\u00a0Ce personnage mythique de KOTOR fait son grand retour dans la saga\u00a0\u00bb, \u00ab\u00a05 raisons qui donnent espoir en l&rsquo;avenir de la franchise Star Wars (la 3e va vous surprendre)\u00a0\u00bb, sur SWU on essaye de prendre les choses un peu plus pos\u00e9ment (la preuve, on a attendu le sous-titre de l&rsquo;actu pour mettre \u00ab\u00a0Revan\u00a0\u00bb).<\/p>\n<p>Reconstuire la Galaxie, c&rsquo;est une s\u00e9rie d&rsquo;animation dans laquelle l&rsquo;univers Star Wars se retrouve compl\u00e8tement chamboul\u00e9. Vador et Palpatine sont des gentils, Jar Jar et Rey sont des Sith, Leia sort avec <a href=\"https:\/\/www.starwars-universe.com\/personnage-674-greedo.html\" class=\"qtip_motcle\" tt_type=\"personnage\" tt_id=\"674\" target=\"_blank\" rel=\"noopener\">Greedo<\/a>&#8230; Un gros d\u00e9lire. Par ici <a href=\"https:\/\/www.starwars-universe.com\/actu-20879-lego-star-wars-rebuild-the-galaxy-notre-critique.html\" target=\"_blank\" rel=\"noopener\"><b>on avait bien aim\u00e9<\/b><\/a>, et on vous conseille d&rsquo;y jeter un oeil.<br \/>Le concept permet de glisser des r\u00e9f\u00e9rences plus ou moins pointues pour les fans. Dans les r\u00e9f\u00e9rences de la saison 1, on pourrait citer <a href=\"https:\/\/www.starwars-universe.com\/personnage-709-dark-vador.html\" class=\"qtip_motcle\" tt_type=\"personnage\" tt_id=\"709\" target=\"_blank\" rel=\"noopener\">Dark Vador<\/a> en blanc, Dark Jar Jar, Jaxxon le pilote-lapin vert, ou encore Jedi Bob qui n&rsquo;\u00e9tait apparu que dans un set LEGO de 2002, et nomm\u00e9 dans un guide en 2009. Oui, des fois \u00e7a va chercher loin. Et donc non, il ne faut pas voir dans l&rsquo;apparition de <a href=\"https:\/\/www.starwars-universe.com\/personnage-372-revan.html\" class=\"qtip_motcle\" tt_type=\"personnage\" tt_id=\"372\" target=\"_blank\" rel=\"noopener\">Revan<\/a> dans cette s\u00e9rie un signe d&rsquo;un retour plus \u00ab\u00a0officiel\u00a0\u00bb dans l&rsquo;univers Star Wars&#8230; Au mieux on aura droit \u00e0 une figurine dans un set LEGO, mais sans plus.<\/p>\n<p>Maintenant que l&rsquo;excitation est retomb\u00e9e, r\u00e9jouissons-nous de la deuxi\u00e8me surprise de cet extrait : un\u00a0<b>Dark Obi-Wan sera l\u00e0 !<\/b><\/p>\n<p style=\"text-align: left;\">\u00a0<\/p>\n<p style=\"text-align: left;\">Rendez-vous le 19 septembre 2025 sur Disney+ pour d\u00e9couvrir les 4 \u00e9pisodes de cette nouvelle saison.<\/p>\n<p>Merci \u00e0 Dinojedi pour l&rsquo;alerte !<\/p>\n","protected":false},"excerpt":{"rendered":"La saison 2 de la s\u00e9rie LEGO Star Wars Reconstruire la Galaxie (Rebuild the Galaxy) approche \u00e0 grands&hellip;\n","protected":false},"author":2,"featured_media":370991,"comment_status":"","ping_status":"","sticky":false,"template":"","format":"standard","meta":{"footnotes":""},"categories":[1354],"tags":[1573,1519,1548,11,1557,1505,1501,1571,1545,1525,1497,1488,1523,1543,1524,1510,1511,58,1555,1574,1495,1496,1494,59,1564,1565,1566,1567,1568,1569,1558,1559,1560,1561,1562,1563,1500,1346,1547,1011,27,1538,1492,1487,1549,1544,1526,1532,1553,1520,1552,1508,1577,1576,1499,1503,1529,1493,1537,1531,1535,1533,1530,1541,1540,1534,1502,1517,1551,1512,1360,1522,1550,1507,1504,1515,1518,1509,1556,1575,1572,1539,1528,1004,521,1554,1506,1536,974,1480,1542,1481,1484,1486,1485,1521,252,1489,1490,1498,1570,50525,1491,1483,1514,1513,1482,1546,1527,1516],"class_list":{"0":"post-370990","1":"post","2":"type-post","3":"status-publish","4":"format-standard","5":"has-post-thumbnail","7":"category-films","8":"tag-a-new-hope","9":"tag-ackbar","10":"tag-activision","11":"tag-actualites","12":"tag-alliance","13":"tag-amidala","14":"tag-anakin","15":"tag-attack-of-the-clones","16":"tag-attakus","17":"tag-bespin","18":"tag-chronologie","19":"tag-clone-wars","20":"tag-coruscant","21":"tag-courleciel","22":"tag-dagobah","23":"tag-dark","24":"tag-darth","25":"tag-divertissement","26":"tag-empire","27":"tag-empire-strikes-back","28":"tag-encyclopaedia","29":"tag-encyclopedia","30":"tag-encyclopedie","31":"tag-entertainment","32":"tag-episode-1","33":"tag-episode-2","34":"tag-episode-3","35":"tag-episode-4","36":"tag-episode-5","37":"tag-episode-6","38":"tag-episode-i","39":"tag-episode-ii","40":"tag-episode-iii","41":"tag-episode-iv","42":"tag-episode-v","43":"tag-episode-vi","44":"tag-fate-of-the-jedi","45":"tag-films","46":"tag-fleuve-noir","47":"tag-fr","48":"tag-france","49":"tag-george","50":"tag-guerre-des-clones","51":"tag-guerre-des-etoiles","52":"tag-harisson-ford","53":"tag-hasbro","54":"tag-hoth","55":"tag-ilm","56":"tag-jedi","57":"tag-kamino","58":"tag-kenny-baker","59":"tag-kenobi","60":"tag-l","61":"tag-la-menace-fantome","62":"tag-legacy-of-the-force","63":"tag-leia","64":"tag-lightsaber","65":"tag-live-serie","66":"tag-lucas","67":"tag-lucasarts","68":"tag-lucasbooks","69":"tag-lucasdigital","70":"tag-lucasfilm","71":"tag-lucasfilm-magazine","72":"tag-lucasmag","73":"tag-lucasonline","74":"tag-luke","75":"tag-mace-windu","76":"tag-mark-hamill","77":"tag-maul","78":"tag-movies","79":"tag-naboo","80":"tag-natalie-portman","81":"tag-obi-wan","82":"tag-padme","83":"tag-palpatine","84":"tag-piett","85":"tag-qui-gon-jinn","86":"tag-rebellion","87":"tag-return-of-the-jedi","88":"tag-revenge-of-the-sith","89":"tag-rick-mc-callum","90":"tag-sabre-laser","91":"tag-senat","92":"tag-serie","93":"tag-sith","94":"tag-skywalker","95":"tag-skywalker-ranch","96":"tag-star","97":"tag-star-wars","98":"tag-star-wars-magazine","99":"tag-starwars","100":"tag-starwars-universe","101":"tag-swoo","102":"tag-swu","103":"tag-tatooine","104":"tag-television","105":"tag-the-clone-wars","106":"tag-the-force-unleashed","107":"tag-the-old-republic","108":"tag-the-phantom-menace","109":"tag-un-extrait-pour-lego-star-wars-reconstruire-la-galaxie","110":"tag-univers-etendu","111":"tag-universe","112":"tag-vader","113":"tag-vador","114":"tag-wars","115":"tag-wizard","116":"tag-yavin","117":"tag-yoda"},"share_on_mastodon":{"url":"","error":"Validation failed: Text character limit of 500 exceeded"},"_links":{"self":[{"href":"https:\/\/www.europesays.com\/fr\/wp-json\/wp\/v2\/posts\/370990","targetHints":{"allow":["GET"]}}],"collection":[{"href":"https:\/\/www.europesays.com\/fr\/wp-json\/wp\/v2\/posts"}],"about":[{"href":"https:\/\/www.europesays.com\/fr\/wp-json\/wp\/v2\/types\/post"}],"author":[{"embeddable":true,"href":"https:\/\/www.europesays.com\/fr\/wp-json\/wp\/v2\/users\/2"}],"replies":[{"embeddable":true,"href":"https:\/\/www.europesays.com\/fr\/wp-json\/wp\/v2\/comments?post=370990"}],"version-history":[{"count":0,"href":"https:\/\/www.europesays.com\/fr\/wp-json\/wp\/v2\/posts\/370990\/revisions"}],"wp:featuredmedia":[{"embeddable":true,"href":"https:\/\/www.europesays.com\/fr\/wp-json\/wp\/v2\/media\/370991"}],"wp:attachment":[{"href":"https:\/\/www.europesays.com\/fr\/wp-json\/wp\/v2\/media?parent=370990"}],"wp:term":[{"taxonomy":"category","embeddable":true,"href":"https:\/\/www.europesays.com\/fr\/wp-json\/wp\/v2\/categories?post=370990"},{"taxonomy":"post_tag","embeddable":true,"href":"https:\/\/www.europesays.com\/fr\/wp-json\/wp\/v2\/tags?post=370990"}],"curies":[{"name":"wp","href":"https:\/\/api.w.org\/{rel}","templated":true}]}}