{"id":370996,"date":"2025-09-06T16:22:08","date_gmt":"2025-09-06T16:22:08","guid":{"rendered":"https:\/\/www.europesays.com\/fr\/370996\/"},"modified":"2025-09-06T16:22:08","modified_gmt":"2025-09-06T16:22:08","slug":"jetais-en-pleurs-a-la-braderie-de-lille-le-vide-dressing-hpi-attire-les-foules-le-parisien","status":"publish","type":"post","link":"https:\/\/www.europesays.com\/fr\/370996\/","title":{"rendered":"\u00ab J\u2019\u00e9tais en pleurs \u00bb : \u00e0 la braderie de Lille, le vide-dressing \u00ab HPI \u00bb attire les foules &#8211; Le Parisien"},"content":{"rendered":"<ol>\n<li><a href=\"https:\/\/news.google.com\/rss\/articles\/CBMi-AFBVV95cUxNa3RKRkVVbllVMUJrblFkVEUxRmR4OXB4MExYbXlVLW9kZnFENVpHLUFYMmZWSEl4WWhkVUxnMWw2SXBpRmlhZU1VN0dZMmNINDZ3UUgxWmlZaU44WEdtZ2YwRTd3T3VHMGNYY0k0dFRxZU1xOHBVaFhEUDBNQ2ZfZzh0OXMyTEFBNG5iNFp1Z2dFNW1DZlZZYVJoZGVMWWZWa2J1MThvRGpBcmlDdEFDZ1ptZWVLdmhqakc5dHUzSjl6eW9CdzI2YmhabVE3YzF5YVlqNWlvUjRyLUtTM0c0dlBnWFFVdzBrN3hGSFFyVjZvRXJiWWdDcg?oc=5\" target=\"_blank\" rel=\"nofollow noopener\">\u00ab J\u2019\u00e9tais en pleurs \u00bb : \u00e0 la braderie de Lille, le vide-dressing \u00ab HPI \u00bb attire les foules<\/a>&nbsp;&nbsp;Le Parisien<\/li>\n<li><a href=\"https:\/\/news.google.com\/rss\/articles\/CBMi9AFBVV95cUxQWTVnV3M2LUVQZ0pQV1FJWnA3OUlaTlViWFFmcTU0WGM3dWxpMmkzMEpaVnZyUVk3WG5LYTVVNURWRFBScE1BVXpwRDZmTUlJczhtNk9RTnRfdEdQeGdtZG9Td0R5VzZ0T01rSnoxWjdDdF9uTkxveHFhVnhnZjRfRUpYd0tBZGllc2VnRkpfdEc1b3NCZ2lkRDFEZ1ZxQ19xNEF2UEw0NVRKc3pfY0hTNmtGUHZ2dFRZOC0xb2xWRm5MN3BPYTRoNm5ON2hmaGQyVXRic2prTVFEZml1a2RGSkhtRWJ2bTF3SFB5cS01c2V2MzIz?oc=5\" target=\"_blank\" rel=\"nofollow noopener\">\u00ab\u00a0Je ne sors jamais\u00a0\u00bb : Audrey Fleurot explique comment elle a r\u00e9ussi \u00e0 supporter les tournages tr\u00e8s intenses de HPI<\/a>&nbsp;&nbsp;programme-tv.net<\/li>\n<li><a href=\"https:\/\/news.google.com\/rss\/articles\/CBMi2gFBVV95cUxQWUlIRGxWaEt3T1h0aEtVTVFvbGFuN1FsQlRoQlFEbjdXVERUajhEeE45TlpHRVdHZnhDdmxtVVFYWHFZc1FrTWFmRENOcjhoa0xDNEVKRWl2OVhmTXlubUpPR1diOE40UTA2QlpiWnNfenI5QTdVNHB5ZTZ6NkhpVUJNaG41cEtRVUZEOFJfd0E5MzgyM0NYbWk1ZnhYanZ2SDRDajk3MUFCbWJXLVB0Q25nMEVxWEYtT3dlaU9EWkRKQjJDTWhlWElZQzRDeW9xX1dqWFk4MHMyZw?oc=5\" target=\"_blank\" rel=\"nofollow noopener\">Braderie de Lille : les fans s&rsquo;arrachent les v\u00eatements du vide-dressing de la s\u00e9rie HPI<\/a>&nbsp;&nbsp;Actu.fr<\/li>\n<li><a href=\"https:\/\/news.google.com\/rss\/articles\/CBMiswFBVV95cUxNUVIwOXJkZnoyY0hLWUswRTVyV1hGVzQ0SnJHakt3TE84UzR0WTluZ2FJMlNLeEZ3ZWZPLUdfU0oxWE1aVERQOGU5dVZfMmZuanQwQkdCVmtUV2FJWjUtMnhCeVdsdHl3M0hQLXVpQVB1WUI5cE9aMWNubnBVd29MQ253bzAtdkYyWUt2eHNsLWYyODUxd1pmN3JFZkp0d1FBS1g5Z3B6YlpyQmFuMjNtb2Nja9IBuAFBVV95cUxPR1ZiZEl2NURyUHhzZW1hSzRYamk4SmtIa1VVajhNSmZsNkJTd3Q1RzNVdVM5amkzdmlIWmQxQWVwdkxjd214enRfZUhSOURheHlfdlFBbVNnbVN0el9YbGhTSU1lR2hzVXdTa0MxSHpLUERTVTRlaXVUeTIzbkFoeFh6dFQ2Q3YwUFl5SF9sTkdtdlAyQUFTZzZiTC1vR0hTeDY1cUtYTEpMOF9HZmFOLWlmZDFNX1Bf?oc=5\" target=\"_blank\" rel=\"nofollow noopener\">Braderie de Lille : jusqu&rsquo;\u00e0 29\u00b0 C attendus, vente des habits de la s\u00e9rie HPI&#8230; Qu&rsquo;attendre du plan vide-grenier d&rsquo;Europe qui se d\u00e9roule ce week-end ?<\/a>&nbsp;&nbsp;CNews<\/li>\n<li><a href=\"https:\/\/news.google.com\/rss\/articles\/CBMitAFBVV95cUxNYU5EQWhPd2c0TmpnY2ZIa3FJVnMxcHRfVjE1NWJMLXROWXZwM2JEMHFIMGRPbzJyV3NlODY3VWVMSXlLT045NFUyaWFyVzR0SDMxcEFsQy0yYmJuX2pPMDhZMUdkSWRMSFE2LVZqREFlbzh2Y1dQb2YyNlU3RnRXMDlINlp4TjZ1WlpwdGpsS1pwSnZ0YmlvZG9ZY3oxTUlWb1ZKS2ZRZ0MwOF9hdkJZQUFDTDM?oc=5\" target=\"_blank\" rel=\"nofollow noopener\">\u00ab HPI \u00bb : En quoi les personnages secondaires ont contribu\u00e9 au succ\u00e8s de la s\u00e9rie ?<\/a>&nbsp;&nbsp;20 Minutes<\/li>\n<\/ol>\n","protected":false},"excerpt":{"rendered":"\u00ab J\u2019\u00e9tais en pleurs \u00bb : \u00e0 la braderie de Lille, le vide-dressing \u00ab HPI \u00bb attire les&hellip;\n","protected":false},"author":2,"featured_media":1445,"comment_status":"","ping_status":"","sticky":false,"template":"","format":"standard","meta":{"footnotes":""},"categories":[8],"tags":[58,59,1011,27],"class_list":{"0":"post-370996","1":"post","2":"type-post","3":"status-publish","4":"format-standard","5":"has-post-thumbnail","7":"category-divertissement","8":"tag-divertissement","9":"tag-entertainment","10":"tag-fr","11":"tag-france"},"share_on_mastodon":{"url":"https:\/\/pubeurope.com\/@fr\/115158276148278826","error":""},"_links":{"self":[{"href":"https:\/\/www.europesays.com\/fr\/wp-json\/wp\/v2\/posts\/370996","targetHints":{"allow":["GET"]}}],"collection":[{"href":"https:\/\/www.europesays.com\/fr\/wp-json\/wp\/v2\/posts"}],"about":[{"href":"https:\/\/www.europesays.com\/fr\/wp-json\/wp\/v2\/types\/post"}],"author":[{"embeddable":true,"href":"https:\/\/www.europesays.com\/fr\/wp-json\/wp\/v2\/users\/2"}],"replies":[{"embeddable":true,"href":"https:\/\/www.europesays.com\/fr\/wp-json\/wp\/v2\/comments?post=370996"}],"version-history":[{"count":0,"href":"https:\/\/www.europesays.com\/fr\/wp-json\/wp\/v2\/posts\/370996\/revisions"}],"wp:featuredmedia":[{"embeddable":true,"href":"https:\/\/www.europesays.com\/fr\/wp-json\/wp\/v2\/media\/1445"}],"wp:attachment":[{"href":"https:\/\/www.europesays.com\/fr\/wp-json\/wp\/v2\/media?parent=370996"}],"wp:term":[{"taxonomy":"category","embeddable":true,"href":"https:\/\/www.europesays.com\/fr\/wp-json\/wp\/v2\/categories?post=370996"},{"taxonomy":"post_tag","embeddable":true,"href":"https:\/\/www.europesays.com\/fr\/wp-json\/wp\/v2\/tags?post=370996"}],"curies":[{"name":"wp","href":"https:\/\/api.w.org\/{rel}","templated":true}]}}