{"id":370999,"date":"2025-09-06T16:24:11","date_gmt":"2025-09-06T16:24:11","guid":{"rendered":"https:\/\/www.europesays.com\/fr\/370999\/"},"modified":"2025-09-06T16:24:11","modified_gmt":"2025-09-06T16:24:11","slug":"88-pays-suspendent-leurs-services-postaux-avec-les-etats-unis-dont-la-france","status":"publish","type":"post","link":"https:\/\/www.europesays.com\/fr\/370999\/","title":{"rendered":"88 pays suspendent leurs services postaux avec les \u00c9tats-Unis dont la France"},"content":{"rendered":"<p class=\"article-p mdl\">Les cons\u00e9quences de l\u2019imposition de nouveaux droits de douane par les \u00c9tats-Unis se font sentir. Comme l\u2019a annonc\u00e9, samedi 6 septembre, <strong>l\u2019agence postale de l\u2019ONU<\/strong>, 88 pays ont suspendu totalement ou partiellement leurs services postaux avec les\u00a0<a class=\"link\" href=\"https:\/\/www.rtl.fr\/actu\/international\/etats-unis-le-ministere-de-la-defense-va-t-il-changer-de-nom-7900537801\" title=\"\u00c9tats-Unis : le minist\u00e8re de la D\u00e9fense va-t-il changer de nom ?\" target=\"_blank\" rel=\"noopener\">\u00c9tats-Unis<\/a>\u00a0\u00ab\u00a0jusqu&rsquo;\u00e0 ce qu&rsquo;une solution soit mise en \u0153uvre\u00a0\u00bb. Cela conduit \u00e0 une chute de 81% du trafic vers le pays, depuis vendredi dernier. La France mais aussi la Suisse et l&rsquo;Allemagne feraient partis de ces pays.\u00a0<\/p>\n<p class=\"article-p mdl\">Cela fait suite \u00e0 l\u2019imposition de nouveaux droits de douane par les \u00c9tats-Unis et \u00e0 la signature, par Donald Trump, du d\u00e9cret supprimant l\u2019exemption \u00ab\u00a0de minimis\u00a0\u00bb depuis le 29 ao\u00fbt. Celle-ci exon\u00e9rait les droits de douane pour les marchandises d\u2019une valeur inf\u00e9rieure ou \u00e9gale \u00e0 800 dollars (682,51 euros), ce qui repr\u00e9sentait plus de 4 millions de colis par jour. Le pr\u00e9sident am\u00e9ricain\u00a0 avait justifi\u00e9 cette d\u00e9cision par une volont\u00e9 de \u00ab\u00a0mettre fin \u00e0 une faille catastrophique utilis\u00e9e, entre autres, pour \u00e9viter des droits de douane et envoyer des opio\u00efdes synth\u00e9tiques ainsi que d&rsquo;autres produits dangereux\u00a0\u00bb. Cette mesure visait initialement la Chine et Hong Kong, dans le cadre de l&rsquo;offensive de l&rsquo;administration Trump contre les g\u00e9ants du commerce en ligne Shein et Temu. Elle a \u00e9t\u00e9 g\u00e9n\u00e9ralis\u00e9e \u00e0 tous les pays, pour en assurer son efficacit\u00e9.\u00a0<\/p>\n<p class=\"article-p mdl\">Le directeur g\u00e9n\u00e9ral de l\u2019Union postale universelle (UPU), Masahiko Metoki, assure, dans un communiqu\u00e9, travailler au <strong>\u00ab\u00a0d\u00e9veloppement rapide d&rsquo;une nouvelle solution<\/strong> technique qui permettra de relancer l&rsquo;acheminement du courrier vers les \u00c9tats-Unis\u00a0\u00bb.<\/p>\n<p>            Les envois de colis depuis la France suspendus depuis le 25 ao\u00fbt\u00a0<\/p>\n<p class=\"article-p mdl\">Cette d\u00e9cision de suspendre les activit\u00e9s avec les \u00c9tats-Unis a \u00e9t\u00e9 <strong>prise par la Poste le 22 ao\u00fbt<\/strong>. Le groupe fran\u00e7ais annon\u00e7ait alors suspendre les envois de colis d\u00e8s le 25 ao\u00fbt. Seuls les envois de cadeaux entre particuliers de moins de 100 euros sont envoy\u00e9s depuis.\u00a0<\/p>\n<p class=\"article-p mdl\">Dans un communiqu\u00e9, la Poste indiquait que, d\u00e8s le 29 ao\u00fbt, \u00ab\u00a0les marchandises qui disposent d\u2019une franchise de droits de douane jusqu&rsquo;\u00e0 800 dollars vont \u00eatre soumises [&#8230;] \u00e0 des droits de douane d\u00e8s le 1er dollar payables \u00e0<strong> la douane am\u00e9ricaine avant que les articles n\u2019entrent aux \u00c9tats-Unis\u00a0\u00bb<\/strong>. Le groupe tricolore regrette un d\u00e9lai trop court : \u00ab\u00a0Les sp\u00e9cifications et modalit\u00e9s techniques n\u2019ont \u00e9t\u00e9 publi\u00e9es par la douane am\u00e9ricaine<strong> que le 15 ao\u00fbt<\/strong>, ce qui laisse aux postes europ\u00e9ennes <strong>un d\u00e9lai extr\u00eamement court pour se pr\u00e9parer<\/strong>, d\u2019autant que ces modalit\u00e9s appellent en l\u2019\u00e9tat de nombreuses pr\u00e9cisions.\u00a0\u00bb<\/p>\n<p class=\"article-p mdl\">Pour la Poste,<strong> \u00ab\u00a0il est urgent de clarifier les nouvelles exigences de la douane am\u00e9ricaine,<\/strong> afin de faire les d\u00e9veloppements informatiques n\u00e9cessaires et les d\u00e9ployer dans les r\u00e9seaux postaux\u00a0\u00bb, comme l\u2019expliquait Jean-Paul Forceville, directeur des relations internationale du groupe dans les collines de<a class=\"link\" href=\"https:\/\/www.latribune.fr\/economie\/international\/colis-de-moins-de-800-dollars-pourquoi-la-nouvelle-taxe-americaine-seme-la-pagaille-en-europe-1031302.html\" target=\"_blank\" rel=\"noopener\"> La Tribune,<\/a>\u00a0jeudi 21 ao\u00fbt.<br \/>L\u2019entreprise Fran\u00e7aise n\u2019est pas la seule \u00e0 avoir pris cette d\u00e9cision. C\u2019est aussi le cas de ses homologues allemandes, belge, espagnole ou autrichienne. L\u2019association des op\u00e9rateurs portaux europ\u00e9ens, PostEurop, a d\u2019ailleurs explique dans un communiqu\u00e9 que \u00ab\u00a0<a class=\"link\" href=\"https:\/\/www.rtl.fr\/actu\/international\/droits-de-douane-je-seme-de-la-nourriture-pas-de-la-haine-lula-s-adresse-a-trump-depuis-son-jardin-7900531378\" title=\"Droits de douane : &quot;Je s\u00e8me de la nourriture, pas de la haine&quot;, Lula s\u2019adresse \u00e0 Trump depuis son jardin\" target=\"_blank\" rel=\"noopener\">la nouvelle r\u00e9glementation<\/a>\u00a0[&#8230;] aura des cons\u00e9quences importantes pour toutes les entreprises postales du monde entier et leurs clients qui envoient des envois via les r\u00e9seaux postaux\u00a0\u00bb.<\/p>\n<p>    La r\u00e9daction vous recommande<\/p>\n<p class=\"s-newsletter__title\">\n                L\u2019actualit\u00e9 par la r\u00e9daction de RTL dans votre bo\u00eete mail.\n            <\/p>\n<p class=\"s-newsletter__subtitle\">\n                Gr\u00e2ce \u00e0 votre compte RTL abonnez-vous \u00e0 la newsletter RTL info pour suivre toute l&rsquo;actualit\u00e9 au quotidien\n            <\/p>\n<p>\n                                    Lire la suite\n                                <\/p>\n","protected":false},"excerpt":{"rendered":"Les cons\u00e9quences de l\u2019imposition de nouveaux droits de douane par les \u00c9tats-Unis se font sentir. Comme l\u2019a annonc\u00e9,&hellip;\n","protected":false},"author":2,"featured_media":371000,"comment_status":"","ping_status":"","sticky":false,"template":"","format":"standard","meta":{"footnotes":""},"categories":[6],"tags":[35,2822,33,34,73,107,1011,27,3521],"class_list":{"0":"post-370999","1":"post","2":"type-post","3":"status-publish","4":"format-standard","5":"has-post-thumbnail","7":"category-economie","8":"tag-business","9":"tag-douanes","10":"tag-economie","11":"tag-economy","12":"tag-etats-unis","13":"tag-fil-info","14":"tag-fr","15":"tag-france","16":"tag-onu"},"share_on_mastodon":{"url":"https:\/\/pubeurope.com\/@fr\/115158284131350448","error":""},"_links":{"self":[{"href":"https:\/\/www.europesays.com\/fr\/wp-json\/wp\/v2\/posts\/370999","targetHints":{"allow":["GET"]}}],"collection":[{"href":"https:\/\/www.europesays.com\/fr\/wp-json\/wp\/v2\/posts"}],"about":[{"href":"https:\/\/www.europesays.com\/fr\/wp-json\/wp\/v2\/types\/post"}],"author":[{"embeddable":true,"href":"https:\/\/www.europesays.com\/fr\/wp-json\/wp\/v2\/users\/2"}],"replies":[{"embeddable":true,"href":"https:\/\/www.europesays.com\/fr\/wp-json\/wp\/v2\/comments?post=370999"}],"version-history":[{"count":0,"href":"https:\/\/www.europesays.com\/fr\/wp-json\/wp\/v2\/posts\/370999\/revisions"}],"wp:featuredmedia":[{"embeddable":true,"href":"https:\/\/www.europesays.com\/fr\/wp-json\/wp\/v2\/media\/371000"}],"wp:attachment":[{"href":"https:\/\/www.europesays.com\/fr\/wp-json\/wp\/v2\/media?parent=370999"}],"wp:term":[{"taxonomy":"category","embeddable":true,"href":"https:\/\/www.europesays.com\/fr\/wp-json\/wp\/v2\/categories?post=370999"},{"taxonomy":"post_tag","embeddable":true,"href":"https:\/\/www.europesays.com\/fr\/wp-json\/wp\/v2\/tags?post=370999"}],"curies":[{"name":"wp","href":"https:\/\/api.w.org\/{rel}","templated":true}]}}