{"id":371001,"date":"2025-09-06T16:25:12","date_gmt":"2025-09-06T16:25:12","guid":{"rendered":"https:\/\/www.europesays.com\/fr\/371001\/"},"modified":"2025-09-06T16:25:12","modified_gmt":"2025-09-06T16:25:12","slug":"trump-rattrape-par-une-mission-top-secret-ratee-en-coree-du-nord-il-y-a-six-ans","status":"publish","type":"post","link":"https:\/\/www.europesays.com\/fr\/371001\/","title":{"rendered":"Trump rattrap\u00e9 par une mission \u00ab\u00a0top secret\u00a0\u00bb rat\u00e9e en Cor\u00e9e du Nord il y a six ans"},"content":{"rendered":"<p>        <img decoding=\"async\" loading=\"lazy\" src=\"https:\/\/www.europesays.com\/fr\/wp-content\/uploads\/2025\/09\/6244cef_1658603417288-5c92c1ed240000b000c6f80a.jpeg\"  width=\"728\" height=\"410\" alt=\"Trump rattrap\u00e9 par une mission \u00ab\u00a0top secret\u00a0\u00bb rat\u00e9e en Cor\u00e9e du Nord il y a six ans (Donald Trump et Kim Jong Un, lors du sommet historique \u00e0 Singapour le 12 juin 2018.)\"\/>  <\/p>\n<p>Jonathan Ernst \/ Reuters<\/p>\n<p>Trump rattrap\u00e9 par une mission \u00ab\u00a0top secret\u00a0\u00bb rat\u00e9e en Cor\u00e9e du Nord il y a six ans (Donald Trump et Kim Jong Un, lors du sommet historique \u00e0 Singapour le 12 juin 2018.)<\/p>\n<p class=\"asset asset-text\">ETATS-UNIS &#8211; La grosse bavure qui fait tache. Le New York Times a d\u00e9terr\u00e9 des informations particuli\u00e8rement sensibles sur une op\u00e9ration am\u00e9ricaine qui a mal tourn\u00e9 <a href=\"https:\/\/www.huffingtonpost.fr\/international\/article\/apres-le-fiasco-du-sommet-avec-trump-la-coree-du-nord-aurait-execute-des-responsables_145794.html\" rel=\"nofollow noopener\" target=\"_blank\">en Cor\u00e9e du Nord<\/a>. Et ce, pendant le premier mandat de Donald Trump, quand il effectuait<a href=\"https:\/\/www.huffingtonpost.fr\/international\/article\/donald-trump-affirme-que-kim-jong-un-lui-a-souhaite-un-joyeux-anniversaire_147368.html\" rel=\"nofollow noopener\" target=\"_blank\"> un rapprochement avec Kim Jong Un<\/a>.<\/p>\n<p class=\"asset asset-text\">Interrog\u00e9 \u00e0 ce sujet, Donald Trump a ni\u00e9 vendredi 5\u00a0septembre avoir connaissance de cette mission top secret des forces sp\u00e9ciales am\u00e9ricaines,<a href=\"https:\/\/www.huffingtonpost.fr\/international\/article\/la-coree-du-nord-livre-sa-version-apres-l-echec-du-sommet-entre-trump-et-kim_140858.html\" rel=\"nofollow noopener\" target=\"_blank\"> remontant \u00e0 2019<\/a>, et qui a d\u00e9bouch\u00e9 sur la mort de plusieurs Nord-Cor\u00e9ens non arm\u00e9s.<\/p>\n<p class=\"asset asset-text\">\u00ab\u00a0Je ne sais rien \u00e0 ce sujet. C\u2019est la premi\u00e8re fois que j\u2019en entends parler\u00a0\u00bb, a r\u00e9pondu le pr\u00e9sident am\u00e9ricain interview\u00e9 dans le Bureau ovale, \u00e0 propos de cette mission commando ayant pour objectif de placer sur le sol nord-cor\u00e9en un dispositif d\u2019\u00e9coute pour espionner son dirigeant Kim Jong Un.<\/p>\n<p class=\"asset asset-text\">Selon le <a href=\"https:\/\/www.nytimes.com\/2025\/09\/05\/us\/navy-seal-north-korea-trump-2019.html\" target=\"_blank\" rel=\"noopener nofollow\" title=\"Nouvelle fen\u00eatre\">New York Times<\/a>, cette op\u00e9ration commando a eu lieu au cours du <a href=\"https:\/\/www.huffingtonpost.fr\/international\/article\/trump-entre-en-coree-du-nord-et-serre-la-main-de-kim-jong-un_147931.html\" target=\"_blank\" rel=\"noopener nofollow\" title=\"Nouvelle fen\u00eatre\">premier mandat <\/a>de Donald Trump, alors en pleines <a href=\"https:\/\/www.huffingtonpost.fr\/international\/article\/donald-trump-raconte-comment-kim-jong-un-et-lui-sont-tombes-amoureux_132100.html\" target=\"_blank\" rel=\"noopener nofollow\" title=\"Nouvelle fen\u00eatre\">n\u00e9gociations avec Kim Jong Un <\/a>sur le programme nucl\u00e9aire nord-cor\u00e9en &#8211; qui s\u2019\u00e9taient finalement <a href=\"https:\/\/www.huffingtonpost.fr\/international\/article\/donald-trump-et-kim-jong-un-improvisent-une-troisieme-rencontre-apres-une-invitation-sur-twitter_147643.html\" target=\"_blank\" rel=\"noopener nofollow\" title=\"Nouvelle fen\u00eatre\">r\u00e9v\u00e9l\u00e9es infructueuses<\/a>. Pourtant, de sa conception \u00e0 sa r\u00e9alisation, elle a \u00e9t\u00e9 directement approuv\u00e9e \u00e0 plusieurs reprises par le pr\u00e9sident r\u00e9publicain, \u00e9crit le prestigieux quotidien.<\/p>\n<p>                     Une mission \u00e0 haut risque    <\/p>\n<p class=\"asset asset-text\">Le New York Times dit s\u2019appuyer sur une vingtaine de t\u00e9moignages, de responsables gouvernementaux, membres de la premi\u00e8re administration Trump et actuels ou anciens militaires ayant connaissance du dossier.<\/p>\n<p class=\"asset asset-text\">La mission, hyper risqu\u00e9e, est men\u00e9e une nuit d\u2019hiver d\u00e9but 2019, apr\u00e8s des mois de r\u00e9p\u00e9tition dans les eaux am\u00e9ricaines, par la m\u00eame unit\u00e9 que celle qui a tu\u00e9 Oussama Ben Laden en 2011,\u00a0rapporte le journal, qui en donne un r\u00e9cit d\u00e9taill\u00e9.<\/p>\n<p class=\"asset asset-text\">Les forces sp\u00e9ciales se pensent seules quand elles atteignent le rivage nord-cor\u00e9en, apr\u00e8s s\u2019\u00eatre approch\u00e9es dans deux mini sous-marins de la taille d\u2019une orque &#8211; immerg\u00e9es dans une eau glaciale pendant deux heures, \u00e9quip\u00e9es de combinaisons chauffantes pour leur survie &#8211; et avoir combl\u00e9 la derni\u00e8re centaine de m\u00e8tres \u00e0 la nage.<\/p>\n<p>                     Meurtres de p\u00eacheurs au mauvais endroit au mauvais moment    <\/p>\n<p class=\"asset asset-text\">Mais elles ne d\u00e9tectent pas une petite embarcation pr\u00e9sente \u00e0 proximit\u00e9. Lampes torches dans leur direction, ce bateau se dirige vers les mini sous-marins et un membre d\u2019\u00e9quipage plonge.<\/p>\n<p class=\"asset asset-text\">Craignant d\u2019avoir \u00e9t\u00e9 rep\u00e9r\u00e9s, les membres des forces sp\u00e9ciales qui ont rejoint le rivage d\u00e9cident d\u2019ouvrir le feu, tuant tout l\u2019\u00e9quipage, compos\u00e9 de deux ou trois personnes. Puis ils jettent les corps \u00e0 la mer apr\u00e8s avoir perfor\u00e9 leurs poumons pour s\u2019assurer qu\u2019ils coulent. Ils quittent la zone sans avoir d\u00e9pos\u00e9 le dispositif d\u2019interception.<\/p>\n<p class=\"asset asset-text\">Sur le bateau, ni armes ni uniformes n\u2019ont \u00e9t\u00e9 trouv\u00e9s\u00a0: il s\u2019agissait vraisemblablement de p\u00eacheurs plongeant \u00e0 la recherche de coquillages.<\/p>\n<p>                     Succession d\u2019\u00e9v\u00e9nements malheureux    <\/p>\n<p class=\"asset asset-text\">La premi\u00e8re administration Trump n\u2019a jamais inform\u00e9 les commissions parlementaires charg\u00e9es de superviser les activit\u00e9s militaires et de renseignement de cette mission, ni avant, ni apr\u00e8s, selon le New York Times.<\/p>\n<p class=\"asset asset-text\">Des investigations militaires &#8211; class\u00e9es top secret &#8211; sur l\u2019op\u00e9ration ont conclu que les meurtres \u00e9taient justifi\u00e9s et que son \u00e9chec \u00e9tait li\u00e9 \u00e0 une succession d\u2019\u00e9v\u00e9nements malheureux qui n\u2019auraient pas pu \u00eatre pr\u00e9vus ou \u00e9vit\u00e9s, pr\u00e9cise le journal.<\/p>\n<p class=\"asset asset-text\">Le New York Times \u00e9voque une autre mission men\u00e9e en Cor\u00e9e du Nord, pas non plus rendue publique jusque-l\u00e0, en 2005 pendant la pr\u00e9sidence de George W. Bush.<\/p>\n","protected":false},"excerpt":{"rendered":"Jonathan Ernst \/ Reuters Trump rattrap\u00e9 par une mission \u00ab\u00a0top secret\u00a0\u00bb rat\u00e9e en Cor\u00e9e du Nord il y&hellip;\n","protected":false},"author":2,"featured_media":371002,"comment_status":"","ping_status":"","sticky":false,"template":"","format":"standard","meta":{"footnotes":""},"categories":[5],"tags":[11,13987,75,73,1011,27,14,12,28],"class_list":{"0":"post-371001","1":"post","2":"type-post","3":"status-publish","4":"format-standard","5":"has-post-thumbnail","7":"category-international","8":"tag-actualites","9":"tag-coree-du-nord","10":"tag-donald-trump","11":"tag-etats-unis","12":"tag-fr","13":"tag-france","14":"tag-international","15":"tag-news","16":"tag-world"},"share_on_mastodon":{"url":"https:\/\/pubeurope.com\/@fr\/115158288290076023","error":""},"_links":{"self":[{"href":"https:\/\/www.europesays.com\/fr\/wp-json\/wp\/v2\/posts\/371001","targetHints":{"allow":["GET"]}}],"collection":[{"href":"https:\/\/www.europesays.com\/fr\/wp-json\/wp\/v2\/posts"}],"about":[{"href":"https:\/\/www.europesays.com\/fr\/wp-json\/wp\/v2\/types\/post"}],"author":[{"embeddable":true,"href":"https:\/\/www.europesays.com\/fr\/wp-json\/wp\/v2\/users\/2"}],"replies":[{"embeddable":true,"href":"https:\/\/www.europesays.com\/fr\/wp-json\/wp\/v2\/comments?post=371001"}],"version-history":[{"count":0,"href":"https:\/\/www.europesays.com\/fr\/wp-json\/wp\/v2\/posts\/371001\/revisions"}],"wp:featuredmedia":[{"embeddable":true,"href":"https:\/\/www.europesays.com\/fr\/wp-json\/wp\/v2\/media\/371002"}],"wp:attachment":[{"href":"https:\/\/www.europesays.com\/fr\/wp-json\/wp\/v2\/media?parent=371001"}],"wp:term":[{"taxonomy":"category","embeddable":true,"href":"https:\/\/www.europesays.com\/fr\/wp-json\/wp\/v2\/categories?post=371001"},{"taxonomy":"post_tag","embeddable":true,"href":"https:\/\/www.europesays.com\/fr\/wp-json\/wp\/v2\/tags?post=371001"}],"curies":[{"name":"wp","href":"https:\/\/api.w.org\/{rel}","templated":true}]}}