{"id":371003,"date":"2025-09-06T16:26:09","date_gmt":"2025-09-06T16:26:09","guid":{"rendered":"https:\/\/www.europesays.com\/fr\/371003\/"},"modified":"2025-09-06T16:26:09","modified_gmt":"2025-09-06T16:26:09","slug":"apres-bayrou-dissolution-destitution-plan-de-sortie-de-crise-que-defend-chaque-camp-politique-liberation","status":"publish","type":"post","link":"https:\/\/www.europesays.com\/fr\/371003\/","title":{"rendered":"Apr\u00e8s-Bayrou : dissolution, destitution, \u00abplan de sortie de crise\u00bb\u2026 Que d\u00e9fend chaque camp politique &#8211; Lib\u00e9ration"},"content":{"rendered":"<ol>\n<li><a href=\"https:\/\/news.google.com\/rss\/articles\/CBMi-gFBVV95cUxOcXNrQ2tjc3A5bHZObzRJdmpWNGJEVTljV1dza0N1Q0E2Sm1neTVOdTJJQ1JPU2VSTWx2UDkzZE1Xd2ptZjVwTTFwQkRPY2llaDhGQm9EYk5DSkg1SG5RMTF2cVZrelotREZXZ1M4RVB5VW1WdHRRdVd5OGkxVGtUanU2MDktVlBnQzRHWndrZF9rZnQ1UDBuZVZTOGFUdU16Wmtya1htR1FVV282THZIaDEyWHM5TVRVUU5Xak1QSGY1UDdqWnh5akVoaExqVDFhY1ZMMVZQblBFYnRFZkFGaTRxTFNKQjI2Y29hdHZlcmR6MU5vTTd2TVB3?oc=5\" target=\"_blank\" rel=\"nofollow noopener\">Apr\u00e8s-Bayrou : dissolution, destitution, \u00abplan de sortie de crise\u00bb\u2026 Que d\u00e9fend chaque camp politique<\/a>&nbsp;&nbsp;Lib\u00e9ration<\/li>\n<li><a href=\"https:\/\/news.google.com\/rss\/articles\/CBMigAJBVV95cUxNZVJoakhJeEtIOUFYYUlMbFZjOGFlUFpoWU9QQUJuSXpMLVlscndZZHZXcEVFVFlXMkt2MXFrMEc3YThyZ19ZNDNJRmY3WHlXQUxNbmZ3VEszS2VKOWhQRV9vX1BfM0g3aHZxVDF0VmI2b3BfdGZsaVV4eGE4M1Jwa21hTmMwM3dabHgzMlpEcDFCT1pSLTF1ZFNicVA0Tjg4M3dyZkl1OUZqWU5aOVlENEFKVlRTUjVjSWc4SjRnYjlaNVlhNGJlOTJ2SVI2Z1RXTkdWNVhORkxOTXR5c1FZNUJkZEtQbG9mTWUtR2FKMkl6bFhKaGwyRWljLWlRdEpV?oc=5\" target=\"_blank\" rel=\"nofollow noopener\">\u00abIls proposent de pr\u00e9lever, pr\u00e9lever, et encore pr\u00e9lever\u00bb : la grande angoisse des milieux d\u2019affaires face \u00e0 un retour des socialistes<\/a>&nbsp;&nbsp;Le Figaro<\/li>\n<li><a href=\"https:\/\/news.google.com\/rss\/articles\/CBMiuAFBVV95cUxQYlgwejkwZkdsOTFZSXpxWHZfcG96dTNEVVBuUTcxVENpZEFIWkQ3OUZzbWlKOXY1LWNxdS1zWVBwRDZPX0g2a1R6NDNWZDFHN0oxNFRfV1BZNHpQLTl3MEdOVm53bWVNcEExaXhabnpLaHoxVm5tb1lYUDhpOFhYRDZNaTJ2c1Nja3NHOHJYd2oxTUQ5YXVvZmliQW1VTTJnWkNxQkFOczcySU9ndWVGNEhRYk9nTTVD?oc=5\" target=\"_blank\" rel=\"nofollow noopener\">Le PS pousse ses pions pour Matignon, mais la fen\u00eatre est \u00e9troite<\/a>&nbsp;&nbsp;Actualit\u00e9s \u2013 Orange<\/li>\n<li><a href=\"https:\/\/news.google.com\/rss\/articles\/CBMinAFBVV95cUxNOUVncy14YmtwOWVPWlltckR0SVJrMmpSbmtjcGN6d0NwOE02VTctZzBic1FCaVIyMVhzUFUzeURTdzUxQ3Nnd1dONW93QUtnc2tvN0d6eWVWUm9CZUJha1d3NlhweEVTb19yX1EyNy1TWGZPaUlJZzFjTW9VZU02RU1JQmptZ2h6RU90RDZZV3NrQ0Fyb21qN0p0Mms?oc=5\" target=\"_blank\" rel=\"nofollow noopener\">Gouvernement socialiste : jusqu&rsquo;o\u00f9 faire des concessions ?<\/a>&nbsp;&nbsp;Marianne<\/li>\n<li><a href=\"https:\/\/news.google.com\/rss\/articles\/CBMitwFBVV95cUxNRVJrMjhEX3R0cXk1dkhzd3c5VHdLSmFBUlNFVWtwcUtEeHJsWlB2ME5ldXMyTzdmdzFmSXdLaTVPTmEyR29aMW1aaEpNUVB1UVV1TlBxSFJIMC0tVG9oSzNkU0V5OGV2S1J6ZS0yVHRyZ1lRbnlyUlNvN0tvNHRKWVhDZWRBVG5aOUx2RnU5dW9OZVpjUW5NMjdJXzNlRmFabkpWR0Q5QjZvejZseTVDOXF6c0xMbWM?oc=5\" target=\"_blank\" rel=\"nofollow noopener\">Contre le plan Bayrou, PS et Ecologistes proposent chacun un budget plus juste et plus r\u00e9aliste<\/a>&nbsp;&nbsp;Alternatives Economiques<\/li>\n<\/ol>\n","protected":false},"excerpt":{"rendered":"Apr\u00e8s-Bayrou : dissolution, destitution, \u00abplan de sortie de crise\u00bb\u2026 Que d\u00e9fend chaque camp politique&nbsp;&nbsp;Lib\u00e9ration \u00abIls proposent de pr\u00e9lever,&hellip;\n","protected":false},"author":2,"featured_media":1445,"comment_status":"","ping_status":"","sticky":false,"template":"","format":"standard","meta":{"footnotes":""},"categories":[4],"tags":[11,1011,27,12,25],"class_list":{"0":"post-371003","1":"post","2":"type-post","3":"status-publish","4":"format-standard","5":"has-post-thumbnail","7":"category-france","8":"tag-actualites","9":"tag-fr","10":"tag-france","11":"tag-news","12":"tag-republique-francaise"},"share_on_mastodon":{"url":"https:\/\/pubeurope.com\/@fr\/115158291816672413","error":""},"_links":{"self":[{"href":"https:\/\/www.europesays.com\/fr\/wp-json\/wp\/v2\/posts\/371003","targetHints":{"allow":["GET"]}}],"collection":[{"href":"https:\/\/www.europesays.com\/fr\/wp-json\/wp\/v2\/posts"}],"about":[{"href":"https:\/\/www.europesays.com\/fr\/wp-json\/wp\/v2\/types\/post"}],"author":[{"embeddable":true,"href":"https:\/\/www.europesays.com\/fr\/wp-json\/wp\/v2\/users\/2"}],"replies":[{"embeddable":true,"href":"https:\/\/www.europesays.com\/fr\/wp-json\/wp\/v2\/comments?post=371003"}],"version-history":[{"count":0,"href":"https:\/\/www.europesays.com\/fr\/wp-json\/wp\/v2\/posts\/371003\/revisions"}],"wp:featuredmedia":[{"embeddable":true,"href":"https:\/\/www.europesays.com\/fr\/wp-json\/wp\/v2\/media\/1445"}],"wp:attachment":[{"href":"https:\/\/www.europesays.com\/fr\/wp-json\/wp\/v2\/media?parent=371003"}],"wp:term":[{"taxonomy":"category","embeddable":true,"href":"https:\/\/www.europesays.com\/fr\/wp-json\/wp\/v2\/categories?post=371003"},{"taxonomy":"post_tag","embeddable":true,"href":"https:\/\/www.europesays.com\/fr\/wp-json\/wp\/v2\/tags?post=371003"}],"curies":[{"name":"wp","href":"https:\/\/api.w.org\/{rel}","templated":true}]}}