{"id":371004,"date":"2025-09-06T16:27:11","date_gmt":"2025-09-06T16:27:11","guid":{"rendered":"https:\/\/www.europesays.com\/fr\/371004\/"},"modified":"2025-09-06T16:27:11","modified_gmt":"2025-09-06T16:27:11","slug":"top-14-les-notes-de-perpignan-bayonne-rodrigo-bruni-en-patron-tristan-tedder-brouillon","status":"publish","type":"post","link":"https:\/\/www.europesays.com\/fr\/371004\/","title":{"rendered":"Top 14 \u2013 Les notes de Perpignan \u2013 Bayonne\u00a0: Rodrigo Bruni en patron, Tristan Tedder brouillon"},"content":{"rendered":"<p>\n                Bayonne a frapp\u00e9 le premier coup de cette saison de Top 14 en s\u2019imposant sur la pelouse de Perpignan 26 \u00e0 19. Les Basques ont pu compter sur le match de patron de Rodrigo Bruni, notamment auteur d\u2019un essai. L\u2019arri\u00e8re puis ouvreur Tristan Tedder lui, a \u00e9t\u00e9 brouillon.\n            <\/p>\n<p>Les tops<\/p>\n<ul>\n<li><strong>Cheikh Tiberghien\u00a0: 7\/10<\/strong><\/li>\n<\/ul>\n<p>Auteur d\u2019une grosse perc\u00e9e plein champ sur une course \u00e0 hauteur d\u00e8s l\u2019entame (5e), au bout de laquelle il se permet de d\u00e9poser Lucas Dubois d\u2019un crochet avant de se faire reprendre in extremis. Ensuite, Tiberghien a \u00e9t\u00e9 une menace sur les rares munitions dont il a dispos\u00e9. \u00c9galement propre en couverture, comme sur cette course de repli et sous pression (35e) dont il sort par un jeu au pied qui soulage son \u00e9quipe. Auteur d\u2019une p\u00e9nalit\u00e9 (43e) \u00e0 plus de 40 m\u00e8tres, pendant la p\u00e9riode d\u2019exclusion temporaire de Joris Segonds.<\/p>\n<ul>\n<li><strong>Esteban Capilla\u00a0: 6,5\/10<\/strong><\/li>\n<\/ul>\n<p>Tr\u00e8s actif dans les couloirs, le long de la ligne de touche, comme \u00e0 son habitude, l\u2019ancien septiste y a trouv\u00e9 des espaces et des franchissements. Il se mettait en \u00e9vidence sur une de ses chevauch\u00e9es en d\u00e9but de match, sur l\u2019aile gauche, lorsqu\u2019il d\u00e9posait deux d\u00e9fenseurs avant de jouer son deux contre un avec son soutien int\u00e9rieur. Une belle activit\u00e9 r\u00e9compens\u00e9e par un essai en force (19e), le premier de son \u00e9quipe qui concr\u00e9tisait enfin sa domination.<\/p>\n<p>Auteur d\u2019un essai mais aussi d\u2019un grattage d\u00e9cisif, pour endiguer la r\u00e9volte catalane \u00e0 l\u2019heure de jeu, l\u2019Argentin a \u00e9t\u00e9 de tous les combats. Dominant sur ses impacts, Bruni a permis aux siens de jouer constamment dans l\u2019avanc\u00e9e d\u00e8s lors que c\u2019\u00e9tait apr\u00e8s lui. Un match de patron.<\/p>\n<p>Les tops<\/p>\n<p>Comme \u00e0 son habitude, le talonneur reconverti troisi\u00e8me ligne centre a mis beaucoup d\u2019envie. Il a r\u00e9ussi une tr\u00e8s belle passe apr\u00e8s contact sur l\u2019essai de Jefferson\u00a0Lee-Joseph. Sinon, \u00e0 son d\u00e9bours, il a laiss\u00e9 filer Esteban Capilla sur la premi\u00e8re offensive bayonnaise, il a conc\u00e9d\u00e9 10m apr\u00e8s avoir r\u00e2l\u00e9, a commis un en-avant sur un lancement de jeu (41e) ou a manqu\u00e9 une r\u00e9ception d\u2019un coup de pied dans son camp. En d\u00e9fense, il n\u2019a pas fait preuve de son activit\u00e9 habituelle (2\/3 seulement aux plaquages). Certes, il a plus tent\u00e9 que certains de ses partenaires, mais il n\u2019a pas r\u00e9ussi \u00e0 se mettre en valeur\u2026<\/p>\n<p>Apr\u00e8s son passage au Racing 92, le Sud-Africain est revenu \u00e0 Perpignan cet \u00e9t\u00e9 dans la peau d\u2019un cadre. Quand le pauvre Jack McIntyre est sorti touch\u00e9 au genou (36e), l\u2019arri\u00e8re est pass\u00e9 \u00e0 la m\u00e8ne et avait les cl\u00e9s du jeu catalan. Dans une rencontre serr\u00e9e, il a manqu\u00e9 deux coups de pied, tromp\u00e9 par le vent m\u00e9diterran\u00e9en. Il a aussi loup\u00e9\u00a0une p\u00e9naltouche (5e), une r\u00e9ception de chandelle dans son camp, une passe au pied manqu\u00e9e (46e) et une autre tr\u00e8s peu judicieuse et aussi rat\u00e9e (46e). Il a commis un en-avant \u00e0 la 78e m\u00eame si la passe de Tom Ecochard \u00e9tait dans les chaussettes (78e). Sinon, le joueur de l\u2019Usap a, comme \u00e0 son habitude, beaucoup tent\u00e9, a r\u00e9alis\u00e9 un tr\u00e8s bon retour sur la perc\u00e9e de Cheikh Tiberghien en d\u00e9but de match mais aussi r\u00e9ussi un geste fou dans un ruck bayonnais pour r\u00e9cup\u00e9rer la possession\u00a0\u00e0 la 80e. Un match brouillon dans l\u2019ensemble malgr\u00e9 des fulgurances, \u00e0 l\u2019image de son \u00e9quipe.<\/p>\n<p>La fin de premi\u00e8re p\u00e9riode cauchemardesque de son \u00e9quipe est aussi la sienne. Tom Spring conc\u00e9dait alors deux grosses fautes de d\u00e9fense qui relan\u00e7aient totalement l\u2019Usap, pourtant largement domin\u00e9e jusque-l\u00e0. D\u2019abord, \u00e0 la r\u00e9ception du coup de renvoi cons\u00e9cutif au premier essai perpignanais, il montait en pointe mais se ratait et ouvrait la porte \u00e0 un contre catalan de 80 m\u00e8tres. Une action sur laquelle il se repliait en trottinant\u2026 En suivant, Spring se faisait encore d\u00e9poser en un contre un par Buliruarua qui filait entre les poteaux.<\/p>\n<p>    Les notes de Perpignan \u2013 Bayonne<br \/>\n    Perpignan\u00a0:<\/p>\n<ul>\n<li>15. Tedder\u00a0: 4\/10<\/li>\n<li>14. Joseph\u00a0: 5\/10<\/li>\n<li>13. Buliruarua\u00a0: 5\/10<\/li>\n<li>12. De La Fuente\u00a0: 5\/10<\/li>\n<li>11. Dubois\u00a0: 4\/10<\/li>\n<li>10. McIntyre\u00a0: non-not\u00e9, remplac\u00e9 par Duncan\u00a0Paia\u2019aua\u00a0: 6\/10<\/li>\n<li>9. Hall\u00a0: 5\/10<\/li>\n<li>7. Diaby\u00a0: 4\/10<\/li>\n<li>8. Velarte\u00a0: 4\/10<\/li>\n<li>6. Della Schiava\u00a0: 5\/10<\/li>\n<li>5.\u00a0Warion\u00a0: 4\/10<\/li>\n<li>4. Yato\u00a0: 5\/10<\/li>\n<li>3. Brookes\u00a0: 3,5\/10<\/li>\n<li>2. Lotrian\u00a0: 5,5\/10<\/li>\n<li>1. Devaux\u00a0: 4,5\/10<\/li>\n<\/ul>\n<p>Bayonne\u00a0:<\/p>\n<ul>\n<li>15. Cheikh Tiberghien\u00a0: 7\/10<\/li>\n<li>14. Tom Spring\u00a0: 3,5\/10<\/li>\n<li>13. Guillaume Martocq\u00a0: 5,5\/10<\/li>\n<li>12. Manu Tuilagi\u00a0: 6\/10<\/li>\n<li>11. Arnaud Erbinartegaray\u00a0: 6\/10<\/li>\n<li>10. Joris Segonds\u00a0: 5\/10<\/li>\n<li>9. Maxime Machenaud\u00a0: 6\/10<\/li>\n<li>8. Giovanni Habel-Kuffner\u00a0: 5,5<\/li>\n<li>7. Esteban Capilla\u00a0: 6,5\/10<\/li>\n<li>6. Rodrigo Bruni\u00a0: 7,5\/10<\/li>\n<li>5. Alex Moon\u00a0: 6\/10<\/li>\n<li>4. Arthur Iturria\u00a0: non-not\u00e9, remplac\u00e9 par Baptiste H\u00e9guy 6\/10<\/li>\n<li>3. Emerick Setiano\u00a0: 5,5\/10<\/li>\n<li>2. Facundo Bosch\u00a0: 6\/10<\/li>\n<li>1. Andy Bordelai\u00a0: 6,5\/10<\/li>\n<\/ul>\n<p>\u00a0<\/p>\n","protected":false},"excerpt":{"rendered":"Bayonne a frapp\u00e9 le premier coup de cette saison de Top 14 en s\u2019imposant sur la pelouse de&hellip;\n","protected":false},"author":2,"featured_media":371005,"comment_status":"","ping_status":"","sticky":false,"template":"","format":"standard","meta":{"footnotes":""},"categories":[2],"tags":[11,1011,27,12],"class_list":{"0":"post-371004","1":"post","2":"type-post","3":"status-publish","4":"format-standard","5":"has-post-thumbnail","7":"category-actualites","8":"tag-actualites","9":"tag-fr","10":"tag-france","11":"tag-news"},"share_on_mastodon":{"url":"https:\/\/pubeurope.com\/@fr\/115158295765410049","error":""},"_links":{"self":[{"href":"https:\/\/www.europesays.com\/fr\/wp-json\/wp\/v2\/posts\/371004","targetHints":{"allow":["GET"]}}],"collection":[{"href":"https:\/\/www.europesays.com\/fr\/wp-json\/wp\/v2\/posts"}],"about":[{"href":"https:\/\/www.europesays.com\/fr\/wp-json\/wp\/v2\/types\/post"}],"author":[{"embeddable":true,"href":"https:\/\/www.europesays.com\/fr\/wp-json\/wp\/v2\/users\/2"}],"replies":[{"embeddable":true,"href":"https:\/\/www.europesays.com\/fr\/wp-json\/wp\/v2\/comments?post=371004"}],"version-history":[{"count":0,"href":"https:\/\/www.europesays.com\/fr\/wp-json\/wp\/v2\/posts\/371004\/revisions"}],"wp:featuredmedia":[{"embeddable":true,"href":"https:\/\/www.europesays.com\/fr\/wp-json\/wp\/v2\/media\/371005"}],"wp:attachment":[{"href":"https:\/\/www.europesays.com\/fr\/wp-json\/wp\/v2\/media?parent=371004"}],"wp:term":[{"taxonomy":"category","embeddable":true,"href":"https:\/\/www.europesays.com\/fr\/wp-json\/wp\/v2\/categories?post=371004"},{"taxonomy":"post_tag","embeddable":true,"href":"https:\/\/www.europesays.com\/fr\/wp-json\/wp\/v2\/tags?post=371004"}],"curies":[{"name":"wp","href":"https:\/\/api.w.org\/{rel}","templated":true}]}}