{"id":371006,"date":"2025-09-06T16:28:11","date_gmt":"2025-09-06T16:28:11","guid":{"rendered":"https:\/\/www.europesays.com\/fr\/371006\/"},"modified":"2025-09-06T16:28:11","modified_gmt":"2025-09-06T16:28:11","slug":"saint-etienne-une-vingtaine-dadherents-du-parti-les-patriotes-manifestent-cest-laperitif-du-10-septembre","status":"publish","type":"post","link":"https:\/\/www.europesays.com\/fr\/371006\/","title":{"rendered":"Saint-\u00c9tienne. Une vingtaine d\u2019adh\u00e9rents du parti Les Patriotes manifestent\u00a0: \u00ab\u00a0C\u2019est l\u2019ap\u00e9ritif du 10\u00a0septembre\u00a0\u00bb"},"content":{"rendered":"<p>C\u2019est la \u00ab\u00a0cl\u00e9 de vo\u00fbte\u00a0\u00bb des revendications des adh\u00e9rents lig\u00e9riens au parti souverainiste des Patriotes\u00a0: la sortie de l\u2019Europe. Ils \u00e9taient une vingtaine \u00e0 manifester devant l\u2019H\u00f4tel de Ville \u00e0 Saint-Etienne, ce samedi 6\u00a0septembre apr\u00e8s-midi pour d\u00e9fendre un panel \u00ab\u00a0large de revendications\u00a0\u00bb, parmi lesquelles le Frexit, le \u00ab\u00a0retrait du plan budg\u00e9taire de Fran\u00e7ois Bayrou\u00a0\u00bb, la d\u00e9mission d\u2019Emmanuel Macron ou encore le \u00ab\u00a0retrait de la guerre en Ukraine\u00a0\u00bb.<\/p>\n<p>  22 manifestations en France<\/p>\n<p>Evelyne, 72 ans, est pr\u00e9sente. \u00ab\u00a0D\u00e9go\u00fbt\u00e9e par le personnel au pouvoir\u00a0\u00bb, elle verrait bien le chef des Patriotes, Florian Philippot, devenir Premier ministre. Il n\u2019avait pourtant recueilli que 1\u00a0% des voix lors des derni\u00e8res \u00e9lections europ\u00e9ennes en 2024.<\/p>\n<p>\u00ab\u00a0Les priorit\u00e9s du Gouvernement ne sont pas l\u00e0 o\u00f9 elles devraient \u00eatre\u00a0\u00bb, estime Patricia Duboeuf, repr\u00e9sentante des Patriotes dans la Loire. Elle souhaite que l\u2019\u00c9tat investisse plut\u00f4t dans \u00ab\u00a0la protection des h\u00f4pitaux et des paysans\u00a0\u00bb.<\/p>\n<p>Des revendications qu\u2019elle portera dans quelques jours lors de la mobilisation du 10\u00a0septembre. \u00ab\u00a0Ce rassemblement c\u2019est l\u2019ap\u00e9ritif du 10\u00a0septembre\u00a0\u00bb, assure-t-elle.<\/p>\n","protected":false},"excerpt":{"rendered":"C\u2019est la \u00ab\u00a0cl\u00e9 de vo\u00fbte\u00a0\u00bb des revendications des adh\u00e9rents lig\u00e9riens au parti souverainiste des Patriotes\u00a0: la sortie de&hellip;\n","protected":false},"author":2,"featured_media":371007,"comment_status":"","ping_status":"","sticky":false,"template":"","format":"standard","meta":{"footnotes":""},"categories":[9653],"tags":[1111,11,2430,7539,1777,674,1011,27,3367,12,316,25,4001,7538],"class_list":{"0":"post-371006","1":"post","2":"type-post","3":"status-publish","4":"format-standard","5":"has-post-thumbnail","7":"category-saint-etienne","8":"tag-actu","9":"tag-actualites","10":"tag-auvergne-rhone-alpes","11":"tag-edition-loire-sud","12":"tag-eu","13":"tag-europe","14":"tag-fr","15":"tag-france","16":"tag-loire","17":"tag-news","18":"tag-politique","19":"tag-republique-francaise","20":"tag-saint-etienne","21":"tag-saint-etienne-ville"},"share_on_mastodon":{"url":"https:\/\/pubeurope.com\/@fr\/115158299721581717","error":""},"_links":{"self":[{"href":"https:\/\/www.europesays.com\/fr\/wp-json\/wp\/v2\/posts\/371006","targetHints":{"allow":["GET"]}}],"collection":[{"href":"https:\/\/www.europesays.com\/fr\/wp-json\/wp\/v2\/posts"}],"about":[{"href":"https:\/\/www.europesays.com\/fr\/wp-json\/wp\/v2\/types\/post"}],"author":[{"embeddable":true,"href":"https:\/\/www.europesays.com\/fr\/wp-json\/wp\/v2\/users\/2"}],"replies":[{"embeddable":true,"href":"https:\/\/www.europesays.com\/fr\/wp-json\/wp\/v2\/comments?post=371006"}],"version-history":[{"count":0,"href":"https:\/\/www.europesays.com\/fr\/wp-json\/wp\/v2\/posts\/371006\/revisions"}],"wp:featuredmedia":[{"embeddable":true,"href":"https:\/\/www.europesays.com\/fr\/wp-json\/wp\/v2\/media\/371007"}],"wp:attachment":[{"href":"https:\/\/www.europesays.com\/fr\/wp-json\/wp\/v2\/media?parent=371006"}],"wp:term":[{"taxonomy":"category","embeddable":true,"href":"https:\/\/www.europesays.com\/fr\/wp-json\/wp\/v2\/categories?post=371006"},{"taxonomy":"post_tag","embeddable":true,"href":"https:\/\/www.europesays.com\/fr\/wp-json\/wp\/v2\/tags?post=371006"}],"curies":[{"name":"wp","href":"https:\/\/api.w.org\/{rel}","templated":true}]}}