{"id":371008,"date":"2025-09-06T16:29:14","date_gmt":"2025-09-06T16:29:14","guid":{"rendered":"https:\/\/www.europesays.com\/fr\/371008\/"},"modified":"2025-09-06T16:29:14","modified_gmt":"2025-09-06T16:29:14","slug":"lassociation-gemu-invite-a-ses-soirees-jeux","status":"publish","type":"post","link":"https:\/\/www.europesays.com\/fr\/371008\/","title":{"rendered":"l\u2019association G\u00e9mu invite \u00e0 ses soir\u00e9es jeux"},"content":{"rendered":"<p>Parmi les soir\u00e9es \u00e0 venir, les samedis 13 et 27\u00a0septembre, puis 4 et 18\u00a0octobre, 8 et 22\u00a0novembre, 6 et 13\u00a0d\u00e9cembre. \u00ab\u00a0Les soir\u00e9es sont r\u00e9serv\u00e9es prioritairement aux adh\u00e9rents.\u00a0\u00bb L\u2019association propose aussi la possibilit\u00e9 aux non-adh\u00e9rents de participer \u00e0 une soir\u00e9e d\u00e9couverte sur inscription.<\/p>\n<p>Les responsables de G\u00e9mu, cr\u00e9\u00e9e fin avril \u00e0 Saint-\u00c9tienne-de-Foug\u00e8res, avaient organis\u00e9 des rencontres dans l\u2019\u00e9t\u00e9. Ils donnent de nouveau rendez-vous aux amateurs au 28, route de Sainte-Livrade-sur-Lot (\u00e0 l\u2019arri\u00e8re du b\u00e2timent de la mairie). \u00ab\u00a0Pour partager des moments fun autour du jeu, du rire et de la d\u00e9couverte\u00a0\u00bb, il est possible d\u2019adh\u00e9rer (15\u00a0euros).<\/p>\n","protected":false},"excerpt":{"rendered":"Parmi les soir\u00e9es \u00e0 venir, les samedis 13 et 27\u00a0septembre, puis 4 et 18\u00a0octobre, 8 et 22\u00a0novembre, 6&hellip;\n","protected":false},"author":2,"featured_media":371009,"comment_status":"","ping_status":"","sticky":false,"template":"","format":"standard","meta":{"footnotes":""},"categories":[9653],"tags":[1111,11,2430,1777,674,1011,27,12,25,4001],"class_list":{"0":"post-371008","1":"post","2":"type-post","3":"status-publish","4":"format-standard","5":"has-post-thumbnail","7":"category-saint-etienne","8":"tag-actu","9":"tag-actualites","10":"tag-auvergne-rhone-alpes","11":"tag-eu","12":"tag-europe","13":"tag-fr","14":"tag-france","15":"tag-news","16":"tag-republique-francaise","17":"tag-saint-etienne"},"share_on_mastodon":{"url":"https:\/\/pubeurope.com\/@fr\/115158303653933702","error":""},"_links":{"self":[{"href":"https:\/\/www.europesays.com\/fr\/wp-json\/wp\/v2\/posts\/371008","targetHints":{"allow":["GET"]}}],"collection":[{"href":"https:\/\/www.europesays.com\/fr\/wp-json\/wp\/v2\/posts"}],"about":[{"href":"https:\/\/www.europesays.com\/fr\/wp-json\/wp\/v2\/types\/post"}],"author":[{"embeddable":true,"href":"https:\/\/www.europesays.com\/fr\/wp-json\/wp\/v2\/users\/2"}],"replies":[{"embeddable":true,"href":"https:\/\/www.europesays.com\/fr\/wp-json\/wp\/v2\/comments?post=371008"}],"version-history":[{"count":0,"href":"https:\/\/www.europesays.com\/fr\/wp-json\/wp\/v2\/posts\/371008\/revisions"}],"wp:featuredmedia":[{"embeddable":true,"href":"https:\/\/www.europesays.com\/fr\/wp-json\/wp\/v2\/media\/371009"}],"wp:attachment":[{"href":"https:\/\/www.europesays.com\/fr\/wp-json\/wp\/v2\/media?parent=371008"}],"wp:term":[{"taxonomy":"category","embeddable":true,"href":"https:\/\/www.europesays.com\/fr\/wp-json\/wp\/v2\/categories?post=371008"},{"taxonomy":"post_tag","embeddable":true,"href":"https:\/\/www.europesays.com\/fr\/wp-json\/wp\/v2\/tags?post=371008"}],"curies":[{"name":"wp","href":"https:\/\/api.w.org\/{rel}","templated":true}]}}