{"id":371016,"date":"2025-09-06T16:33:17","date_gmt":"2025-09-06T16:33:17","guid":{"rendered":"https:\/\/www.europesays.com\/fr\/371016\/"},"modified":"2025-09-06T16:33:17","modified_gmt":"2025-09-06T16:33:17","slug":"en-direct-top-14-premier-match-de-la-saison-le-mhr-recoit-toulon-en-ouverture","status":"publish","type":"post","link":"https:\/\/www.europesays.com\/fr\/371016\/","title":{"rendered":"EN DIRECT &#8211; Top 14 : premier match de la saison, le MHR re\u00e7oit Toulon en ouverture"},"content":{"rendered":"<p>Le MHR accueille Toulon pour la premi\u00e8re journ\u00e9e du Top 14 \u00e9dition 2025\/2026. Suivez ce match entre pr\u00e9tendants affich\u00e9s pour les phases finales en direct comment\u00e9 sur notre site. <\/p>\n<p>Apr\u00e8s une intersaison r\u00e9ussie, avec deux victoires en deux matchs (contre\u00a0<a class=\"IciLink ici-link IciArticleLink g-ici-body-regular-1 underline brand svelte-lu7k6w\" href=\"https:\/\/www.francebleu.fr\/sports\/rugby\/la-section-paloise-battue-par-montpellier-a-auch-pour-son-premier-match-de-preparation-5-26-8490803\" rel=\"nofollow noopener\" target=\"_blank\">la Section paloise<\/a>\u00a0et\u00a0<a class=\"IciLink ici-link IciArticleLink g-ici-body-regular-1 underline brand svelte-lu7k6w\" href=\"https:\/\/www.francebleu.fr\/sports\/rugby\/direct-suivez-le-match-de-preparation-entre-l-usap-et-montpellier-8556327\" rel=\"nofollow noopener\" target=\"_blank\">l&rsquo;USAP<\/a>), <a class=\"IciLink ici-link IciArticleLink g-ici-body-regular-1 underline brand svelte-lu7k6w\" href=\"https:\/\/www.francebleu.fr\/emissions\/ici-sport-ici-herault\/ici-sport-rugby-le-mhr-aborde-le-debut-du-top-14-avec-optimisme-et-ambition-2978931\" rel=\"nofollow noopener\" target=\"_blank\">place aux choses s\u00e9rieuses pour le MHR<\/a>. Samedi 6 septembre 2025, c&rsquo;est la reprise de la saison en Top 14, avec la r\u00e9ception de Toulon, coup d&rsquo;envoi 19h. Un sacr\u00e9 adversaire au Septeo Stadium (le nom du Stade Yves-du-Manoir depuis cet \u00e9t\u00e9, nouveau naming\u00a0apr\u00e8s le GGL Stadium), demi-finaliste du championnat la saison derni\u00e8re. Une bonne mani\u00e8re de se jauger et de frapper fort d&rsquo;entr\u00e9e, puisque Montpellier vise une qualification pour les phases finales, une place dans le \u00ab\u00a0top 6\u00a0\u00bb, apr\u00e8s trois saisons moyennes (9e, 13e, 11e).<\/p>\n<p>\u00c0 lire aussi   <img decoding=\"async\" src=\"https:\/\/www.europesays.com\/fr\/wp-content\/uploads\/2025\/09\/1757176397_857_560x315\" alt=\"La saison 2025-2026 de rugby va conna\u00eetre plusieurs nouveaut\u00e9s\" style=\"--_image-preview:url('data:image\/jpeg;base64,\/9j\/2wBDACgcHiMeGSgjISMtKygwPGRBPDc3PHtYXUlkkYCZlo+AjIqgtObDoKrarYqMyP\/L2u71\/\/\/\/m8H\/\/\/\/6\/+b9\/\/j\/2wBDASstLTw1PHZBQXb4pYyl+Pj4+Pj4+Pj4+Pj4+Pj4+Pj4+Pj4+Pj4+Pj4+Pj4+Pj4+Pj4+Pj4+Pj4+Pj4+Pj4+Pj\/wAARCAAXACoDASIAAhEBAxEB\/8QAGAAAAwEBAAAAAAAAAAAAAAAAAAECAwT\/xAAXEAEBAQEAAAAAAAAAAAAAAAAAAREC\/8QAFgEBAQEAAAAAAAAAAAAAAAAAAAEC\/8QAFREBAQAAAAAAAAAAAAAAAAAAAAH\/2gAMAwEAAhEDEQA\/AOacrkVOVYi1OFi8LBEWJxpYWCtJDwAKVIAZPCwBGn\/\/2Q==');\" loading=\"lazy\" fetchpriority=\"low\" aria-hidden=\"true\" class=\"svelte-1pnmlwx rounded\" onload=\"this.__e=event\" onerror=\"this.__e=event\"\/> <\/p>\n<p>loading<\/p>\n<p>loading<\/p>\n<p>loading<\/p>\n","protected":false},"excerpt":{"rendered":"Le MHR accueille Toulon pour la premi\u00e8re journ\u00e9e du Top 14 \u00e9dition 2025\/2026. Suivez ce match entre pr\u00e9tendants&hellip;\n","protected":false},"author":2,"featured_media":371017,"comment_status":"","ping_status":"","sticky":false,"template":"","format":"standard","meta":{"footnotes":""},"categories":[9619],"tags":[1111,11,1777,674,1011,27,12,882,25,2310],"class_list":{"0":"post-371016","1":"post","2":"type-post","3":"status-publish","4":"format-standard","5":"has-post-thumbnail","7":"category-toulon","8":"tag-actu","9":"tag-actualites","10":"tag-eu","11":"tag-europe","12":"tag-fr","13":"tag-france","14":"tag-news","15":"tag-provence-alpes-cote-dazur","16":"tag-republique-francaise","17":"tag-toulon"},"share_on_mastodon":{"url":"https:\/\/pubeurope.com\/@fr\/115158319454867471","error":""},"_links":{"self":[{"href":"https:\/\/www.europesays.com\/fr\/wp-json\/wp\/v2\/posts\/371016","targetHints":{"allow":["GET"]}}],"collection":[{"href":"https:\/\/www.europesays.com\/fr\/wp-json\/wp\/v2\/posts"}],"about":[{"href":"https:\/\/www.europesays.com\/fr\/wp-json\/wp\/v2\/types\/post"}],"author":[{"embeddable":true,"href":"https:\/\/www.europesays.com\/fr\/wp-json\/wp\/v2\/users\/2"}],"replies":[{"embeddable":true,"href":"https:\/\/www.europesays.com\/fr\/wp-json\/wp\/v2\/comments?post=371016"}],"version-history":[{"count":0,"href":"https:\/\/www.europesays.com\/fr\/wp-json\/wp\/v2\/posts\/371016\/revisions"}],"wp:featuredmedia":[{"embeddable":true,"href":"https:\/\/www.europesays.com\/fr\/wp-json\/wp\/v2\/media\/371017"}],"wp:attachment":[{"href":"https:\/\/www.europesays.com\/fr\/wp-json\/wp\/v2\/media?parent=371016"}],"wp:term":[{"taxonomy":"category","embeddable":true,"href":"https:\/\/www.europesays.com\/fr\/wp-json\/wp\/v2\/categories?post=371016"},{"taxonomy":"post_tag","embeddable":true,"href":"https:\/\/www.europesays.com\/fr\/wp-json\/wp\/v2\/tags?post=371016"}],"curies":[{"name":"wp","href":"https:\/\/api.w.org\/{rel}","templated":true}]}}