{"id":371020,"date":"2025-09-06T16:35:20","date_gmt":"2025-09-06T16:35:20","guid":{"rendered":"https:\/\/www.europesays.com\/fr\/371020\/"},"modified":"2025-09-06T16:35:20","modified_gmt":"2025-09-06T16:35:20","slug":"antigone-des-associations-a-montpellier-les-animations-sur-le-podium-quai-du-piree-ce-dimanche","status":"publish","type":"post","link":"https:\/\/www.europesays.com\/fr\/371020\/","title":{"rendered":"Antigone des associations \u00e0 Montpellier\u00a0: les animations sur le podium quai du Pir\u00e9e ce dimanche"},"content":{"rendered":"<p>\n                                                                L\u2019Antigone des associations se d\u00e9roule ce dimanche 7\u00a0septembre de 9\u00a0h\u00a030 \u00e0 17\u00a0h\u00a030 au c\u0153ur du quartier Antigone \u00e0 Montpellier. Pr\u00e8s de 1\u00a0000 associations seront pr\u00e9sentes et certaines feront des d\u00e9monstrations quai du Pir\u00e9e.\n                            <\/p>\n<p>Des animations sont programm\u00e9es tout au long de la journ\u00e9e sur le podium quai du Pir\u00e9e. Voil\u00e0 le programme\u00a0!<\/p>\n<p>        <img decoding=\"async\" class=\"std-img__img responsive-img\" src=\"https:\/\/www.europesays.com\/fr\/wp-content\/uploads\/2025\/09\/1757176520_957_image.webp\" alt=\"Cette journ\u00e9e est plac\u00e9e sous le signe de la fraternit\u00e9.\"\/><\/p>\n<p>                Cette journ\u00e9e est plac\u00e9e sous le signe de la fraternit\u00e9.<br \/>\n                                    D.R.<\/p>\n<p>Danses et chants, archers\u2026 en matin\u00e9e<\/p>\n<p>10\u00a0heures\u00a0: d\u00e9monstrations de musique arabo-andalouse d\u2019Alg\u00e9rie.<br \/>10\u00a0h\u00a015\u00a0: d\u00e9monstrations d\u2019a\u00efkido.<br \/>10\u00a0h\u00a030\u00a0: d\u00e9monstrations de danse culturelle guin\u00e9enne.<br \/>10\u00a0h\u00a045\u00a0: d\u00e9monstrations de danses et chants traditionnels antillais.<br \/>11\u00a0heures\u00a0: d\u00e9monstrations de danses et chants afro-carib\u00e9ens.<br \/>11\u00a0h\u00a015\u00a0: d\u00e9monstrations de qi gong en musique.<br \/>11\u00a0h\u00a030\u00a0: d\u00e9monstrations de roundnet.<br \/>11\u00a0h\u00a045\u00a0: d\u00e9monstrations de tirs de c\u00e9r\u00e9monie par trois archers.<\/p>\n<p>Percussions, arts martiaux\u2026 l\u2019apr\u00e8s-midi<\/p>\n<p>13\u00a0h\u00a015\u00a0: d\u00e9monstrations d\u2019acrobatie basse et self-d\u00e9fense.<br \/>13\u00a0h\u00a030\u00a0: d\u00e9monstrations de qipong.<br \/>13\u00a0h\u00a045\u00a0: d\u00e9monstrations de boxe \u00e9ducative.<br \/>14\u00a0heures\u00a0: d\u00e9monstrations de percussions traditionnelles br\u00e9siliennes.<br \/>14\u00a0h\u00a015\u00a0: d\u00e9monstrations de percussions carnavalesques antillaises.<\/p>\n<p>14\u00a0h\u00a030\u00a0: d\u00e9monstrations de danses traditionnelles libanaises dakbe.<br \/>14\u00a0h\u00a045\u00a0: d\u00e9monstrations de kata.<br \/>15\u00a0heures\u00a0: d\u00e9monstrations de \u00ab\u00a0postural ball\u00a0\u00bb.<br \/>15\u00a0h\u00a015\u00a0: d\u00e9monstrations de danses de l\u2019Inde et Bollywood.<br \/>15\u00a0h\u00a030\u00a0: d\u00e9monstrations d\u2019art martial au b\u00e2ton bozendo.<br \/>15\u00a0h\u00a045\u00a0: d\u00e9monstrations d\u2019arts martiaux vietnamiens et armes traditionnelles.<br \/>16\u00a0heures\u00a0: d\u00e9monstrations de ta\u00ef-chi style yang.<br \/>16\u00a0h\u00a015\u00a0: d\u00e9monstrations d\u2019exercices didactiques et combats.<br \/>16\u00a0h\u00a030\u00a0: d\u00e9monstrations d\u2019encha\u00eenements kung-fu.<br \/>D\u00e8s 16\u00a0h\u00a045\u00a0: d\u00e9ambulation de cl\u00f4ture avec Bakchich fanfare.<\/p>\n<p>Acc\u00e8s libre et gratuit. La liste des associations pr\u00e9sentes et le plan interactif sont \u00e0 retrouver sur le <a href=\"https:\/\/antigonedesassociations.montpellier.fr\/\" target=\"_blank\" rel=\"nofollow noopener\">site internet<\/a> de l\u2019Antigone des associations.<\/p>\n","protected":false},"excerpt":{"rendered":"L\u2019Antigone des associations se d\u00e9roule ce dimanche 7\u00a0septembre de 9\u00a0h\u00a030 \u00e0 17\u00a0h\u00a030 au c\u0153ur du quartier Antigone \u00e0&hellip;\n","protected":false},"author":2,"featured_media":371021,"comment_status":"","ping_status":"","sticky":false,"template":"","format":"standard","meta":{"footnotes":""},"categories":[9599],"tags":[1111,11,1777,674,1011,27,2208,12,2680,25],"class_list":{"0":"post-371020","1":"post","2":"type-post","3":"status-publish","4":"format-standard","5":"has-post-thumbnail","7":"category-montpellier","8":"tag-actu","9":"tag-actualites","10":"tag-eu","11":"tag-europe","12":"tag-fr","13":"tag-france","14":"tag-montpellier","15":"tag-news","16":"tag-occitanie","17":"tag-republique-francaise"},"share_on_mastodon":{"url":"https:\/\/pubeurope.com\/@fr\/115158327457236794","error":""},"_links":{"self":[{"href":"https:\/\/www.europesays.com\/fr\/wp-json\/wp\/v2\/posts\/371020","targetHints":{"allow":["GET"]}}],"collection":[{"href":"https:\/\/www.europesays.com\/fr\/wp-json\/wp\/v2\/posts"}],"about":[{"href":"https:\/\/www.europesays.com\/fr\/wp-json\/wp\/v2\/types\/post"}],"author":[{"embeddable":true,"href":"https:\/\/www.europesays.com\/fr\/wp-json\/wp\/v2\/users\/2"}],"replies":[{"embeddable":true,"href":"https:\/\/www.europesays.com\/fr\/wp-json\/wp\/v2\/comments?post=371020"}],"version-history":[{"count":0,"href":"https:\/\/www.europesays.com\/fr\/wp-json\/wp\/v2\/posts\/371020\/revisions"}],"wp:featuredmedia":[{"embeddable":true,"href":"https:\/\/www.europesays.com\/fr\/wp-json\/wp\/v2\/media\/371021"}],"wp:attachment":[{"href":"https:\/\/www.europesays.com\/fr\/wp-json\/wp\/v2\/media?parent=371020"}],"wp:term":[{"taxonomy":"category","embeddable":true,"href":"https:\/\/www.europesays.com\/fr\/wp-json\/wp\/v2\/categories?post=371020"},{"taxonomy":"post_tag","embeddable":true,"href":"https:\/\/www.europesays.com\/fr\/wp-json\/wp\/v2\/tags?post=371020"}],"curies":[{"name":"wp","href":"https:\/\/api.w.org\/{rel}","templated":true}]}}