{"id":371023,"date":"2025-09-06T16:42:10","date_gmt":"2025-09-06T16:42:10","guid":{"rendered":"https:\/\/www.europesays.com\/fr\/371023\/"},"modified":"2025-09-06T16:42:10","modified_gmt":"2025-09-06T16:42:10","slug":"a-rennes-le-space-rassemble-les-solutions-a-destination-des-eleveurs-du-monde-entier","status":"publish","type":"post","link":"https:\/\/www.europesays.com\/fr\/371023\/","title":{"rendered":"\u00c0 Rennes, le Space rassemble les solutions \u00e0 destination des \u00e9leveurs du monde entier"},"content":{"rendered":"<p>            Par<br \/>\n        <strong><br \/>\n            <a href=\"https:\/\/actu.fr\/auteur\/bertrand-dumarche\" title=\"Consulter tous les articles de Bertrand Dumarch\u00e9\" target=\"_blank\" rel=\"noopener\">Bertrand Dumarch\u00e9<\/a><br \/>\n        <\/strong><\/p>\n<p>        Publi\u00e9 le<\/p>\n<p>            6 sept. 2025 \u00e0 18h00        <\/p>\n<p>De souvenir d\u2019\u00e9leveur, le <b>Space <\/b>est un moment que Pierre-Yves Olivier n\u2019a jamais rat\u00e9 depuis ses ann\u00e9es en BTS ACSE. \u00ab\u2009C\u2019est un moment important o\u00f9 je vais \u00e0 la rencontre du fournisseur, de l\u2019installateur, explique l\u2019\u00e9leveur avicole de Br\u00e9hand (22). Je viens y chercher de la technologie, des innovations pour avoir des r\u00e9sultats derri\u00e8re.\u2009\u00bb<\/p>\n<p class=\" wall-content\">C\u2019est chez Pierre-Yves Olivier que le Space a lanc\u00e9 son \u00e9dition 2025, exemple type de ce qu\u2019est le <b>salon rennais<\/b>. Un lieu de solutions. \u00ab\u2009Par exemple, j\u2019ai mis en place du photovolta\u00efque chez moi, il y a un an et demi. La prise de contact s\u2019est faite au Space.\u2009\u00bb Et cette ann\u00e9e encore, il viendra y chercher des id\u00e9es. \u00ab\u2009Je vois les syst\u00e8mes de cam\u00e9ras qui rep\u00e8rent les animaux gr\u00e2ce \u00e0 l\u2019IA. Un plus pour le bien-\u00eatre animal. Mais attention, je ne veux pas de la date pour de la date. Je veux un retour \u00e9conomique derri\u00e8re.\u2009\u00bb<\/p>\n<p>Un salon de solutions<\/p>\n<p class=\" wall-content\">C\u2019est cela le Space, \u00ab\u2009un salon d\u2019excellence, un salon de solutions pour chaque \u00e9leveur\u2009\u00bb, pointe <b>Didier Lucas, \u00e9leveur de porcs \u00e0 Saint-Alban (22) et pr\u00e9sident du Space<\/b>. \u00ab\u2009Ici, chaque \u00e9leveur peut trouver des r\u00e9ponses pour sa propre exploitation.\u2009\u00bb Une \u00e9vidence dans le grand Ouest mais bien au-del\u00e0. \u00ab\u2009Ici, au Space, on veut le d\u00e9veloppement de l\u2019agriculture fran\u00e7aise mais la pr\u00e9sence de d\u00e9l\u00e9gations du monde entier d\u00e9montre qu\u2019on peut apporter des solutions ailleurs.\u2009\u00bb<\/p>\n<p class=\" wall-content\">Ailleurs, c\u2019est 40 pays qui iront \u00e0 la rencontre des plus de 1\u2009200\u00a0exposants. Et preuve que le Space attire partout dans le monde, \u00ab\u2009cette ann\u00e9e, nous aurons 23 entreprises chinoises qui travaillent dans le domaine de la nutrition ou de l\u2019\u00e9quipement\u2009\u00bb, annonce Anne-Marie Qu\u00e9m\u00e9ner, commissaire g\u00e9n\u00e9rale du Space.<\/p>\n<p>Vid\u00e9os : en ce moment sur Actu30\u00a0ans d\u2019Innov\u2019Space<\/p>\n<p class=\" wall-content\">2025, 39e \u00e9dition du Space, marquera aussi la 30e \u00e9dition des <b>Innov\u2019Space<\/b>. \u00ab\u2009Nous avons enregistr\u00e9 un record de laur\u00e9ats dans le domaine du machinisme. C\u2019est une fiert\u00e9 d\u2019avoir su porter l\u2019innovation. Beaucoup d\u2019entreprises calent ainsi leur calendrier R et D sur le Space.\u2009\u00bb<\/p>\n<p class=\" wall-content\">Un salon qui pr\u00e9sente un panel complet d\u2019innovations. \u00ab\u2009Un miroir des m\u00e9tiers de l\u2019agriculture avec des solutions dans l\u2019am\u00e9lioration des conditions de travail, du bien-\u00eatre animal, de l\u2019environnement.\u2009\u00bb<\/p>\n<p>Votre r\u00e9gion, votre actu !<\/p>\n<p>Recevez chaque jour les infos qui comptent pour vous.<\/p>\n<p>\t<a href=\"https:\/\/actu.fr\/newsletter\" class=\"ac-btn ac-btn--corner ac-btn--medium ac-btn--blue800\" target=\"_blank\" rel=\"noopener\">S&rsquo;incrire<\/a><br \/>\n\u00c0 ne pas raterL\u2019Espace Jeunes. Lieu de sensibilisation aux m\u00e9tiers agricoles, ouvert \u00e0 tous les jeunes, m\u00eame ceux issus de fili\u00e8res g\u00e9n\u00e9rales.Le bus de l\u2019aventure du vivant. Qui met en lumi\u00e8re les m\u00e9tiers et les parcours possibles.International. De nombreuses d\u00e9l\u00e9gations \u00e9trang\u00e8res, qui montrent le rayonnement international du SPACE.Conf\u00e9rences. Plus de 100 conf\u00e9rences et tables rondes, autour des enjeux d\u2019avenir.Pr\u00e9sentations. Des t\u00e9moignages de terrain, toujours pr\u00e9cieux pour partager les exp\u00e9riences.Espace pour demain. Centr\u00e9 cette ann\u00e9e sur l\u2019intelligence agricole et artificielle. \u00ab\u2009Un lieu qui a vocation \u00e0 favoriser un fourmillement qui va permettre d\u2019\u00e9clairer les agriculteurs dans leurs choix\u2009\u00bb, souligne Jean-Alain Divannac\u2019h.Formation. Le d\u00e9veloppement des fili\u00e8res se structure. Notamment dans le domaine avicole avec des formations sur deux jours et des visites d\u2019\u00e9levages \u00e0 destination d\u2019agriculteurs d\u2019Afrique de l\u2019ouest.Tech\u2019Agri challenge. Concours d\u2019innovation initi\u00e9 par Bretagne d\u00e9veloppement innovation, Inn\u00f4zh et le Space.Aquaculture. Une signal\u00e9tique pr\u00e9sente sur 120 stands.<\/p>\n<p class=\" wall-content\">Personnalisez votre actualit\u00e9 en ajoutant vos villes et m\u00e9dias en favori avec <a href=\"https:\/\/moncompte.actu.fr\" title=\"D\u00e9couvez Mon Actu\" rel=\"nofollow noopener\" data-trk=\"{&quot;cta&quot;:{&quot;action&quot;:&quot;https:\\\/\\\/moncompte.actu.fr&quot;,&quot;category&quot;:&quot;mon compte&quot;,&quot;from&quot;:&quot;article footer&quot;,&quot;name&quot;:&quot;Mon actu&quot;,&quot;type&quot;:&quot;cta&quot;}}\" target=\"_blank\">Mon Actu<\/a>.<\/p>\n","protected":false},"excerpt":{"rendered":"Par Bertrand Dumarch\u00e9 Publi\u00e9 le 6 sept. 2025 \u00e0 18h00 De souvenir d\u2019\u00e9leveur, le Space est un moment&hellip;\n","protected":false},"author":2,"featured_media":371024,"comment_status":"","ping_status":"","sticky":false,"template":"","format":"standard","meta":{"footnotes":""},"categories":[2821],"tags":[1111,11,327,829,33,1777,674,1011,27,12,584,25,49243],"class_list":{"0":"post-371023","1":"post","2":"type-post","3":"status-publish","4":"format-standard","5":"has-post-thumbnail","7":"category-rennes","8":"tag-actu","9":"tag-actualites","10":"tag-agriculture","11":"tag-bretagne","12":"tag-economie","13":"tag-eu","14":"tag-europe","15":"tag-fr","16":"tag-france","17":"tag-news","18":"tag-rennes","19":"tag-republique-francaise","20":"tag-space-rennes"},"share_on_mastodon":{"url":"https:\/\/pubeurope.com\/@fr\/115158354794415413","error":""},"_links":{"self":[{"href":"https:\/\/www.europesays.com\/fr\/wp-json\/wp\/v2\/posts\/371023","targetHints":{"allow":["GET"]}}],"collection":[{"href":"https:\/\/www.europesays.com\/fr\/wp-json\/wp\/v2\/posts"}],"about":[{"href":"https:\/\/www.europesays.com\/fr\/wp-json\/wp\/v2\/types\/post"}],"author":[{"embeddable":true,"href":"https:\/\/www.europesays.com\/fr\/wp-json\/wp\/v2\/users\/2"}],"replies":[{"embeddable":true,"href":"https:\/\/www.europesays.com\/fr\/wp-json\/wp\/v2\/comments?post=371023"}],"version-history":[{"count":0,"href":"https:\/\/www.europesays.com\/fr\/wp-json\/wp\/v2\/posts\/371023\/revisions"}],"wp:featuredmedia":[{"embeddable":true,"href":"https:\/\/www.europesays.com\/fr\/wp-json\/wp\/v2\/media\/371024"}],"wp:attachment":[{"href":"https:\/\/www.europesays.com\/fr\/wp-json\/wp\/v2\/media?parent=371023"}],"wp:term":[{"taxonomy":"category","embeddable":true,"href":"https:\/\/www.europesays.com\/fr\/wp-json\/wp\/v2\/categories?post=371023"},{"taxonomy":"post_tag","embeddable":true,"href":"https:\/\/www.europesays.com\/fr\/wp-json\/wp\/v2\/tags?post=371023"}],"curies":[{"name":"wp","href":"https:\/\/api.w.org\/{rel}","templated":true}]}}