{"id":371025,"date":"2025-09-06T16:43:09","date_gmt":"2025-09-06T16:43:09","guid":{"rendered":"https:\/\/www.europesays.com\/fr\/371025\/"},"modified":"2025-09-06T16:43:09","modified_gmt":"2025-09-06T16:43:09","slug":"coralie-redonne-vie-aux-meubles-anciens-dans-son-atelier","status":"publish","type":"post","link":"https:\/\/www.europesays.com\/fr\/371025\/","title":{"rendered":"Coralie redonne vie aux meubles anciens dans son atelier"},"content":{"rendered":"<p>            Par<br \/>\n        <strong><br \/>\n            <a href=\"https:\/\/actu.fr\/auteur\/redaction-jv\" title=\"Consulter tous les articles de R\u00e9daction Vitr\u00e9\" rel=\"nofollow noopener\" target=\"_blank\">R\u00e9daction Vitr\u00e9<\/a><br \/>\n        <\/strong><\/p>\n<p>        Publi\u00e9 le<\/p>\n<p>            6 sept. 2025 \u00e0 18h01        <\/p>\n<p><b>Coralie Debonne,<\/b> bas\u00e9e \u00e0 <b>Ch\u00e2teaugiron<\/b> (Ille-et-Vilaine) depuis 2011, est une ancienne responsable communication. Cr\u00e9ative, elle a toujours aim\u00e9 travailler avec ses mains. Elle vient de cr\u00e9er son entreprise <b>Arsenic et Libellule<\/b> et d\u2019ouvrir son atelier, tr\u00e8s lumineux. Elle\u00a0redonne vie aux meubles anciens en leur offrant une m\u00e9tamorphose unique et sur-mesure.<\/p>\n<p class=\" wall-content\">\u00ab\u2009Il y a deux ans, \u00e0 l\u2019Atelier Baroque, j\u2019ai d\u00e9couvert un tissu d\u2019ameublement de Voglio Bene que j\u2019ai ador\u00e9. Je me suis dit qu\u2019il fallait absolument que j\u2019en fasse quelque chose. J\u2019ai regard\u00e9 des tutos, trouv\u00e9 une banquette, tout d\u00e9mont\u00e9, tout refait et utilis\u00e9 ce tissu. C\u2019est \u00e0 ce moment-l\u00e0 que j\u2019ai d\u00e9cid\u00e9 de me former et d\u2019en faire mon quotidien.\u2009\u00bb<\/p>\n<p>Des pi\u00e8ces \u00ab\u2009pour les amoureux du beau\u2009\u00bb<\/p>\n<p class=\" wall-content\">Coralie Debonne <b>chine r\u00e9guli\u00e8rement des meubles anciens,<\/b> qui lui tapent dans l\u2019\u0153il par leur look, l\u2019\u00e9nergie qu\u2019ils d\u00e9gagent, ou par l\u2019histoire que leur propri\u00e9taire lui raconte.<\/p>\n<p class=\" wall-content\">\u00ab\u2009Je redonne vie aux meubles d\u2019autrefois en cr\u00e9ant des pi\u00e8ces uniques et originales, destin\u00e9es \u00e0 un march\u00e9 haut de gamme pour les amoureux du beau, r\u00e9sume-t-elle. Gr\u00e2ce \u00e0 une expertise en r\u00e9novation et transformation de mobilier ancien, chaque cr\u00e9ation refl\u00e8te <b>un savoir-faire artisanal<\/b> d\u2019exception et une attention minutieuse aux d\u00e9tails.\u2009\u00bb<\/p>\n<p class=\" wall-content\">Form\u00e9e par une artisane d\u2019art en Normandie, Coralie Debonne travaille aujourd\u2019hui depuis son atelier situ\u00e9 \u00e0 Ch\u00e2teaugiron. Elle a obtenu la reconnaissance professionnelle <b>M\u00e9tiers d\u2019arts <\/b>de la Chambre des m\u00e9tiers et de l\u2019artisanat de Bretagne.<\/p>\n<p class=\" wall-content\">\u00ab\u2009J\u2019ai \u00e0 c\u0153ur de sublimer tout type de mobilier ancien en utilisant des techniques vari\u00e9es, telles que la peinture sur mobilier, le collage, la gainerie et l\u2019int\u00e9gration de mat\u00e9riaux vari\u00e9s, toujours de haute qualit\u00e9 pour jouer sur les effets de mati\u00e8res, de couleurs et de relief.\u2009\u00bb<\/p>\n<p>Votre r\u00e9gion, votre actu !<\/p>\n<p>Recevez chaque jour les infos qui comptent pour vous.<\/p>\n<p>\t<a href=\"https:\/\/actu.fr\/newsletter\" class=\"ac-btn ac-btn--corner ac-btn--medium ac-btn--blue800\" rel=\"nofollow noopener\" target=\"_blank\">S&rsquo;incrire<\/a><br \/>\n\u00ab\u2009Chaque meuble a une histoire\u2009\u00bb<\/p>\n<p class=\" wall-content\">Coralie Debonne propose plusieurs prestations\u2009: chiner des meubles et les r\u00e9cup\u00e9rer, adopter une de ses cr\u00e9ations, choisir un meuble \u00e0 personnaliser, une prestation d\u2019a\u00e9rogommage (service professionnel id\u00e9al pour restaurer et pr\u00e9parer des meubles en douceur avant transformation).<\/p>\n<p class=\" wall-content\">\u00ab\u2009Ce que j\u2019aime dans ce travail, c\u2019est <b>la recherche de l\u2019excellence.<\/b> Je consid\u00e8re que c\u2019est un luxe de pouvoir s\u2019y consacrer pleinement, et c\u2019est justement cela qui m\u2019anime. J\u2019aime aussi le plaisir de partager avec les personnes qui me confient leurs objets l\u2019histoire de ceux-ci, et de les transformer pour r\u00e9v\u00e9ler une nouvelle facette de leur personnalit\u00e9. Ma devise serait \u00ab\u2009Chaque meuble a une histoire\u2026 et s\u2019il venait enrichir la v\u00f4tre\u2009?\u2009\u00bb.\u2009\u00bb<\/p>\n<p class=\" wall-content\">Son credo\u2009? <b>Respecter l\u2019histoire de chaque meuble<\/b>, tout en r\u00e9v\u00e9lant une nouvelle facette de sa personnalit\u00e9.<\/p>\n<p class=\" wall-content\">Peinture sur mobilier, patines, effets de mati\u00e8re\u2026 Coralie ma\u00eetrise des techniques artisanales de haute qualit\u00e9 pour cr\u00e9er des pi\u00e8ces originales, uniques et num\u00e9rot\u00e9es.<\/p>\n<p>D\u00e9marche \u00e9coresponsable<\/p>\n<p class=\" wall-content\">Amoureuse de la transmission et des savoir-faire, elle s\u2019inspire des souvenirs et des \u00e9motions pass\u00e9es pour transformer chaque meuble en un objet charg\u00e9 d\u2019\u00e2me et de sens.<\/p>\n<p class=\" wall-content\">\u00ab\u2009Au c\u0153ur du r\u00e9emploi, la r\u00e9novation de meubles anciens s\u2019inscrit naturellement dans <b>une d\u00e9marche \u00e9coresponsable<\/b>, explique Coralie Debonne. Il ne s\u2019agit plus de jeter, mais de revaloriser l\u2019existant. Cet engagement en faveur du d\u00e9veloppement durable va bien au-del\u00e0 du simple choix des mat\u00e9riaux. J\u2019ai int\u00e9gr\u00e9 le respect de l\u2019environnement dans ma pratique quotidienne afin de limiter l\u2019impact de mon activit\u00e9 sur la plan\u00e8te\u2009: je ne jette pas les d\u00e9chets de peinture dans les eaux us\u00e9es, je ne lave pas mes pinceaux directement dans les \u00e9viers, je trie syst\u00e9matiquement les d\u00e9chets de l\u2019atelier, et j\u2019utilise des produits \u00e0 faible \u00e9mission de CO2 ainsi que des peintures sans COV (compos\u00e9s organiques volatils).\u2009\u00bb<\/p>\n<p>Pratique\u2009: <a href=\"https:\/\/actu.fr\/cdn-cgi\/l\/email-protection\" class=\"__cf_email__\" data-cfemail=\"6e0f1c1d0b00070d0b1a02070c0b02021b020b2e09030f0702400d0103\" rel=\"nofollow noopener\" target=\"_blank\">[email\u00a0protected]<\/a> ou 06\u200962\u200910\u200927\u200944 ou arsenicetlibellule.com.<\/p>\n<p class=\" wall-content\">Personnalisez votre actualit\u00e9 en ajoutant vos villes et m\u00e9dias en favori avec <a href=\"https:\/\/moncompte.actu.fr\" title=\"D\u00e9couvez Mon Actu\" rel=\"nofollow noopener\" data-trk=\"{&quot;cta&quot;:{&quot;action&quot;:&quot;https:\\\/\\\/moncompte.actu.fr&quot;,&quot;category&quot;:&quot;mon compte&quot;,&quot;from&quot;:&quot;article footer&quot;,&quot;name&quot;:&quot;Mon actu&quot;,&quot;type&quot;:&quot;cta&quot;}}\" target=\"_blank\">Mon Actu<\/a>.<\/p>\n","protected":false},"excerpt":{"rendered":"Par R\u00e9daction Vitr\u00e9 Publi\u00e9 le 6 sept. 2025 \u00e0 18h01 Coralie Debonne, bas\u00e9e \u00e0 Ch\u00e2teaugiron (Ille-et-Vilaine) depuis 2011,&hellip;\n","protected":false},"author":2,"featured_media":371026,"comment_status":"","ping_status":"","sticky":false,"template":"","format":"standard","meta":{"footnotes":""},"categories":[2821],"tags":[1111,11,1477,829,1777,674,1011,27,12,584,25,104],"class_list":{"0":"post-371025","1":"post","2":"type-post","3":"status-publish","4":"format-standard","5":"has-post-thumbnail","7":"category-rennes","8":"tag-actu","9":"tag-actualites","10":"tag-artisanat","11":"tag-bretagne","12":"tag-eu","13":"tag-europe","14":"tag-fr","15":"tag-france","16":"tag-news","17":"tag-rennes","18":"tag-republique-francaise","19":"tag-societe"},"share_on_mastodon":{"url":"https:\/\/pubeurope.com\/@fr\/115158358780646545","error":""},"_links":{"self":[{"href":"https:\/\/www.europesays.com\/fr\/wp-json\/wp\/v2\/posts\/371025","targetHints":{"allow":["GET"]}}],"collection":[{"href":"https:\/\/www.europesays.com\/fr\/wp-json\/wp\/v2\/posts"}],"about":[{"href":"https:\/\/www.europesays.com\/fr\/wp-json\/wp\/v2\/types\/post"}],"author":[{"embeddable":true,"href":"https:\/\/www.europesays.com\/fr\/wp-json\/wp\/v2\/users\/2"}],"replies":[{"embeddable":true,"href":"https:\/\/www.europesays.com\/fr\/wp-json\/wp\/v2\/comments?post=371025"}],"version-history":[{"count":0,"href":"https:\/\/www.europesays.com\/fr\/wp-json\/wp\/v2\/posts\/371025\/revisions"}],"wp:featuredmedia":[{"embeddable":true,"href":"https:\/\/www.europesays.com\/fr\/wp-json\/wp\/v2\/media\/371026"}],"wp:attachment":[{"href":"https:\/\/www.europesays.com\/fr\/wp-json\/wp\/v2\/media?parent=371025"}],"wp:term":[{"taxonomy":"category","embeddable":true,"href":"https:\/\/www.europesays.com\/fr\/wp-json\/wp\/v2\/categories?post=371025"},{"taxonomy":"post_tag","embeddable":true,"href":"https:\/\/www.europesays.com\/fr\/wp-json\/wp\/v2\/tags?post=371025"}],"curies":[{"name":"wp","href":"https:\/\/api.w.org\/{rel}","templated":true}]}}