{"id":371029,"date":"2025-09-06T16:45:13","date_gmt":"2025-09-06T16:45:13","guid":{"rendered":"https:\/\/www.europesays.com\/fr\/371029\/"},"modified":"2025-09-06T16:45:13","modified_gmt":"2025-09-06T16:45:13","slug":"strasbourg-une-voiture-de-la-bac-en-intervention-percutee-quatre-policiers-blesses","status":"publish","type":"post","link":"https:\/\/www.europesays.com\/fr\/371029\/","title":{"rendered":"Strasbourg. Une voiture de la Bac en intervention percut\u00e9e : quatre policiers bless\u00e9s"},"content":{"rendered":"<p>Un v\u00e9hicule de police et une voiture sont entr\u00e9s en collision, ce samedi 6 septembre peu avant 15 h 30, \u00e0 l\u2019angle de l\u2019avenue des Vosges et de la rue du G\u00e9n\u00e9ral-Castelnau \u00e0 Strasbourg.<\/p>\n<p>Ce contenu est bloqu\u00e9 car vous n&rsquo;avez pas accept\u00e9 les cookies et autres traceurs.<\/p>\n<p>En cliquant sur \u00ab J\u2019accepte \u00bb, les cookies et autres traceurs seront d\u00e9pos\u00e9s et vous pourrez visualiser les contenus  (<a href=\"\" class=\"consentModule_policy\" target=\"_blank\" title=\"Consulter la politique de protection des donn\u00e9es du fournisseur\">plus d&rsquo;informations<\/a>).<\/p>\n<p>En cliquant sur \u00ab J\u2019accepte tous les cookies \u00bb, vous autorisez des d\u00e9p\u00f4ts de cookies et autres traceurs pour le stockage de vos donn\u00e9es sur nos sites et applications \u00e0 des fins de personnalisation et de ciblage publicitaire.<\/p>\n<p class=\"consentModule_secondaryText\">Vous gardez la possibilit\u00e9 de retirer votre consentement \u00e0 tout moment en consultant notre <a href=\"https:\/\/www.dna.fr\/protection-des-donnees\" target=\"_blank\" title=\"Consulter notre politique de protection des donn\u00e9es\" rel=\"nofollow noopener\">politique de protection des donn\u00e9es<\/a>. <br \/>&#13;<br \/>\n            <a href=\"https:\/\/www.dna.fr\/faits-divers-justice\/2025\/09\/06\/javascript:Didomi.notice.show()\" class=\"consentModule_cmp\" rel=\"nofollow noopener\" target=\"_blank\">G\u00e9rer mes choix<\/a>&#13;\n        <\/p>\n<p>&#13;<br \/>\n                        J&rsquo;accepte&#13;<br \/>\n            J&rsquo;accepte tous les cookies&#13;\n        <\/p>\n<p>Les agents de la brigade anticriminalit\u00e9 se dirigeaient vers l\u2019avenue d\u2019Alsace, gyrophare et deux tons activ\u00e9s, pour intervenir sur un vol par effraction. Si un automobiliste venant de la rue du G\u00e9n\u00e9ral Castelnau a bel et bien c\u00e9d\u00e9 le passage aux policiers, un autre qui sortait de la rue Oberlin ne les a vus que trop tard et a percut\u00e9 l\u2019avant gauche du v\u00e9hicule banalis\u00e9.<\/p>\n<p>Les quatre policiers, bless\u00e9s, ont \u00e9t\u00e9 transport\u00e9s \u00e0 l\u2019h\u00f4pital pour des examens de contr\u00f4le. La famille impliqu\u00e9e est indemne.<\/p>\n<p>Les deux v\u00e9hicules ont \u00e9t\u00e9 d\u00e9pann\u00e9s.<\/p>\n","protected":false},"excerpt":{"rendered":"Un v\u00e9hicule de police et une voiture sont entr\u00e9s en collision, ce samedi 6 septembre peu avant 15&hellip;\n","protected":false},"author":2,"featured_media":371030,"comment_status":"","ping_status":"","sticky":false,"template":"","format":"standard","meta":{"footnotes":""},"categories":[2820],"tags":[119,1111,11,2880,1777,674,274,107,1011,27,775,12,25,640,2879],"class_list":{"0":"post-371029","1":"post","2":"type-post","3":"status-publish","4":"format-standard","5":"has-post-thumbnail","7":"category-strasbourg","8":"tag-accident","9":"tag-actu","10":"tag-actualites","11":"tag-edition-strasbourg","12":"tag-eu","13":"tag-europe","14":"tag-faits-divers-justice","15":"tag-fil-info","16":"tag-fr","17":"tag-france","18":"tag-grand-est","19":"tag-news","20":"tag-republique-francaise","21":"tag-strasbourg","22":"tag-strasbourg-ville"},"share_on_mastodon":{"url":"https:\/\/pubeurope.com\/@fr\/115158366602160353","error":""},"_links":{"self":[{"href":"https:\/\/www.europesays.com\/fr\/wp-json\/wp\/v2\/posts\/371029","targetHints":{"allow":["GET"]}}],"collection":[{"href":"https:\/\/www.europesays.com\/fr\/wp-json\/wp\/v2\/posts"}],"about":[{"href":"https:\/\/www.europesays.com\/fr\/wp-json\/wp\/v2\/types\/post"}],"author":[{"embeddable":true,"href":"https:\/\/www.europesays.com\/fr\/wp-json\/wp\/v2\/users\/2"}],"replies":[{"embeddable":true,"href":"https:\/\/www.europesays.com\/fr\/wp-json\/wp\/v2\/comments?post=371029"}],"version-history":[{"count":0,"href":"https:\/\/www.europesays.com\/fr\/wp-json\/wp\/v2\/posts\/371029\/revisions"}],"wp:featuredmedia":[{"embeddable":true,"href":"https:\/\/www.europesays.com\/fr\/wp-json\/wp\/v2\/media\/371030"}],"wp:attachment":[{"href":"https:\/\/www.europesays.com\/fr\/wp-json\/wp\/v2\/media?parent=371029"}],"wp:term":[{"taxonomy":"category","embeddable":true,"href":"https:\/\/www.europesays.com\/fr\/wp-json\/wp\/v2\/categories?post=371029"},{"taxonomy":"post_tag","embeddable":true,"href":"https:\/\/www.europesays.com\/fr\/wp-json\/wp\/v2\/tags?post=371029"}],"curies":[{"name":"wp","href":"https:\/\/api.w.org\/{rel}","templated":true}]}}