{"id":371031,"date":"2025-09-06T16:46:12","date_gmt":"2025-09-06T16:46:12","guid":{"rendered":"https:\/\/www.europesays.com\/fr\/371031\/"},"modified":"2025-09-06T16:46:12","modified_gmt":"2025-09-06T16:46:12","slug":"pourquoi-le-comedien-michel-cremades-parraine-une-association-nicoise-de-rapatries-dafrique-du-nord","status":"publish","type":"post","link":"https:\/\/www.europesays.com\/fr\/371031\/","title":{"rendered":"Pourquoi le com\u00e9dien Michel Cr\u00e9mad\u00e8s parraine une association ni\u00e7oise de rapatri\u00e9s d&rsquo;Afrique du Nord"},"content":{"rendered":"<p>Com\u00e9dien, metteur en sc\u00e8ne, parrain. L\u2019acteur Michel Cr\u00e9mad\u00e8s est le parrain de l\u2019Anerana. Autrement dit, l\u2019Association Nationale des Enfants de Rapatri\u00e9s d\u2019Afrique du Nord et leurs Amis, forte de 70 membres, cr\u00e9\u00e9e \u00e0 Nice en d\u00e9but d\u2019ann\u00e9e par Pierre Marseille pour faire conna\u00eetre, valoriser, perp\u00e9tuer la culture et la m\u00e9moire des pieds-noirs. Afin qu\u2019elles ne tombent pas dans l\u2019oubli.<\/p>\n<p>Et c\u2019est aussi la d\u00e9marche de Michel Cr\u00e9mad\u00e8s, acteur de cin\u00e9ma (Les Ripoux, Ripoux contre Ripoux, Promotion Canap\u00e9, Les Visiteurs 2, Ast\u00e9rix et Ob\u00e9lix mission Cl\u00e9op\u00e2tre\u2026), homme de th\u00e9\u00e2tre (Feydeau, Guitry\u2026), metteur en sc\u00e8ne, acteur de t\u00e9l\u00e9films, de s\u00e9ries t\u00e9l\u00e9vis\u00e9es (Marie Pervenche, Maguy, Maigret, Jos\u00e9phine Ange Gardien\u2026)<\/p>\n<p>              <img ci-src=\"https:\/\/www.nicematin.com\/vie-associative\/NICXXQ121_DR_MICHEL+CREMADES+RIPOUX-SNX7MOlY.jpg?vh=ff7c4f&amp;ci_seal=469ff52459\" alt=\"\"\/><br \/>\n        Michel Cr\u00e9mad\u00e8s en 1984 dans \u00ab\u00a0Les Ripoux\u00a0\u00bb. <strong>Photo DR.<\/strong> <\/p>\n<p>Joint par t\u00e9l\u00e9phone chez lui, dans le centre de la France, l\u2019artiste, charmant, disponible, a fait part de sa motivation pour accompagner l\u2019Anerana.<\/p>\n<p><strong>Comment avez-vous connu Pierre Marseille?<\/strong><\/p>\n<p>J\u2019\u00e9tais invit\u00e9 au festival de Beausoleil Les h\u00e9ros de la TV, en septembre. Pierre Marseille y participait. Il est venu me voir pour me parler de nos origines pieds-noirs \u00e0 tous les deux. Je suis n\u00e9 \u00e0 Kouba, pr\u00e8s d\u2019Alger. On a fait une petite interview pour Facebook et j\u2019ai appris que les parents de Pierre vivaient pr\u00e8s de Vichy, comme moi lorsque je ne suis pas \u00e0 Paris. On a tr\u00e8s vite sympathis\u00e9.<\/p>\n<p><strong>Pourquoi avoir accept\u00e9 d\u2019\u00eatre parrain?<\/strong><\/p>\n<p>Pour moi, c\u2019est un retour vers le pass\u00e9. J\u2019ai connu l\u2019Alg\u00e9rie, son soleil, sa mer, avec mes yeux d\u2019enfant. J\u2019avais des copains arabes, juifs. Un m\u00e9lange de gens. Je suis arriv\u00e9 \u00e0 Paris en 62\/63. Par la suite, j\u2019ai rencontr\u00e9 pas mal de com\u00e9diens pieds-noirs. Ensemble, on \u00e9changeait nos souvenirs. Le fait de rencontrer Pierre m\u2019a remis en selle. En outre, mon \u00e9pouse r\u00e9alise un travail \u00e9norme de g\u00e9n\u00e9alogie. Je me suis dit qu\u2019il ne fallait pas perdre mes origines. C\u2019\u00e9tait le moment de m\u2019engager.<\/p>\n<p><strong>Comment comptez-vous vous investir dans cette association?<\/strong><\/p>\n<p>En essayant de transmettre ce c\u00f4t\u00e9 pied-noir, si riche de recettes, de mots typiques. Si des \u00e9v\u00e9nements sont organis\u00e9s \u00e0 Nice, je suis pr\u00eat \u00e0 venir pour y participer. D\u2019autant que mon fils y travaille\u2005: il est cheminot sur Menton et l\u2019Italie.<\/p>\n<p><strong>Avez-vous d\u00e9j\u00e0 apport\u00e9 votre soutien \u00e0 d\u2019autres associations?<\/strong><\/p>\n<p>Oui, j\u2019ai parrain\u00e9 l\u2019association ELA, qui s\u2019occupe d\u2019enfants atteints de leucodystrophies, des maladies g\u00e9n\u00e9tiques rares attaquant le syst\u00e8me nerveux. J\u2019ai un peu lev\u00e9 le pied, m\u00eame si je suis toujours en contact avec cet organisme.<\/p>\n<p><strong>Et c\u00f4t\u00e9 m\u00e9tier, quelle est votre actualit\u00e9 artistique?<\/strong><\/p>\n<p>Je joue dans la pi\u00e8ce Tout va tr\u00e8s bien de Ray et Micha\u00ebl Cooney avec Laurent Ournac et Arthur Jugnot. Cette pi\u00e8ce va entamer sa tourn\u00e9e d\u2019hiver en France, en Suisse et en Belgique. Sinon, je n\u2019ai rien en vue et j\u2019en suis ravi. Depuis que j\u2019ai commenc\u00e9 ce m\u00e9tier, j\u2019ai beaucoup bourlingu\u00e9. L\u00e0, j\u2019ai envie de privil\u00e9gier ma famille, mon \u00e9pouse, mon fils et mes deux filles. Et puis le monde artistique me correspond moins. Il va trop vite\u2026<\/p>\n<p>            Au Soleil des Deux Rives, ce dimanche \u00e0 Nice<\/p>\n<p>L\u2019Anerana, que parraine le com\u00e9dien Michel Cr\u00e9mad\u00e8s, participe ce dimanche 7 septembre 2025 \u00e0 l\u2019\u00e9v\u00e9nement <a href=\"https:\/\/www.nicematin.com\/histoire\/c-est-la-journee-des-pieds-noirs-et-des-harkis-3-bonnes-raisons-d-aller-au-soleil-des-deux-rives-dimanche-a-nice-1000289\" rel=\"nofollow noopener\" target=\"_blank\">Au Soleil des Deux Rives, un hommage aux traditions m\u00e9diterran\u00e9ennes organis\u00e9 par la Ville de Nice et de nombreuses associations<\/a>.<\/p>\n<p>Un rendez-vous d\u00e9di\u00e9 \u00e0 la m\u00e9moire et \u00e0 la culture des pieds-noirs et des harkis sur fond de partage culturel, festif, gourmand, musical, dont nous vous d\u00e9taillons le programme ci-dessous.<\/p>\n<p><strong>Au jardin des ar\u00e8nes de Cimiez:<\/strong><br \/>&#13;<br \/>\n&#8211; 10h: Ouverture.<br \/>&#13;<br \/>\n&#8211; 10h05: Musique, par l\u2019orchestre de la Garde municipale de Nice.<br \/>&#13;<br \/>\n&#8211; 10h30: Messe en l\u2019\u00e9glise du monast\u00e8re de Cimiez.<br \/>&#13;<br \/>\n&#8211; 10h45: Concert spirituel par le Nice Gospel Group<br \/>&#13;<br \/>\n&#8211; 12h &#8211; 17\u2005h\u200530: Animations musicales, culturelles et artistiques (danses orientales, d\u00e9ambulations de chanteurs dans les jardins, Sun Record, Guy Obadia et son harmonica\u2026)<br \/>&#13;<br \/>\n&#8211; 18h &#8211; 19h15: Concert gratuit de Dany Brillant.<\/p>\n<p><strong>\u00c0 l\u2019oliveraie des Ar\u00e8nes (toute la journ\u00e9e):<\/strong><br \/>&#13;<br \/>\n&#8211; Espaces de restauration: sur le th\u00e8me des traditions culinaires de l\u00e0-bas.<br \/>&#13;<br \/>\n&#8211; Espace librairie: la biblioth\u00e8que G\u00e9rald L\u00e9ger du Soleil des deux rives, tenue par l\u2019Anerana, r\u00e9unit des \u00e9crivains rapatri\u00e9s et harkis qui pr\u00e9senteront et d\u00e9dicaceront leurs ouvrages.<br \/>&#13;<br \/>\n&#8211; Espace artistique d\u2019exposition: sculptures et peintures.<br \/>&#13;<br \/>\n&#8211; Stands: associations locales et nationales des rapatri\u00e9s d\u2019Alg\u00e9rie, du Maroc et de Tunisie, associations de harkis.<br \/>&#13;<br \/>\n&#8211; Tournoi de belote, jeux gonflables, etc.<\/p>\n","protected":false},"excerpt":{"rendered":"Com\u00e9dien, metteur en sc\u00e8ne, parrain. L\u2019acteur Michel Cr\u00e9mad\u00e8s est le parrain de l\u2019Anerana. Autrement dit, l\u2019Association Nationale des&hellip;\n","protected":false},"author":2,"featured_media":371032,"comment_status":"","ping_status":"","sticky":false,"template":"","format":"standard","meta":{"footnotes":""},"categories":[2819],"tags":[1111,11,1777,674,1011,27,12,2401,882,25,1631],"class_list":{"0":"post-371031","1":"post","2":"type-post","3":"status-publish","4":"format-standard","5":"has-post-thumbnail","7":"category-nice","8":"tag-actu","9":"tag-actualites","10":"tag-eu","11":"tag-europe","12":"tag-fr","13":"tag-france","14":"tag-news","15":"tag-nice","16":"tag-provence-alpes-cote-dazur","17":"tag-republique-francaise","18":"tag-vie-associative"},"share_on_mastodon":{"url":"https:\/\/pubeurope.com\/@fr\/115158370544009869","error":""},"_links":{"self":[{"href":"https:\/\/www.europesays.com\/fr\/wp-json\/wp\/v2\/posts\/371031","targetHints":{"allow":["GET"]}}],"collection":[{"href":"https:\/\/www.europesays.com\/fr\/wp-json\/wp\/v2\/posts"}],"about":[{"href":"https:\/\/www.europesays.com\/fr\/wp-json\/wp\/v2\/types\/post"}],"author":[{"embeddable":true,"href":"https:\/\/www.europesays.com\/fr\/wp-json\/wp\/v2\/users\/2"}],"replies":[{"embeddable":true,"href":"https:\/\/www.europesays.com\/fr\/wp-json\/wp\/v2\/comments?post=371031"}],"version-history":[{"count":0,"href":"https:\/\/www.europesays.com\/fr\/wp-json\/wp\/v2\/posts\/371031\/revisions"}],"wp:featuredmedia":[{"embeddable":true,"href":"https:\/\/www.europesays.com\/fr\/wp-json\/wp\/v2\/media\/371032"}],"wp:attachment":[{"href":"https:\/\/www.europesays.com\/fr\/wp-json\/wp\/v2\/media?parent=371031"}],"wp:term":[{"taxonomy":"category","embeddable":true,"href":"https:\/\/www.europesays.com\/fr\/wp-json\/wp\/v2\/categories?post=371031"},{"taxonomy":"post_tag","embeddable":true,"href":"https:\/\/www.europesays.com\/fr\/wp-json\/wp\/v2\/tags?post=371031"}],"curies":[{"name":"wp","href":"https:\/\/api.w.org\/{rel}","templated":true}]}}