{"id":371033,"date":"2025-09-06T16:47:24","date_gmt":"2025-09-06T16:47:24","guid":{"rendered":"https:\/\/www.europesays.com\/fr\/371033\/"},"modified":"2025-09-06T16:47:24","modified_gmt":"2025-09-06T16:47:24","slug":"un-rabbin-vise-par-des-injures-a-nice-un-suspect-de-nationalite-suisse-place-en-garde-a-vue","status":"publish","type":"post","link":"https:\/\/www.europesays.com\/fr\/371033\/","title":{"rendered":"Un rabbin vis\u00e9 par des injures \u00e0 Nice, un suspect de nationalit\u00e9 suisse plac\u00e9 en garde \u00e0 vue"},"content":{"rendered":"<p>Un rabbin a \u00e9t\u00e9 victime d\u2019injures de la part d&rsquo;un touriste, ressortissant suisse, ce vendredi 5 septembre, \u00e0 Nice. L&rsquo;homme a \u00e9t\u00e9 interpell\u00e9 et plac\u00e9 en garde \u00e0 vue. \u00ab\u00a0Aucune tol\u00e9rance ne sera accord\u00e9e\u00a0\u00bb, selon le pr\u00e9fet des Alpes-Maritimes.<\/p>\n<p>Un rabbin a \u00e9t\u00e9 victime d\u2019injures de la part d&rsquo;un touriste, ressortissant suisse, au niveau de la rue de France \u00e0 Nice, a indiqu\u00e9 vendredi 5 septembre, le pr\u00e9fet des Alpes-Maritimes sur X.<\/p>\n<p>Inconnu des services en France, l&rsquo;individu a \u00e9t\u00e9 rapidement interpell\u00e9 dans le tram apr\u00e8s qu&rsquo;il a pris la fuite. Il a ensuite \u00e9t\u00e9 plac\u00e9 en garde \u00e0 vue.<\/p>\n<p>\u00ab\u00a0Je f\u00e9licite les forces de l\u2019ordre ayant proc\u00e9d\u00e9 \u00e0 son interpellation, moins de 15 minutes apr\u00e8s les faits, pour leur rapidit\u00e9 et leur efficacit\u00e9\u00a0\u00bb, \u00e9crit le pr\u00e9fet sur X. \u00ab\u00a0Aucune tol\u00e9rance ne sera accord\u00e9e dans notre d\u00e9partement \u00e0 tout auteur d&rsquo;actes ou de propos, racistes ou <a href=\"https:\/\/www.bfmtv.com\/lyon\/il-l-a-insulte-de-sale-youpin-le-pere-de-samuel-agresse-a-la-sortie-d-une-synagogue-a-lyon-raconte-le-choc-pour-son-fils_AV-202508260660.html\" title=\"&quot;Il l&#039;a insult\u00e9 de &#039;sale youpin&#039;&quot;: le p\u00e8re de Samuel, agress\u00e9 \u00e0 la sortie d&#039;une synagogue \u00e0 Lyon, raconte le &quot;choc&quot; pour son fils\" class=\"internal_link\" rel=\"nofollow noopener\" target=\"_blank\">antis\u00e9mites<\/a>\u00ab\u00a0, conclut-il.<\/p>\n<p>\u00ab\u00a0Combattre l&rsquo;antis\u00e9mitisme\u00a0\u00bb<\/p>\n<p>De son c\u00f4t\u00e9, le maire de Nice Christian Estrosi a lui aussi r\u00e9agi sur X. \u00ab\u00a0Assez ! Apr\u00e8s l<a href=\"https:\/\/www.bfmtv.com\/police-justice\/trois-militants-pro-palestiniens-en-garde-a-vue-pour-avoir-tente-de-s-introduire-de-force-dans-une-synagogue-a-nice_AD-202509040955.html\" title=\"Trois militants pro-palestiniens en garde \u00e0 vue pour avoir tent\u00e9 de s&#039;introduire de force dans une synagogue \u00e0 Nice\" class=\"internal_link\" rel=\"nofollow noopener\" target=\"_blank\">\u2019intrusion dans un centre communautaire<\/a> juif hier, c\u2019est cet apr\u00e8s-midi un <a href=\"https:\/\/www.bfmtv.com\/police-justice\/ce-que-l-on-sait-sur-l-agression-d-un-rabbin-a-orleans-mordu-et-insulte-en-pleine-rue_AV-202503230221.html\" title=\"Ce que l&#039;on sait sur l&#039;agression d&#039;un rabbin \u00e0 Orl\u00e9ans, mordu et insult\u00e9 en pleine rue\" class=\"internal_link\" rel=\"nofollow noopener\" target=\"_blank\">rabbin<\/a> qui est victime d\u2019insultes. Je remercie la police nationale qui a interpell\u00e9 l\u2019auteur\u00a0\u00bb, a-t-il \u00e9crit.<\/p>\n<p>\u00ab\u00a0En ce soir de Shabbat, je lui ai adress\u00e9 un message pour l\u2019assurer de tout mon soutien et lui dire ma d\u00e9termination \u00e0 combattre avec toute mon \u00e9nergie, l\u2019antis\u00e9mitisme\u00a0\u00bb, a assur\u00e9 le maire de Nice.<\/p>\n<p>Le nombre d&rsquo;actes antis\u00e9mites enregistr\u00e9s en France durant les premiers mois de 2025 est en baisse de 27% par rapport \u00e0 la m\u00eame p\u00e9riode de l&rsquo;ann\u00e9e 2024. Ils restent cependant largement sup\u00e9rieurs \u00e0 ceux d\u00e9nombr\u00e9s dans le pays avant les attaques du <a href=\"https:\/\/www.bfmtv.com\/international\/un-seisme-antisemite-pour-le-crif-le-7-octobre-est-aussi-un-choc-francais_AD-202410050221.html\" title=\"&quot;Un s\u00e9isme antis\u00e9mite&quot;: pour le Crif, le 7 octobre &quot;est aussi un choc fran\u00e7ais&quot;\" class=\"internal_link\" rel=\"nofollow noopener\" target=\"_blank\">7-Octobre<\/a>.<\/p>\n","protected":false},"excerpt":{"rendered":"Un rabbin a \u00e9t\u00e9 victime d\u2019injures de la part d&rsquo;un touriste, ressortissant suisse, ce vendredi 5 septembre, \u00e0&hellip;\n","protected":false},"author":2,"featured_media":371034,"comment_status":"","ping_status":"","sticky":false,"template":"","format":"standard","meta":{"footnotes":""},"categories":[2819],"tags":[1111,11,1777,674,1011,27,12,2401,882,25],"class_list":{"0":"post-371033","1":"post","2":"type-post","3":"status-publish","4":"format-standard","5":"has-post-thumbnail","7":"category-nice","8":"tag-actu","9":"tag-actualites","10":"tag-eu","11":"tag-europe","12":"tag-fr","13":"tag-france","14":"tag-news","15":"tag-nice","16":"tag-provence-alpes-cote-dazur","17":"tag-republique-francaise"},"share_on_mastodon":{"url":"https:\/\/pubeurope.com\/@fr\/115158374417899900","error":""},"_links":{"self":[{"href":"https:\/\/www.europesays.com\/fr\/wp-json\/wp\/v2\/posts\/371033","targetHints":{"allow":["GET"]}}],"collection":[{"href":"https:\/\/www.europesays.com\/fr\/wp-json\/wp\/v2\/posts"}],"about":[{"href":"https:\/\/www.europesays.com\/fr\/wp-json\/wp\/v2\/types\/post"}],"author":[{"embeddable":true,"href":"https:\/\/www.europesays.com\/fr\/wp-json\/wp\/v2\/users\/2"}],"replies":[{"embeddable":true,"href":"https:\/\/www.europesays.com\/fr\/wp-json\/wp\/v2\/comments?post=371033"}],"version-history":[{"count":0,"href":"https:\/\/www.europesays.com\/fr\/wp-json\/wp\/v2\/posts\/371033\/revisions"}],"wp:featuredmedia":[{"embeddable":true,"href":"https:\/\/www.europesays.com\/fr\/wp-json\/wp\/v2\/media\/371034"}],"wp:attachment":[{"href":"https:\/\/www.europesays.com\/fr\/wp-json\/wp\/v2\/media?parent=371033"}],"wp:term":[{"taxonomy":"category","embeddable":true,"href":"https:\/\/www.europesays.com\/fr\/wp-json\/wp\/v2\/categories?post=371033"},{"taxonomy":"post_tag","embeddable":true,"href":"https:\/\/www.europesays.com\/fr\/wp-json\/wp\/v2\/tags?post=371033"}],"curies":[{"name":"wp","href":"https:\/\/api.w.org\/{rel}","templated":true}]}}