{"id":371039,"date":"2025-09-06T16:50:25","date_gmt":"2025-09-06T16:50:25","guid":{"rendered":"https:\/\/www.europesays.com\/fr\/371039\/"},"modified":"2025-09-06T16:50:25","modified_gmt":"2025-09-06T16:50:25","slug":"les-cours-des-maternelles-chenille-verte-et-centre-ont-ete-vegetalisees-et-reinventees","status":"publish","type":"post","link":"https:\/\/www.europesays.com\/fr\/371039\/","title":{"rendered":"Les cours des maternelles Chenille Verte et Centre ont \u00e9t\u00e9 v\u00e9g\u00e9talis\u00e9es et r\u00e9invent\u00e9es"},"content":{"rendered":"<p>Cet \u00e9t\u00e9, les cours des deux \u00e9coles maternelles Chenille Verte et Centre ont \u00e9t\u00e9 enti\u00e8rement v\u00e9g\u00e9talis\u00e9es et r\u00e9invent\u00e9es, avec un budget de 180\u00a0000\u00a0euros pour chacune.<\/p>\n<p>\u00c0 cet \u00e9gard, Gwena\u00ebl Lamarque, premier adjoint au maire du Bouscat, Patrick Bobet, souligne que ces transformations ont \u00e9t\u00e9 r\u00e9alis\u00e9es en parfaite concertation avec les professeurs, les parents d\u2019\u00e9l\u00e8ves et toute la communaut\u00e9 \u00e9ducative.<\/p>\n<p>Pistes cyclables, potagers\u2026<\/p>\n<p>\u00c0 Chenille Verte, la cour a \u00e9t\u00e9 d\u00e9simperm\u00e9abilis\u00e9e sur les deux tiers de sa surface. Deux arbres \u00e9taient pr\u00e9sents\u00a0: l\u2019un a \u00e9t\u00e9 conserv\u00e9 et l\u2019autre, en mauvais \u00e9tat, transform\u00e9 en cabane \u00e0 f\u00e9e par un artiste. Huit arbres ont \u00e9t\u00e9 plant\u00e9s ainsi que 200\u00a0arbustes, ce qui a permis la cr\u00e9ation de 11\u00a0massifs pour un apport substantiel de surface ombrag\u00e9e. Des structures de grimpe, d\u2019\u00e9quilibre, de glisse, des jeux au sol ont \u00e9t\u00e9 am\u00e9nag\u00e9s ainsi qu\u2019une piste cyclable ax\u00e9e sur la s\u00e9curit\u00e9 routi\u00e8re. Les murs n\u2019ont pas \u00e9t\u00e9 oubli\u00e9s\u00a0: on pourra les colorier, cr\u00e9er des fresques avec un artiste. Un amphith\u00e9\u00e2tre et des bo\u00eetes \u00e0 lire sont \u00e0 la disposition des enfants qui auront \u00e9galement un espace sensoriel avec la cuisine r\u00e9alis\u00e9e avec du bois de r\u00e9cup\u00e9ration et un potager pour la d\u00e9couverte du jardinage.<\/p>\n<p>\u00c0 la maternelle Centre, apr\u00e8s la d\u00e9simperm\u00e9abilisation d\u2019un tiers de sa surface, la cour de r\u00e9cr\u00e9ation, pour un apport d\u2019ombre en coh\u00e9rence avec ses usages ludiques, offre cinq nouveaux arbres qui se sont adjoints aux trois d\u00e9j\u00e0 pr\u00e9sents. Une piste cyclable animera l\u00e0 aussi les jeux des enfants. Pour profiter de calme, un salon de lecture et une bo\u00eete \u00e0 livres ont \u00e9t\u00e9 install\u00e9s. La peinture murale et les fresques sont aussi parmi les moyens d\u2019expression artistiques. Pour les jardiniers, un espace potager est d\u00e9di\u00e9 \u00e0 l\u2019exp\u00e9rimentation et \u00e0 la d\u00e9couverte. Et c\u00f4t\u00e9 pratique, un espace de rangement pour les v\u00e9los a \u00e9t\u00e9 cr\u00e9\u00e9. De plus, un acc\u00e8s direct \u00e0 la cour de r\u00e9cr\u00e9ation est d\u00e9sormais possible gr\u00e2ce \u00e0 la mise en place d\u2019un portillon et d\u2019une rampe.<\/p>\n","protected":false},"excerpt":{"rendered":"Cet \u00e9t\u00e9, les cours des deux \u00e9coles maternelles Chenille Verte et Centre ont \u00e9t\u00e9 enti\u00e8rement v\u00e9g\u00e9talis\u00e9es et r\u00e9invent\u00e9es,&hellip;\n","protected":false},"author":2,"featured_media":371040,"comment_status":"","ping_status":"","sticky":false,"template":"","format":"standard","meta":{"footnotes":""},"categories":[2817],"tags":[1111,11,1997,1777,674,1011,27,12,2219,25],"class_list":{"0":"post-371039","1":"post","2":"type-post","3":"status-publish","4":"format-standard","5":"has-post-thumbnail","7":"category-bordeaux","8":"tag-actu","9":"tag-actualites","10":"tag-bordeaux","11":"tag-eu","12":"tag-europe","13":"tag-fr","14":"tag-france","15":"tag-news","16":"tag-nouvelle-aquitaine","17":"tag-republique-francaise"},"share_on_mastodon":{"url":"https:\/\/pubeurope.com\/@fr\/115158386159724458","error":""},"_links":{"self":[{"href":"https:\/\/www.europesays.com\/fr\/wp-json\/wp\/v2\/posts\/371039","targetHints":{"allow":["GET"]}}],"collection":[{"href":"https:\/\/www.europesays.com\/fr\/wp-json\/wp\/v2\/posts"}],"about":[{"href":"https:\/\/www.europesays.com\/fr\/wp-json\/wp\/v2\/types\/post"}],"author":[{"embeddable":true,"href":"https:\/\/www.europesays.com\/fr\/wp-json\/wp\/v2\/users\/2"}],"replies":[{"embeddable":true,"href":"https:\/\/www.europesays.com\/fr\/wp-json\/wp\/v2\/comments?post=371039"}],"version-history":[{"count":0,"href":"https:\/\/www.europesays.com\/fr\/wp-json\/wp\/v2\/posts\/371039\/revisions"}],"wp:featuredmedia":[{"embeddable":true,"href":"https:\/\/www.europesays.com\/fr\/wp-json\/wp\/v2\/media\/371040"}],"wp:attachment":[{"href":"https:\/\/www.europesays.com\/fr\/wp-json\/wp\/v2\/media?parent=371039"}],"wp:term":[{"taxonomy":"category","embeddable":true,"href":"https:\/\/www.europesays.com\/fr\/wp-json\/wp\/v2\/categories?post=371039"},{"taxonomy":"post_tag","embeddable":true,"href":"https:\/\/www.europesays.com\/fr\/wp-json\/wp\/v2\/tags?post=371039"}],"curies":[{"name":"wp","href":"https:\/\/api.w.org\/{rel}","templated":true}]}}