{"id":371043,"date":"2025-09-06T16:52:09","date_gmt":"2025-09-06T16:52:09","guid":{"rendered":"https:\/\/www.europesays.com\/fr\/371043\/"},"modified":"2025-09-06T16:52:09","modified_gmt":"2025-09-06T16:52:09","slug":"la-police-leur-tombe-dessus","status":"publish","type":"post","link":"https:\/\/www.europesays.com\/fr\/371043\/","title":{"rendered":"la police leur tombe dessus"},"content":{"rendered":"<p>            Par<br \/>\n        <strong><br \/>\n            <a href=\"https:\/\/actu.fr\/auteur\/david-saint-sernin\" title=\"Consulter tous les articles de David Saint-Sernin\" rel=\"nofollow noopener\" target=\"_blank\">David Saint-Sernin<\/a><br \/>\n        <\/strong><\/p>\n<p>        Publi\u00e9 le<\/p>\n<p>            6 sept. 2025 \u00e0 18h27        <\/p>\n<p>Dans la nuit du vendredi\u00a05 au samedi 6\u00a0septembre 2025, deux hommes ont \u00e9t\u00e9 interpell\u00e9s dans l\u2019immense parc cl\u00f4tur\u00e9 de l\u2019Institut Th\u00e9rapeutique, \u00c9ducatif et P\u00e9dagogique <a href=\"https:\/\/actu.fr\/toulouse\/\" rel=\"nofollow noopener\" target=\"_blank\">de Toulouse<\/a> situ\u00e9 rue Antoine-Bay\u00e8s. La raison\u2009? Ils \u00e9taient en train de chasser<a href=\"https:\/\/actu.fr\/lifestyle\/j-ai-des-herissons-dans-mon-jardin-bonne-ou-mauvaise-nouvelle_41596909.html\" rel=\"nofollow noopener\" target=\"_blank\"> le h\u00e9risson\u2026<\/a><\/p>\n<p>    <a href=\"https:\/\/www.google.com\/maps\/embed?pb=!1m18!1m12!1m3!1d1425.0405044722672!2d1.370288533518358!3d43.55841168559137!2m3!1f0!2f0!3f0!3m2!1i1024!2i768!4f13.1!3m3!1m2!1s0x12aeba1b8dbd6709%3A0x6db089a67a44c7ad!2sITEP%20Chateau%20Sage!5e1!3m2!1sfr!2sfr!4v1757174181384!5m2!1sfr!2sfr\" title=\"Ouvrie le lien\" rel=\"nofollow noopener\" target=\"_blank\">Cliquez ici pour visualiser le contenu<\/a><\/p>\n<p>Une douzaine d\u2019animaux captur\u00e9s<\/p>\n<p class=\" wall-content\">Et la chasse \u00e9tait, malheureusement pour les animaux, assez fructueuse. Il \u00e9tait environ minuit, et, \u00e0 la torche, ils en avaient d\u00e9j\u00e0 r\u00e9cup\u00e9r\u00e9 une douzaine selon le r\u00e9cit de la police. Pour en faire quoi\u2009? \u00ab\u2009L\u2019issue ne faisait aucun doute\u2009\u00bb, indique une source polici\u00e8re \u00e0 Actu Toulouse.<\/p>\n<p>Le gardien donne l\u2019alerte, la police d\u00e9barque<\/p>\n<p class=\" wall-content\">La razzia est en train de se quand le gardien, qui rep\u00e8re les deux silhouettes dans le parc, donne l\u2019alerte. Il pense alors que ce sont des cambrioleurs\u2026 Tr\u00e8s vite, la police se retrouve sur les lieux. La patrouille d\u00e9couvre le portail d\u2019entr\u00e9e d\u00e9grad\u00e9, puis elle tombe sur les deux individus, \u00ab\u2009ivres\u2009\u00bb, accompagn\u00e9s d\u2019un chien pisteur, selon la m\u00eame source polici\u00e8re qui pr\u00e9cise\u2009: \u00ab\u2009ce sont des Citoyens Fran\u00e7ais itin\u00e9rants\u2009\u00bb. Leur sac est bien rempli\u2026<\/p>\n<p>Les animaux rel\u00e2ch\u00e9s<\/p>\n<p class=\" wall-content\">Interpell\u00e9s, les deux individus ont \u00e9t\u00e9 plac\u00e9s en garde \u00e0 vue. \u00c2g\u00e9s de 62 et 31\u00a0ans, ils vont devoir s\u2019expliquer aupr\u00e8s des policiers. Les animaux ont, quant \u00e0 eux, \u00e9t\u00e9 rel\u00e2ch\u00e9s dans le parc.<\/p>\n<p>Vid\u00e9os : en ce moment sur ActuDe lourdes peines<\/p>\n<p class=\" wall-content\">Pour une telle chasse nocturne, les peines peuvent en effet \u00eatre tr\u00e8s lourdes.<\/p>\n<p class=\" wall-content\">Le h\u00e9risson d\u2019Europe est un mammif\u00e8re int\u00e9gralement prot\u00e9g\u00e9 en France\u00a0au titre de l\u2019article L411-1 du code de l\u2019environnement.<\/p>\n<p>Votre r\u00e9gion, votre actu !<\/p>\n<p>Recevez chaque jour les infos qui comptent pour vous.<\/p>\n<p>\t<a href=\"https:\/\/actu.fr\/newsletter\" class=\"ac-btn ac-btn--corner ac-btn--medium ac-btn--blue800\" rel=\"nofollow noopener\" target=\"_blank\">S&rsquo;incrire<\/a><\/p>\n<p class=\" wall-content\">Toute atteinte aux individus ou \u00e0 leurs sites de reproduction est un d\u00e9lit passible de trois ans d\u2019emprisonnement et 150\u2009000\u00a0euros d\u2019amende.<\/p>\n<p class=\" wall-content\">Personnalisez votre actualit\u00e9 en ajoutant vos villes et m\u00e9dias en favori avec <a href=\"https:\/\/moncompte.actu.fr\" title=\"D\u00e9couvez Mon Actu\" rel=\"nofollow noopener\" data-trk=\"{&quot;cta&quot;:{&quot;action&quot;:&quot;https:\\\/\\\/moncompte.actu.fr&quot;,&quot;category&quot;:&quot;mon compte&quot;,&quot;from&quot;:&quot;article footer&quot;,&quot;name&quot;:&quot;Mon actu&quot;,&quot;type&quot;:&quot;cta&quot;}}\" target=\"_blank\">Mon Actu<\/a>.<\/p>\n","protected":false},"excerpt":{"rendered":"Par David Saint-Sernin Publi\u00e9 le 6 sept. 2025 \u00e0 18h27 Dans la nuit du vendredi\u00a05 au samedi 6\u00a0septembre&hellip;\n","protected":false},"author":2,"featured_media":371044,"comment_status":"","ping_status":"","sticky":false,"template":"","format":"standard","meta":{"footnotes":""},"categories":[2816],"tags":[1111,11,1777,674,1011,27,12,2680,1072,25,104,2312],"class_list":{"0":"post-371043","1":"post","2":"type-post","3":"status-publish","4":"format-standard","5":"has-post-thumbnail","7":"category-toulouse","8":"tag-actu","9":"tag-actualites","10":"tag-eu","11":"tag-europe","12":"tag-fr","13":"tag-france","14":"tag-news","15":"tag-occitanie","16":"tag-police","17":"tag-republique-francaise","18":"tag-societe","19":"tag-toulouse"},"share_on_mastodon":{"url":"https:\/\/pubeurope.com\/@fr\/115158394384422517","error":""},"_links":{"self":[{"href":"https:\/\/www.europesays.com\/fr\/wp-json\/wp\/v2\/posts\/371043","targetHints":{"allow":["GET"]}}],"collection":[{"href":"https:\/\/www.europesays.com\/fr\/wp-json\/wp\/v2\/posts"}],"about":[{"href":"https:\/\/www.europesays.com\/fr\/wp-json\/wp\/v2\/types\/post"}],"author":[{"embeddable":true,"href":"https:\/\/www.europesays.com\/fr\/wp-json\/wp\/v2\/users\/2"}],"replies":[{"embeddable":true,"href":"https:\/\/www.europesays.com\/fr\/wp-json\/wp\/v2\/comments?post=371043"}],"version-history":[{"count":0,"href":"https:\/\/www.europesays.com\/fr\/wp-json\/wp\/v2\/posts\/371043\/revisions"}],"wp:featuredmedia":[{"embeddable":true,"href":"https:\/\/www.europesays.com\/fr\/wp-json\/wp\/v2\/media\/371044"}],"wp:attachment":[{"href":"https:\/\/www.europesays.com\/fr\/wp-json\/wp\/v2\/media?parent=371043"}],"wp:term":[{"taxonomy":"category","embeddable":true,"href":"https:\/\/www.europesays.com\/fr\/wp-json\/wp\/v2\/categories?post=371043"},{"taxonomy":"post_tag","embeddable":true,"href":"https:\/\/www.europesays.com\/fr\/wp-json\/wp\/v2\/tags?post=371043"}],"curies":[{"name":"wp","href":"https:\/\/api.w.org\/{rel}","templated":true}]}}