{"id":371047,"date":"2025-09-06T16:54:13","date_gmt":"2025-09-06T16:54:13","guid":{"rendered":"https:\/\/www.europesays.com\/fr\/371047\/"},"modified":"2025-09-06T16:54:13","modified_gmt":"2025-09-06T16:54:13","slug":"braderie-musees-bons-plans-que-faire-du-cote-de-lille-le-dimanche-7-septembre-10-idees-de-sorties","status":"publish","type":"post","link":"https:\/\/www.europesays.com\/fr\/371047\/","title":{"rendered":"Braderie, mus\u00e9es, bons plans&#8230; Que faire du c\u00f4t\u00e9 de Lille le dimanche 7 septembre ? 10 id\u00e9es de sorties"},"content":{"rendered":"<p>\n                        Que vous soyez un \u00ab\u2009bradeux\u2009\u00bb inv\u00e9t\u00e9r\u00e9 ou pas, voici quelques id\u00e9es de sorties pour le dimanche 7 septembre 2025, \u00e0 Lille (Nord) et autour.                    <\/p>\n<dl class=\"ac-article-tag\">\n<dt>Sur le m\u00eame th\u00e8me<\/dt>\n<dd><a href=\"https:\/\/actu.fr\/tag\/braderie-de-lille\" data-trk=\"{&quot;cta&quot;:{&quot;action&quot;:&quot;Braderie de Lille&quot;,&quot;category&quot;:&quot;tag&quot;,&quot;from&quot;:&quot;article footer&quot;,&quot;name&quot;:&quot;Braderie de Lille&quot;,&quot;type&quot;:&quot;cta&quot;}}\" rel=\"nofollow noopener\" target=\"_blank\">Braderie de Lille<\/a><\/dd>\n<dd><a href=\"https:\/\/actu.fr\/tag\/famille\" data-trk=\"{&quot;cta&quot;:{&quot;action&quot;:&quot;Famille&quot;,&quot;category&quot;:&quot;tag&quot;,&quot;from&quot;:&quot;article footer&quot;,&quot;name&quot;:&quot;Famille&quot;,&quot;type&quot;:&quot;cta&quot;}}\" rel=\"nofollow noopener\" target=\"_blank\">Famille<\/a><\/dd>\n<dd><a href=\"https:\/\/actu.fr\/tag\/lille\" data-trk=\"{&quot;cta&quot;:{&quot;action&quot;:&quot;lille&quot;,&quot;category&quot;:&quot;tag&quot;,&quot;from&quot;:&quot;article footer&quot;,&quot;name&quot;:&quot;lille&quot;,&quot;type&quot;:&quot;cta&quot;}}\" rel=\"nofollow noopener\" target=\"_blank\">lille<\/a><\/dd>\n<\/dl>\n<p>\n                            Article r\u00e9serv\u00e9 aux abonn\u00e9s\n                                                    <\/p>\n<p>    <img loading=\"lazy\"   decoding=\"async\" class=\"size-large\" src=\"https:\/\/www.europesays.com\/fr\/wp-content\/uploads\/2025\/09\/04019e50dab86f7019e50dab8a2119v-960x640.jpg\" alt=\"Braderie de Lille, expos, bons plans... Voici quelques id\u00e9es de sorties pour le dimanche 7 septembre 2025 \u00e0 Lille et dans le Nord - Pas-de-Calais.\" width=\"960\" height=\"640\"\/><br \/>\n    Braderie de Lille, expos, bons plans\u2026 Voici quelques id\u00e9es de sorties pour le dimanche 7 septembre 2025 \u00e0 Lille et dans le Nord \u2013 Pas-de-Calais. \u00a9Archives : Actu.fr                <\/p>\n","protected":false},"excerpt":{"rendered":"Que vous soyez un \u00ab\u2009bradeux\u2009\u00bb inv\u00e9t\u00e9r\u00e9 ou pas, voici quelques id\u00e9es de sorties pour le dimanche 7 septembre&hellip;\n","protected":false},"author":2,"featured_media":371048,"comment_status":"","ping_status":"","sticky":false,"template":"","format":"standard","meta":{"footnotes":""},"categories":[2815],"tags":[1111,11,18703,1777,674,652,1011,27,811,1307,1652,12,25],"class_list":{"0":"post-371047","1":"post","2":"type-post","3":"status-publish","4":"format-standard","5":"has-post-thumbnail","7":"category-lille","8":"tag-actu","9":"tag-actualites","10":"tag-braderie-de-lille","11":"tag-eu","12":"tag-europe","13":"tag-famille","14":"tag-fr","15":"tag-france","16":"tag-hauts-de-france","17":"tag-lille","18":"tag-loisirs-culture","19":"tag-news","20":"tag-republique-francaise"},"share_on_mastodon":{"url":"https:\/\/pubeurope.com\/@fr\/115158402059776767","error":""},"_links":{"self":[{"href":"https:\/\/www.europesays.com\/fr\/wp-json\/wp\/v2\/posts\/371047","targetHints":{"allow":["GET"]}}],"collection":[{"href":"https:\/\/www.europesays.com\/fr\/wp-json\/wp\/v2\/posts"}],"about":[{"href":"https:\/\/www.europesays.com\/fr\/wp-json\/wp\/v2\/types\/post"}],"author":[{"embeddable":true,"href":"https:\/\/www.europesays.com\/fr\/wp-json\/wp\/v2\/users\/2"}],"replies":[{"embeddable":true,"href":"https:\/\/www.europesays.com\/fr\/wp-json\/wp\/v2\/comments?post=371047"}],"version-history":[{"count":0,"href":"https:\/\/www.europesays.com\/fr\/wp-json\/wp\/v2\/posts\/371047\/revisions"}],"wp:featuredmedia":[{"embeddable":true,"href":"https:\/\/www.europesays.com\/fr\/wp-json\/wp\/v2\/media\/371048"}],"wp:attachment":[{"href":"https:\/\/www.europesays.com\/fr\/wp-json\/wp\/v2\/media?parent=371047"}],"wp:term":[{"taxonomy":"category","embeddable":true,"href":"https:\/\/www.europesays.com\/fr\/wp-json\/wp\/v2\/categories?post=371047"},{"taxonomy":"post_tag","embeddable":true,"href":"https:\/\/www.europesays.com\/fr\/wp-json\/wp\/v2\/tags?post=371047"}],"curies":[{"name":"wp","href":"https:\/\/api.w.org\/{rel}","templated":true}]}}