{"id":371049,"date":"2025-09-06T16:55:10","date_gmt":"2025-09-06T16:55:10","guid":{"rendered":"https:\/\/www.europesays.com\/fr\/371049\/"},"modified":"2025-09-06T16:55:10","modified_gmt":"2025-09-06T16:55:10","slug":"les-automobilistes-verbalises-a-la-pelle","status":"publish","type":"post","link":"https:\/\/www.europesays.com\/fr\/371049\/","title":{"rendered":"les automobilistes verbalis\u00e9s \u00e0 la pelle"},"content":{"rendered":"<p>            Par<br \/>\n        <strong><br \/>\n            <a href=\"https:\/\/actu.fr\/auteur\/redaction-lille\" title=\"Consulter tous les articles de R\u00e9daction Lille\" target=\"_blank\" rel=\"noopener\">R\u00e9daction Lille<\/a><br \/>\n        <\/strong><\/p>\n<p>        Publi\u00e9 le<\/p>\n<p>            6 sept. 2025 \u00e0 18h39        <\/p>\n<p>C\u2019est le type de prix qui ne se n\u00e9gocie pas, m\u00eame \u00e0 la <a href=\"https:\/\/actu.fr\/tag\/braderie-de-lille\" target=\"_blank\" rel=\"noopener\">Braderie de Lille<\/a> (Nord). <b>Les amendes pour stationnement interdit <\/b>ont plu sur la Capitale des Flandres, ou plus pr\u00e9cis\u00e9ment \u00e0 l\u2019entr\u00e9e de la ville, ce samedi 6 septembre 2025. De l\u2019avenue du Peuple belge jusqu\u2019\u00e0 la limite avec La Madeleine, des <b>dizaines d\u2019automobilistes vont avoir la mauvaise surprise<\/b> de retrouver un papillon rose caract\u00e9risant l\u2019infraction sous leurs essuie-glaces.\u00a0<\/p>\n<p>Braderie de Lille : pluie de contraventions \u00e0 l\u2019entr\u00e9e de la ville pour stationnement interdit<\/p>\n<p class=\" wall-content\">La note laiss\u00e9e par la police municipale lilloise est sans \u00e9quivoque : \u00ab\u00a0Une infraction \u00e0 la r\u00e9glementation du stationnement a \u00e9t\u00e9 relev\u00e9e \u00e0 votre encontre\u00a0\u00bb, est-il \u00e9crit, avec la mention de la r\u00e9ception prochaine d\u2019un avis de contravention. Le montant de l\u2019amende est a minima de 35 \u20ac, s\u2019il est consid\u00e9r\u00e9 que le stationnement est \u00ab\u00a0abusif\u00a0\u00bb, et peut grimper jusqu\u2019\u00e0 135 \u20ac pour les cas \u00ab\u00a0tr\u00e8s g\u00eanants\u00a0\u00bb ou \u00ab\u00a0dangereux\u00a0\u00bb.\u00a0<\/p>\n<p class=\" wall-content\">Ces d\u00e9bordements surviennent chaque ann\u00e9e, alors que la dizaine de parkings se trouvant dans le p\u00e9rim\u00e8tre de la Braderie sont bien entendu ferm\u00e9s, du vendredi 5 septembre \u00e0 18h jusqu\u2019au lundi 8, 6h. Des <a href=\"https:\/\/www.ilevia.fr\/cms\/institutionnel\/parkings-relais-p-r\" target=\"_blank\" rel=\"noopener\">parking relais<\/a> sont disponibles dans la m\u00e9tropole de Lille, dont <a href=\"https:\/\/actu.fr\/hauts-de-france\/lille_59350\/avec-570-places-le-parking-relais-de-saint-philibert-a-lomme-double-sa-capacite_54342682.html\" target=\"_blank\" rel=\"noopener\">l\u2019un vient d\u2019ailleurs de doubler sa capacit\u00e9 d\u2019accueil<\/a>, \u00e0 Lomme.<\/p>\n<p class=\" wall-content\">Personnalisez votre actualit\u00e9 en ajoutant vos villes et m\u00e9dias en favori avec <a href=\"https:\/\/moncompte.actu.fr\" title=\"D\u00e9couvez Mon Actu\" rel=\"nofollow noopener\" data-trk=\"{&quot;cta&quot;:{&quot;action&quot;:&quot;https:\\\/\\\/moncompte.actu.fr&quot;,&quot;category&quot;:&quot;mon compte&quot;,&quot;from&quot;:&quot;article footer&quot;,&quot;name&quot;:&quot;Mon actu&quot;,&quot;type&quot;:&quot;cta&quot;}}\" target=\"_blank\">Mon Actu<\/a>.<\/p>\n","protected":false},"excerpt":{"rendered":"Par R\u00e9daction Lille Publi\u00e9 le 6 sept. 2025 \u00e0 18h39 C\u2019est le type de prix qui ne se&hellip;\n","protected":false},"author":2,"featured_media":371050,"comment_status":"","ping_status":"","sticky":false,"template":"","format":"standard","meta":{"footnotes":""},"categories":[2815],"tags":[1111,11,18703,1777,674,1011,27,811,1307,12,1072,25,104,6173],"class_list":{"0":"post-371049","1":"post","2":"type-post","3":"status-publish","4":"format-standard","5":"has-post-thumbnail","7":"category-lille","8":"tag-actu","9":"tag-actualites","10":"tag-braderie-de-lille","11":"tag-eu","12":"tag-europe","13":"tag-fr","14":"tag-france","15":"tag-hauts-de-france","16":"tag-lille","17":"tag-news","18":"tag-police","19":"tag-republique-francaise","20":"tag-societe","21":"tag-stationnement"},"share_on_mastodon":{"url":"https:\/\/pubeurope.com\/@fr\/115158405881304736","error":""},"_links":{"self":[{"href":"https:\/\/www.europesays.com\/fr\/wp-json\/wp\/v2\/posts\/371049","targetHints":{"allow":["GET"]}}],"collection":[{"href":"https:\/\/www.europesays.com\/fr\/wp-json\/wp\/v2\/posts"}],"about":[{"href":"https:\/\/www.europesays.com\/fr\/wp-json\/wp\/v2\/types\/post"}],"author":[{"embeddable":true,"href":"https:\/\/www.europesays.com\/fr\/wp-json\/wp\/v2\/users\/2"}],"replies":[{"embeddable":true,"href":"https:\/\/www.europesays.com\/fr\/wp-json\/wp\/v2\/comments?post=371049"}],"version-history":[{"count":0,"href":"https:\/\/www.europesays.com\/fr\/wp-json\/wp\/v2\/posts\/371049\/revisions"}],"wp:featuredmedia":[{"embeddable":true,"href":"https:\/\/www.europesays.com\/fr\/wp-json\/wp\/v2\/media\/371050"}],"wp:attachment":[{"href":"https:\/\/www.europesays.com\/fr\/wp-json\/wp\/v2\/media?parent=371049"}],"wp:term":[{"taxonomy":"category","embeddable":true,"href":"https:\/\/www.europesays.com\/fr\/wp-json\/wp\/v2\/categories?post=371049"},{"taxonomy":"post_tag","embeddable":true,"href":"https:\/\/www.europesays.com\/fr\/wp-json\/wp\/v2\/tags?post=371049"}],"curies":[{"name":"wp","href":"https:\/\/api.w.org\/{rel}","templated":true}]}}