{"id":371051,"date":"2025-09-06T16:56:10","date_gmt":"2025-09-06T16:56:10","guid":{"rendered":"https:\/\/www.europesays.com\/fr\/371051\/"},"modified":"2025-09-06T16:56:10","modified_gmt":"2025-09-06T16:56:10","slug":"le-client-dun-point-de-deal-se-presente-aux-urgences-a-marseille-avec-des-blessures-par-balle","status":"publish","type":"post","link":"https:\/\/www.europesays.com\/fr\/371051\/","title":{"rendered":"Le client d&rsquo;un point de deal se pr\u00e9sente aux urgences \u00e0 Marseille avec des blessures par balle"},"content":{"rendered":"<p>C&rsquo;est le genre de blessures accompagn\u00e9es d&rsquo;explications plus ou moins convaincantes qui entra\u00eene lin\u00e9airement l&rsquo;intervention de la police dans les h\u00f4pitaux marseillais. R\u00e9guli\u00e8rement, des victimes de plaies par arme \u00e0 feu apparaissent aux urgences, parfois simplement \u00ab\u00a0d\u00e9pos\u00e9es\u00a0\u00bb devant l&rsquo;entr\u00e9e, dans un \u00e9tat plus ou moins pr\u00e9occupant.<\/p>\n<p>Le jeudi 4 septembre 2025, \u00e0 l&rsquo;aube, un homme d&rsquo;une trentaine d&rsquo;ann\u00e9es est ainsi arriv\u00e9 par ses propres moyens avec deux vilaines plaies sur chaque jambe.<\/p>\n<p>Des tirs avenue de Montolivet<\/p>\n<p>Par chance, la victime n&rsquo;\u00e9tait que l\u00e9g\u00e8rement bless\u00e9e, sans pronostic vital engag\u00e9, mais les m\u00e9decins ont aussit\u00f4t reconnu l&rsquo;\u0153uvre d&rsquo;une arme \u00e0 feu. L&rsquo;homme n&rsquo;a d&rsquo;ailleurs pas fait myst\u00e8re de l&rsquo;origine des plaies. Il se serait fait tirer dessus un peu plus t\u00f4t, en allant se fournir en stup\u00e9fiants sur un point de deal.<\/p>\n<p>Les coups de feu auraient ainsi \u00e9t\u00e9 tir\u00e9s avenue de Montolivet, aux Chartreux, dans le 4e arrondissement de <a href=\"https:\/\/www.laprovence.com\/bouches-du-rhone\/marseille-13055\" target=\"_blank\" rel=\"noopener\">Marseille<\/a>. Une enqu\u00eate a \u00e9t\u00e9 ouverte \u00e0 la division Nord afin de pr\u00e9ciser les circonstances de sa m\u00e9saventure, aux contours n\u00e9anmoins encore un peu flous.<\/p>\n<p>La victime, \u00e2g\u00e9e de 36 ans, \u00e9tait toutefois toujours sous l&#8217;empire de coca\u00efne lorsqu&rsquo;elle a \u00e9t\u00e9 prise en charge \u00e0 l&rsquo;h\u00f4pital.<\/p>\n","protected":false},"excerpt":{"rendered":"C&rsquo;est le genre de blessures accompagn\u00e9es d&rsquo;explications plus ou moins convaincantes qui entra\u00eene lin\u00e9airement l&rsquo;intervention de la police&hellip;\n","protected":false},"author":2,"featured_media":371052,"comment_status":"","ping_status":"","sticky":false,"template":"","format":"standard","meta":{"footnotes":""},"categories":[2814],"tags":[17,1111,11,1007,18294,2837,10083,1777,674,274,1011,27,884,12,3948,3285,882,25,6444],"class_list":{"0":"post-371051","1":"post","2":"type-post","3":"status-publish","4":"format-standard","5":"has-post-thumbnail","7":"category-marseille","8":"tag-17","9":"tag-actu","10":"tag-actualites","11":"tag-aux","12":"tag-client","13":"tag-dun","14":"tag-deal","15":"tag-eu","16":"tag-europe","17":"tag-faits-divers-justice","18":"tag-fr","19":"tag-france","20":"tag-marseille","21":"tag-news","22":"tag-point","23":"tag-presente","24":"tag-provence-alpes-cote-dazur","25":"tag-republique-francaise","26":"tag-urgences"},"share_on_mastodon":{"url":"https:\/\/pubeurope.com\/@fr\/115158409851127889","error":""},"_links":{"self":[{"href":"https:\/\/www.europesays.com\/fr\/wp-json\/wp\/v2\/posts\/371051","targetHints":{"allow":["GET"]}}],"collection":[{"href":"https:\/\/www.europesays.com\/fr\/wp-json\/wp\/v2\/posts"}],"about":[{"href":"https:\/\/www.europesays.com\/fr\/wp-json\/wp\/v2\/types\/post"}],"author":[{"embeddable":true,"href":"https:\/\/www.europesays.com\/fr\/wp-json\/wp\/v2\/users\/2"}],"replies":[{"embeddable":true,"href":"https:\/\/www.europesays.com\/fr\/wp-json\/wp\/v2\/comments?post=371051"}],"version-history":[{"count":0,"href":"https:\/\/www.europesays.com\/fr\/wp-json\/wp\/v2\/posts\/371051\/revisions"}],"wp:featuredmedia":[{"embeddable":true,"href":"https:\/\/www.europesays.com\/fr\/wp-json\/wp\/v2\/media\/371052"}],"wp:attachment":[{"href":"https:\/\/www.europesays.com\/fr\/wp-json\/wp\/v2\/media?parent=371051"}],"wp:term":[{"taxonomy":"category","embeddable":true,"href":"https:\/\/www.europesays.com\/fr\/wp-json\/wp\/v2\/categories?post=371051"},{"taxonomy":"post_tag","embeddable":true,"href":"https:\/\/www.europesays.com\/fr\/wp-json\/wp\/v2\/tags?post=371051"}],"curies":[{"name":"wp","href":"https:\/\/api.w.org\/{rel}","templated":true}]}}