{"id":371053,"date":"2025-09-06T16:57:10","date_gmt":"2025-09-06T16:57:10","guid":{"rendered":"https:\/\/www.europesays.com\/fr\/371053\/"},"modified":"2025-09-06T16:57:10","modified_gmt":"2025-09-06T16:57:10","slug":"la-vie-des-ex-dimitri-payet-prend-un-bain-de-foule-a-marseille-au-centre-commercial-la-valentine","status":"publish","type":"post","link":"https:\/\/www.europesays.com\/fr\/371053\/","title":{"rendered":"La vie des ex : Dimitri Payet prend un bain de foule \u00e0 Marseille, au centre commercial La Valentine"},"content":{"rendered":"<p>Un bon bain de foule lui avait certainement manqu\u00e9, et il en avait sans doute bien besoin. <a href=\"https:\/\/www.laprovence.com\/article\/sports\/6731663\/est-il-une-legende-de-lom.html\" target=\"_blank\" rel=\"nofollow noopener\">Dimitri Payet<\/a> a attir\u00e9 les fans ce samedi apr\u00e8s-midi au centre commercial Grand V de La Valentine \u00e0 l&rsquo;Est de Marseille. L&rsquo;ancien num\u00e9ro 10 de l&rsquo;OM a donn\u00e9 devant la boutique Intersport une s\u00e9ance de d\u00e9dicaces et de photos \u00e0 des dizaines de fans venus se masser pour immortaliser un souvenir avec l&rsquo;ancienne gloire de l&rsquo;Olympique en souvenir de ses 9 saisons sous le soleil proven\u00e7al pour 326 matches, 78 buts et 95 passes d\u00e9cisives.<\/p>\n<p>Le R\u00e9unionnais de 38 ans est d\u00e9sormais sans contrat depuis<a href=\"https:\/\/www.laprovence.com\/article\/om\/2814236500412314\/om-la-vie-des-ex-dimitri-payet-officialise-son-depart-de-vasco-de-gama-et-rend-hommage-a-la-ville-de-rio\" target=\"_blank\" rel=\"nofollow noopener\"> la fin de son aventure au Br\u00e9sil<\/a> annonc\u00e9e en juin par le club de Vasco de Gama qu&rsquo;il avait rejoint \u00e0 l&rsquo;\u00e9t\u00e9 2023. Ces derniers mois, <a href=\"https:\/\/www.laprovence.com\/article\/om\/4466209263172714\/om-la-vie-des-ex-du-nouveau-dans-laffaire-dimitri-payet-accuse-de-violences-physiques-psychologiques-et-sexuelles\" target=\"_blank\" rel=\"nofollow noopener\">son actualit\u00e9 a \u00e9t\u00e9 agit\u00e9e par des accusations<\/a> de violences \u00ab\u00a0physiques et psychologiques\u00a0\u00bb \u00e0 l&rsquo;encontre de Larissa Ferrari, femme avec laquelle il a entretenu une relation extraconjugale. Des accusations que <a href=\"https:\/\/www.laprovence.com\/article\/om\/4036361602788614\/affaire-payet-le-joueur-nie-les-violences-envers-la-plaignante-mais-reconnait-des-pratiques-sadomasochistes\" target=\"_blank\" rel=\"nofollow noopener\">l&rsquo;ex-Olympien nie en bloc<\/a>, \u00e9voquant des \u00ab\u00a0pratiques sadomasochistes\u00a0\u00bb consenties. Il a pu profiter d&rsquo;une petite parenth\u00e8se \u00e0 Marseille, o\u00f9 vivent toujours sa compagne et ses trois enfants, avant d&rsquo;\u00eatre jug\u00e9 au Br\u00e9sil prochainement.<\/p>\n","protected":false},"excerpt":{"rendered":"Un bon bain de foule lui avait certainement manqu\u00e9, et il en avait sans doute bien besoin. Dimitri&hellip;\n","protected":false},"author":2,"featured_media":371054,"comment_status":"","ping_status":"","sticky":false,"template":"","format":"standard","meta":{"footnotes":""},"categories":[2814],"tags":[17,1111,11,27245,154,50529,1777,674,1011,27,884,12,149,7984,6020,882,25,4717],"class_list":{"0":"post-371053","1":"post","2":"type-post","3":"status-publish","4":"format-standard","5":"has-post-thumbnail","7":"category-marseille","8":"tag-17","9":"tag-actu","10":"tag-actualites","11":"tag-bain","12":"tag-des","13":"tag-dimitri","14":"tag-eu","15":"tag-europe","16":"tag-fr","17":"tag-france","18":"tag-marseille","19":"tag-news","20":"tag-om","21":"tag-payet","22":"tag-prend","23":"tag-provence-alpes-cote-dazur","24":"tag-republique-francaise","25":"tag-vie"},"share_on_mastodon":{"url":"https:\/\/pubeurope.com\/@fr\/115158413711197098","error":""},"_links":{"self":[{"href":"https:\/\/www.europesays.com\/fr\/wp-json\/wp\/v2\/posts\/371053","targetHints":{"allow":["GET"]}}],"collection":[{"href":"https:\/\/www.europesays.com\/fr\/wp-json\/wp\/v2\/posts"}],"about":[{"href":"https:\/\/www.europesays.com\/fr\/wp-json\/wp\/v2\/types\/post"}],"author":[{"embeddable":true,"href":"https:\/\/www.europesays.com\/fr\/wp-json\/wp\/v2\/users\/2"}],"replies":[{"embeddable":true,"href":"https:\/\/www.europesays.com\/fr\/wp-json\/wp\/v2\/comments?post=371053"}],"version-history":[{"count":0,"href":"https:\/\/www.europesays.com\/fr\/wp-json\/wp\/v2\/posts\/371053\/revisions"}],"wp:featuredmedia":[{"embeddable":true,"href":"https:\/\/www.europesays.com\/fr\/wp-json\/wp\/v2\/media\/371054"}],"wp:attachment":[{"href":"https:\/\/www.europesays.com\/fr\/wp-json\/wp\/v2\/media?parent=371053"}],"wp:term":[{"taxonomy":"category","embeddable":true,"href":"https:\/\/www.europesays.com\/fr\/wp-json\/wp\/v2\/categories?post=371053"},{"taxonomy":"post_tag","embeddable":true,"href":"https:\/\/www.europesays.com\/fr\/wp-json\/wp\/v2\/tags?post=371053"}],"curies":[{"name":"wp","href":"https:\/\/api.w.org\/{rel}","templated":true}]}}