{"id":371055,"date":"2025-09-06T16:58:16","date_gmt":"2025-09-06T16:58:16","guid":{"rendered":"https:\/\/www.europesays.com\/fr\/371055\/"},"modified":"2025-09-06T16:58:16","modified_gmt":"2025-09-06T16:58:16","slug":"rentree-scolaire-de-nombreux-etudiants-toujours-sans-logement-a-lyon","status":"publish","type":"post","link":"https:\/\/www.europesays.com\/fr\/371055\/","title":{"rendered":"Rentr\u00e9e scolaire : de nombreux \u00e9tudiants toujours sans logement \u00e0 Lyon"},"content":{"rendered":"<p>Alors que la rentr\u00e9e scolaire a eu lieu lundi, de nombreux \u00e9tudiants se retrouvent toujours sans solution de logement. <\/p>\n<p>Une situation qui touche particuli\u00e8rement Lyon, l\u2019un des march\u00e9s locatifs les plus satur\u00e9s de France. Environ 180 000 \u00e9tudiants se tournent d\u00e9sormais vers la colocation pour faire face \u00e0 ce probl\u00e8me. <\/p>\n<p>Faute de solution, beaucoup devront effectuer de longs trajets entre leur lieu d\u2019\u00e9tude et le domicile familial.<\/p>\n<p>M.L<\/p>\n","protected":false},"excerpt":{"rendered":"Alors que la rentr\u00e9e scolaire a eu lieu lundi, de nombreux \u00e9tudiants se retrouvent toujours sans solution de&hellip;\n","protected":false},"author":2,"featured_media":371056,"comment_status":"","ping_status":"","sticky":false,"template":"","format":"standard","meta":{"footnotes":""},"categories":[1889],"tags":[1111,11,2430,1777,674,1011,27,2428,12,25],"class_list":{"0":"post-371055","1":"post","2":"type-post","3":"status-publish","4":"format-standard","5":"has-post-thumbnail","7":"category-lyon","8":"tag-actu","9":"tag-actualites","10":"tag-auvergne-rhone-alpes","11":"tag-eu","12":"tag-europe","13":"tag-fr","14":"tag-france","15":"tag-lyon","16":"tag-news","17":"tag-republique-francaise"},"share_on_mastodon":{"url":"https:\/\/pubeurope.com\/@fr\/115158417750167570","error":""},"_links":{"self":[{"href":"https:\/\/www.europesays.com\/fr\/wp-json\/wp\/v2\/posts\/371055","targetHints":{"allow":["GET"]}}],"collection":[{"href":"https:\/\/www.europesays.com\/fr\/wp-json\/wp\/v2\/posts"}],"about":[{"href":"https:\/\/www.europesays.com\/fr\/wp-json\/wp\/v2\/types\/post"}],"author":[{"embeddable":true,"href":"https:\/\/www.europesays.com\/fr\/wp-json\/wp\/v2\/users\/2"}],"replies":[{"embeddable":true,"href":"https:\/\/www.europesays.com\/fr\/wp-json\/wp\/v2\/comments?post=371055"}],"version-history":[{"count":0,"href":"https:\/\/www.europesays.com\/fr\/wp-json\/wp\/v2\/posts\/371055\/revisions"}],"wp:featuredmedia":[{"embeddable":true,"href":"https:\/\/www.europesays.com\/fr\/wp-json\/wp\/v2\/media\/371056"}],"wp:attachment":[{"href":"https:\/\/www.europesays.com\/fr\/wp-json\/wp\/v2\/media?parent=371055"}],"wp:term":[{"taxonomy":"category","embeddable":true,"href":"https:\/\/www.europesays.com\/fr\/wp-json\/wp\/v2\/categories?post=371055"},{"taxonomy":"post_tag","embeddable":true,"href":"https:\/\/www.europesays.com\/fr\/wp-json\/wp\/v2\/tags?post=371055"}],"curies":[{"name":"wp","href":"https:\/\/api.w.org\/{rel}","templated":true}]}}