{"id":371059,"date":"2025-09-06T17:01:10","date_gmt":"2025-09-06T17:01:10","guid":{"rendered":"https:\/\/www.europesays.com\/fr\/371059\/"},"modified":"2025-09-06T17:01:10","modified_gmt":"2025-09-06T17:01:10","slug":"blocage-du-peripherique-et-piquets-strategiques-une-assemblee-regionale-prevue-a-paris","status":"publish","type":"post","link":"https:\/\/www.europesays.com\/fr\/371059\/","title":{"rendered":"\u00ab\u00a0blocage du p\u00e9riph\u00e9rique\u00a0\u00bb et \u00ab\u00a0piquets strat\u00e9giques\u00a0\u00bb, une assembl\u00e9e r\u00e9gionale pr\u00e9vue \u00e0 Paris"},"content":{"rendered":"<p class=\"article__intro\">Elle aura lieu ce dimanche \u00e0 19 heures sur la place de la Fontaine des Innocents. Le mouvement \u00ab\u00a0Bloquons tout\u00a0\u00bb pr\u00e9voit notamment des blocages du p\u00e9riph\u00e9rique parisien.<\/p>\n<p>\n      L\u2019actu des r\u00e9gions\n    <\/p>\n<p>\n      Chaque jour, un tour d\u2019horizon des principales infos de toutes les r\u00e9gions.\n    <\/p>\n<p>    France T\u00e9l\u00e9visions utilise votre adresse e-mail afin de vous envoyer la newsletter \u00ab\u00a0L\u2019actu des r\u00e9gions\u00a0\u00bb. Vous pouvez vous d\u00e9sinscrire \u00e0 tout moment via le lien en bas de cette newsletter. <a target=\"_blank\" href=\"https:\/\/www.francetelevisions.fr\/groupe\/confidentialite\/politique-de-confidentialite\/politique-de-confidentialite-de-france-televisions-6503\" rel=\"nofollow noopener\">Notre politique de confidentialit\u00e9<\/a><\/p>\n<p>\u00c0 la suite des assembl\u00e9es g\u00e9n\u00e9rales, les contours du mouvement \u00ab\u00a0Bloquons tout\u00a0\u00bb se pr\u00e9cisent. Ce dimanche, une assembl\u00e9e r\u00e9gionale est pr\u00e9vue pour l&rsquo;\u00cele-de-France. Elle aura lieu \u00e0 19 heures sur la place de la Fontaine des Innocents \u00e0 Paris.<\/p>\n<p>Relay\u00e9e par plusieurs comptes sp\u00e9cifiques au mouvement sur X, celle-ci visera \u00e0 \u00ab\u00a0continuer d\u2019organiser les blocages et renforcer la mobilisation\u00a0\u00bb, \u00e9crit le compte \u00ab\u00a0Bloquons tout-10 septembre\u00a0\u00bb dans son annonce.<\/p>\n<blockquote class=\"twitter-tweet\" data-media-max-width=\"560\">\n<p dir=\"ltr\" lang=\"fr\">\ud83d\udce2 DIMANCHE 7 SEPTEMBRE \u2013 19H<br \/>\ud83d\udd25 Assembl\u00e9e r\u00e9gionale du mouvement, Place de la Fontaine des Innocents (Ch\u00e2telet).<br \/>\u27a1\ufe0f Pour continuer d\u2019organiser les blocages et renforcer la mobilisation.<br \/>\ud83d\udc49 \u00c0 l\u2019appel de l\u2019AG Paris Nord \u2013 Paris Est r\u00e9unie hier soir.<br \/>\u26a1 Soyons nombreux,\u2026 <a href=\"https:\/\/t.co\/X59ntZkafe\" rel=\"nofollow\">pic.twitter.com\/X59ntZkafe<\/a><\/p>\n<p>\u2014 Bloquons Tout ! &#8211; 10 Septembre 2025 (@bloquonstout) <a href=\"https:\/\/twitter.com\/bloquonstout\/status\/1963997472998756467?ref_src=twsrc%5Etfw\" rel=\"nofollow noopener\" target=\"_blank\">September 5, 2025<\/a><\/p><\/blockquote>\n<p>Sur l&rsquo;affiche de la r\u00e9union, le collectif appelle \u00e0 un \u00ab\u00a0blocage du p\u00e9riph\u00e9rique\u00a0\u00bb. Il \u00e9voque \u00e9galement le renforcement de \u00ab\u00a0piquets strat\u00e9giques\u00a0\u00bb et parle enfin d&rsquo;une \u00ab\u00a0assembl\u00e9e des travailleurs\u00a0\u00bb le 10 septembre.<\/p>\n<p>De son c\u00f4t\u00e9, le compte \u00ab\u00a0Infos 10 septembre IDF\u00a0\u00bb \u00e9voque un blocage de la porte de Bagnolet \u00ab\u00a0et de son \u00e9changeur autoroutier\u00a0\u00bb \u00e0 partir de 7 heures du matin ce mercredi \u00ab\u00a0par tous les acc\u00e8s possibles\u00a0\u00bb. Ce blocage aurait \u00e9t\u00e9 d\u00e9cid\u00e9 lors de l&rsquo;assembl\u00e9e g\u00e9n\u00e9rale qui a eu lieu \u00e0 Paris ce jeudi, selon le collectif.<\/p>\n<blockquote class=\"twitter-tweet\" data-media-max-width=\"560\">\n<p dir=\"ltr\" lang=\"fr\">L&rsquo;assembl\u00e9e g\u00e9n\u00e9rale du 4 septembre \u00e0 la place des f\u00eates est tomb\u00e9e d&rsquo;accord pour bloquer la Porte de Bagnolet. <br \/>Nous relayons l&rsquo;appel \u00e0 rejoindre d\u00e8s 7 h du matin par tous les acc\u00e8s possibles.<br \/>Soyez impr\u00e9visible.<a href=\"https:\/\/twitter.com\/hashtag\/10septembre?src=hash&amp;ref_src=twsrc%5Etfw\" rel=\"nofollow noopener\" target=\"_blank\">#10septembre<\/a> <a href=\"https:\/\/t.co\/51IHjMXG1L\" rel=\"nofollow\">pic.twitter.com\/51IHjMXG1L<\/a><\/p>\n<p>\u2014 Infos 10 septembre IDF (@10septembreIDF) <a href=\"https:\/\/twitter.com\/10septembreIDF\/status\/1964283352543908154?ref_src=twsrc%5Etfw\" rel=\"nofollow noopener\" target=\"_blank\">September 6, 2025<\/a><\/p><\/blockquote>\n<p>Pour rappel, plusieurs collectifs appellent aussi \u00e0 participer \u00e0 une mobilisation devant toutes les mairies de France ce lundi \u00e0 l&rsquo;occasion du vote de confiance \u00e0 l&rsquo;Assembl\u00e9e Nationale. Ces rassemblements ont \u00e9t\u00e9 nomm\u00e9s de fa\u00e7on ironique \u00ab\u00a0pot de d\u00e9part de Fran\u00e7ois Bayrou\u00a0\u00bb.<\/p>\n<p>  <script async src=\"https:\/\/platform.twitter.com\/widgets.js\" charset=\"utf-8\"><\/script><\/p>\n","protected":false},"excerpt":{"rendered":"Elle aura lieu ce dimanche \u00e0 19 heures sur la place de la Fontaine des Innocents. Le mouvement&hellip;\n","protected":false},"author":2,"featured_media":371060,"comment_status":"","ping_status":"","sticky":false,"template":"","format":"standard","meta":{"footnotes":""},"categories":[1592],"tags":[1111,11,1777,674,1011,27,662,12,626,25],"class_list":{"0":"post-371059","1":"post","2":"type-post","3":"status-publish","4":"format-standard","5":"has-post-thumbnail","7":"category-ile-de-france","8":"tag-actu","9":"tag-actualites","10":"tag-eu","11":"tag-europe","12":"tag-fr","13":"tag-france","14":"tag-ile-de-france","15":"tag-news","16":"tag-paris","17":"tag-republique-francaise"},"share_on_mastodon":{"url":"https:\/\/pubeurope.com\/@fr\/115158429459299738","error":""},"_links":{"self":[{"href":"https:\/\/www.europesays.com\/fr\/wp-json\/wp\/v2\/posts\/371059","targetHints":{"allow":["GET"]}}],"collection":[{"href":"https:\/\/www.europesays.com\/fr\/wp-json\/wp\/v2\/posts"}],"about":[{"href":"https:\/\/www.europesays.com\/fr\/wp-json\/wp\/v2\/types\/post"}],"author":[{"embeddable":true,"href":"https:\/\/www.europesays.com\/fr\/wp-json\/wp\/v2\/users\/2"}],"replies":[{"embeddable":true,"href":"https:\/\/www.europesays.com\/fr\/wp-json\/wp\/v2\/comments?post=371059"}],"version-history":[{"count":0,"href":"https:\/\/www.europesays.com\/fr\/wp-json\/wp\/v2\/posts\/371059\/revisions"}],"wp:featuredmedia":[{"embeddable":true,"href":"https:\/\/www.europesays.com\/fr\/wp-json\/wp\/v2\/media\/371060"}],"wp:attachment":[{"href":"https:\/\/www.europesays.com\/fr\/wp-json\/wp\/v2\/media?parent=371059"}],"wp:term":[{"taxonomy":"category","embeddable":true,"href":"https:\/\/www.europesays.com\/fr\/wp-json\/wp\/v2\/categories?post=371059"},{"taxonomy":"post_tag","embeddable":true,"href":"https:\/\/www.europesays.com\/fr\/wp-json\/wp\/v2\/tags?post=371059"}],"curies":[{"name":"wp","href":"https:\/\/api.w.org\/{rel}","templated":true}]}}