{"id":371061,"date":"2025-09-06T17:02:10","date_gmt":"2025-09-06T17:02:10","guid":{"rendered":"https:\/\/www.europesays.com\/fr\/371061\/"},"modified":"2025-09-06T17:02:10","modified_gmt":"2025-09-06T17:02:10","slug":"a-paris-ce-temple-du-graffiti-abandonne-depuis-15-ans-ouvre-ses-portes","status":"publish","type":"post","link":"https:\/\/www.europesays.com\/fr\/371061\/","title":{"rendered":"\u00e0 Paris, ce temple du graffiti abandonn\u00e9 depuis 15 ans ouvre ses portes"},"content":{"rendered":"<p>            Par<br \/>\n        <strong><br \/>\n            <a href=\"https:\/\/actu.fr\/auteur\/ines-cussac-actu-fr\" title=\"Consulter tous les articles de In\u00e8s Cussac\" target=\"_blank\" rel=\"noopener\">In\u00e8s Cussac<\/a><br \/>\n        <\/strong><\/p>\n<p>        Publi\u00e9 le<\/p>\n<p>            6 sept. 2025 \u00e0 18h48        <\/p>\n<p>\u00ab\u00a0Le graf\u2019, tu ne le vois jamais vieillir normalement. Mais l\u00e0, tout est rest\u00e9.\u00a0\u00bb L\u2019artiste pointe sa lampe torche sur l\u2019une des fresque murale de l\u2019ancien supermarch\u00e9 de <a href=\"https:\/\/actu.fr\/ile-de-france\/paris_75056\/paris-enterre-son-projet-de-crematorium-a-la-villette-pour-permettre-a-la-vie-du-quartier-de-ressusciter_62029644.html\" target=\"_blank\" rel=\"noopener\">la porte de la Villette<\/a> \u00e0 Paris (19e). Ici, on n\u2019y voit rien. Justement. L\u2019obscurit\u00e9 a parfaitement conserv\u00e9 le Mausol\u00e9e, ce temple d\u00e9di\u00e9 au graffiti et investi par le duo de street artistes <strong>Lek &amp; Sowat<\/strong> entre 2010 et 2011. Plong\u00e9 dans le noir et sans une seule visite pendant 15 ans, le lieu s\u2019est fig\u00e9 dans le temps. La poussi\u00e8re s\u2019est amass\u00e9e et les derni\u00e8res traces de vie ne sont que des carcasses parsemant le sol. C\u2019est en somme <strong>un v\u00e9ritable tr\u00e9sor<\/strong> pour les passionn\u00e9s de street art et d\u2019urbex qui pourront le d\u00e9couvrir cet automne. Tel quel.<\/p>\n<p>La gen\u00e8se d\u2019une collaboration<\/p>\n<p class=\" wall-content\">\u00ab\u00a0Il y a d\u00e9j\u00e0 eu un gros d\u00e9blayage mais l\u2019id\u00e9e n\u2019\u00e9tait pas d\u2019en faire un truc aseptis\u00e9\u00a0\u00bb, explique <a href=\"https:\/\/actu.fr\/ile-de-france\/paris_75056\/resultats-des-municipales-a-paris-francois-dagnaud-reelu-maire-du-19eme-arrondissement_34536853.html\" target=\"_blank\" rel=\"noopener\">Fran\u00e7ois Dagnaud<\/a>, maire (PS) du 19e arrondissement. Avec <a href=\"https:\/\/actu.fr\/ile-de-france\/paris_75056\/demission-de-christophe-girard-a-paris-anne-hidalgo-nomme-carine-rolland-a-la-culture_35206287.html\" target=\"_blank\" rel=\"noopener\">Carine Rolland<\/a>, adjointe \u00e0 la maire de Paris en charge de la Culture, ils ont oeuvr\u00e9 pour permettre l\u2019ouverture au public de cet ancien Casino, devenu un squat puis <strong>une r\u00e9sidence artistique sauvage<\/strong> o\u00f9 une trentaine de virtuoses de la bombe de peinture est venue laisser son empreinte. \u00ab\u00a0A l\u2019\u00e9poque, on leur demande de suivre un protocole tr\u00e8s pr\u00e9cis : de ne pas dire que \u00e7a existe, de ne pas montrer de photo, de ne pas en parler autour d\u2019eux pour que \u00e7a reste myst\u00e9rieux\u00a0\u00bb, se souvient l\u2019artiste Sowat dont la gen\u00e8se de la collaboration avec Lek remonte justement \u00e0 la d\u00e9couverte de ce supermarch\u00e9 abandonn\u00e9 lors d\u2019une exploration urbaine. \u00ab\u00a0Quand nous avons d\u00e9couvert ce lieu, <strong>il y avait 40 000 m\u00b2 de murs vierges<\/strong>\u00ab\u00a0, rembobine-t-il.<\/p>\n<p class=\" wall-content\">Le duo passe une ann\u00e9e compl\u00e8te dans l\u2019enceinte oubli\u00e9e, cachant le mat\u00e9riel dans l\u2019une des voiture abandonn\u00e9e \u00ab\u00a0parce qu\u2019on ne savait jamais ce qu\u2019il pouvait arriver\u00a0\u00bb. \u00ab\u00a0On faisait avec les moyens du bord \u00e0 l\u2019\u00e9poque. On n\u2019avait aucun budget, mais on testait tout ce qu\u2019on pouvait\u00a0\u00bb, garde en t\u00eate Lek.\u00a0<\/p>\n<p class=\" wall-content\">Apr\u00e8s leur d\u00e9part, d\u2019autres artistes et explorateurs urbains ont aussi laiss\u00e9 une marque de leur passage avant que l\u2019entr\u00e9e au site ne soit rendu impossible par la Ville de Paris, propri\u00e9taire. \u00ab\u00a0Le fait que ce lieu soit ferm\u00e9, \u00e7a a conserv\u00e9 tout un tas de chose\u00a0\u00bb, remarque aujourd\u2019hui Sowat avant de montrer l\u2019une des all\u00e9e du parking au premier \u00e9tage o\u00f9 des centaines de noms d\u2019artistes sont inscrits. \u00ab\u00a0C\u2019est <strong>une esp\u00e8ce de livre d\u2019or<\/strong> que tous ceux du milieux sont venus signer.\u00a0\u00bb<\/p>\n<p>Une \u00ab\u00a0l\u00e9gende urbaine\u00a0\u00bb<\/p>\n<p class=\" wall-content\">Cette \u00ab\u00a0l\u00e9gende urbaine\u00a0\u00bb est pourtant vou\u00e9e \u00e0 dispara\u00eetre dans le cadre de <a href=\"https:\/\/actu.fr\/ile-de-france\/paris_75056\/fini-le-tout-voiture-paris-veut-transformer-la-porte-de-la-villette-en-une-place-parc-de-5-hectares_62869894.html\" target=\"_blank\" rel=\"noopener\">l\u2019am\u00e9nagement de la porte de la Villette<\/a>. \u00ab\u00a0Ce lieu porte une histoire, une m\u00e9moire et porte aussi une perspective d\u2019avenir. L\u2019ancien Casino n\u2019aura sans doute pas vocation \u00e0 perdurer dans les ann\u00e9es qui viennent dans le cadre et \u00e0 la faveur de la transformation de la Villette\u00a0\u00bb, souligne Fran\u00e7ois Dagnaud. L\u00e0 est sans doute la restauration du <strong>caract\u00e8re \u00e9ph\u00e9m\u00e8re<\/strong> du graffiti.<\/p>\n<p>Votre r\u00e9gion, votre actu !<\/p>\n<p>Recevez chaque jour les infos qui comptent pour vous.<\/p>\n<p>\t<a href=\"https:\/\/actu.fr\/newsletter\" class=\"ac-btn ac-btn--corner ac-btn--medium ac-btn--blue800\" target=\"_blank\" rel=\"noopener\">S&rsquo;incrire<\/a><\/p>\n<p class=\" wall-content\">A partir du 1er octobre et jusqu\u2019au 7 novembre 2025, le public pourra visiter gratuitement le Mausol\u00e9e et avec l\u2019accompagnement d\u2019un m\u00e9diateur de l\u2019association <strong>RStyle<\/strong>. \u00ab\u00a0On pourra faire visiter ce lieu par groupes de 19 personnes \u00e0 la lampe torche, un petit peu cryptique, comme si on les ramenait \u00e0 Lascaux ou \u00e0 Chauvet\u00a0\u00bb, illustre Sowat.<\/p>\n<p class=\" wall-content\">Personnalisez votre actualit\u00e9 en ajoutant vos villes et m\u00e9dias en favori avec <a href=\"https:\/\/moncompte.actu.fr\" title=\"D\u00e9couvez Mon Actu\" rel=\"nofollow noopener\" data-trk=\"{&quot;cta&quot;:{&quot;action&quot;:&quot;https:\\\/\\\/moncompte.actu.fr&quot;,&quot;category&quot;:&quot;mon compte&quot;,&quot;from&quot;:&quot;article footer&quot;,&quot;name&quot;:&quot;Mon actu&quot;,&quot;type&quot;:&quot;cta&quot;}}\" target=\"_blank\">Mon Actu<\/a>.<\/p>\n","protected":false},"excerpt":{"rendered":"Par In\u00e8s Cussac Publi\u00e9 le 6 sept. 2025 \u00e0 18h48 \u00ab\u00a0Le graf\u2019, tu ne le vois jamais vieillir&hellip;\n","protected":false},"author":2,"featured_media":371062,"comment_status":"","ping_status":"","sticky":false,"template":"","format":"standard","meta":{"footnotes":""},"categories":[1888],"tags":[1111,1928,11,1927,1777,674,1011,27,12,1926,626,1925,2551,25,104,7189,1352],"class_list":{"0":"post-371061","1":"post","2":"type-post","3":"status-publish","4":"format-standard","5":"has-post-thumbnail","7":"category-paris","8":"tag-actu","9":"tag-actu-paris","10":"tag-actualites","11":"tag-actualites-paris","12":"tag-eu","13":"tag-europe","14":"tag-fr","15":"tag-france","16":"tag-news","17":"tag-news-paris","18":"tag-paris","19":"tag-paris-news","20":"tag-patrimoine","21":"tag-republique-francaise","22":"tag-societe","23":"tag-street-art","24":"tag-urbanisme"},"share_on_mastodon":{"url":"https:\/\/pubeurope.com\/@fr\/115158433808569872","error":""},"_links":{"self":[{"href":"https:\/\/www.europesays.com\/fr\/wp-json\/wp\/v2\/posts\/371061","targetHints":{"allow":["GET"]}}],"collection":[{"href":"https:\/\/www.europesays.com\/fr\/wp-json\/wp\/v2\/posts"}],"about":[{"href":"https:\/\/www.europesays.com\/fr\/wp-json\/wp\/v2\/types\/post"}],"author":[{"embeddable":true,"href":"https:\/\/www.europesays.com\/fr\/wp-json\/wp\/v2\/users\/2"}],"replies":[{"embeddable":true,"href":"https:\/\/www.europesays.com\/fr\/wp-json\/wp\/v2\/comments?post=371061"}],"version-history":[{"count":0,"href":"https:\/\/www.europesays.com\/fr\/wp-json\/wp\/v2\/posts\/371061\/revisions"}],"wp:featuredmedia":[{"embeddable":true,"href":"https:\/\/www.europesays.com\/fr\/wp-json\/wp\/v2\/media\/371062"}],"wp:attachment":[{"href":"https:\/\/www.europesays.com\/fr\/wp-json\/wp\/v2\/media?parent=371061"}],"wp:term":[{"taxonomy":"category","embeddable":true,"href":"https:\/\/www.europesays.com\/fr\/wp-json\/wp\/v2\/categories?post=371061"},{"taxonomy":"post_tag","embeddable":true,"href":"https:\/\/www.europesays.com\/fr\/wp-json\/wp\/v2\/tags?post=371061"}],"curies":[{"name":"wp","href":"https:\/\/api.w.org\/{rel}","templated":true}]}}