{"id":371063,"date":"2025-09-06T17:03:15","date_gmt":"2025-09-06T17:03:15","guid":{"rendered":"https:\/\/www.europesays.com\/fr\/371063\/"},"modified":"2025-09-06T17:03:15","modified_gmt":"2025-09-06T17:03:15","slug":"cest-completement-fou-de-lavoir-fait-jouer-la-blessure-de-dembele-met-le-psg-en-colere","status":"publish","type":"post","link":"https:\/\/www.europesays.com\/fr\/371063\/","title":{"rendered":"\u00ab\u00a0C\u2019est compl\u00e8tement fou de l\u2019avoir fait jouer\u00a0\u00bb\u00a0: la blessure de Demb\u00e9l\u00e9 met le PSG en col\u00e8re"},"content":{"rendered":"<p class=\"paragraph text_align_left lp-f-body-02\">Ce vendredi soir, le <a href=\"https:\/\/www.leparisien.fr\/sports\/football\/psg\/\" target=\"_blank\" rel=\"noreferrer nofollow noopener\">PSG<\/a> est triste et en col\u00e8re. Triste parce que la soir\u00e9e internationale a d\u00e9bouch\u00e9 sur deux bless\u00e9s issus de <a href=\"https:\/\/www.leparisien.fr\/sports\/football\/equipe-de-france\/\" target=\"_blank\" rel=\"noreferrer nofollow noopener\">l\u2019\u00e9quipe de France<\/a> et un plus surprenant, en Espagne. <a href=\"https:\/\/www.leparisien.fr\/sports\/football\/psg\/psg-victime-dune-chute-en-velo-en-espagne-luis-enrique-souffre-dune-fracture-de-la-clavicule-05-09-2025-Z7VKJZIOIJAPBBNM262Y3XABLE.php\" target=\"_self\" rel=\"nofollow noopener\">Luis Enrique a chut\u00e9 de v\u00e9lo<\/a> et s\u2019est fractur\u00e9 la clavicule. Hospitalis\u00e9 dans son pays, il devrait subir une op\u00e9ration ce samedi et son r\u00e9tablissement va n\u00e9cessiter beaucoup de temps.<\/p>\n<p class=\"paragraph text_align_left lp-f-body-02\">Certains dirigeants ont pu le joindre ce vendredi soir. L\u2019entra\u00eeneur se disait surtout contrari\u00e9 pour son travail au quotidien, lui qui ne m\u00e9nage pas ses heures au Campus. Il va devoir aussi penser \u00e0 sa r\u00e9\u00e9ducation.<\/p>\n<p>Gestion \u00ab\u00a0irrespectueuse\u00a0\u00bb<\/p>\n<p class=\"paragraph text_align_left lp-f-body-02\">Mais il y avait beaucoup de col\u00e8re aussi \u00e0 tous les \u00e9tages de la direction du club de la capitale o\u00f9 l\u2019on parle de gestion \u00ab\u00a0irrespectueuse\u00a0\u00bb du cas <a href=\"https:\/\/www.leparisien.fr\/sports\/football\/ousmane-dembele\/\" target=\"_blank\" rel=\"noreferrer nofollow noopener\">Ousmane Demb\u00e9l\u00e9<\/a>. Le champion du monde 2018 est entr\u00e9 \u00e0 la pause d\u2019Ukraine-France (0-2) ce vendredi en Pologne, \u00e0 la place de D\u00e9sir\u00e9 Dou\u00e9, victime, lui <a href=\"https:\/\/www.leparisien.fr\/sports\/football\/equipe-de-france\/ukraine-france-touche-a-un-mollet-desire-doue-remplace-par-ousmane-dembele-a-la-mi-temps-05-09-2025-D2JEW5DKA5HMHONVFQI377RIGQ.php\" target=\"_blank\" rel=\"noreferrer nofollow noopener\">d\u2019un coup au mollet droit.<\/a><\/p>\n<p class=\"paragraph text_align_left lp-f-body-02\">Le favori du <a href=\"https:\/\/www.leparisien.fr\/sports\/football\/ballon-d-or\/\" target=\"_blank\" rel=\"noreferrer nofollow noopener\">Ballon d\u2019or 2025<\/a> n\u2019a pu achever la partie, oblig\u00e9 lui aussi <a href=\"https:\/\/www.leparisien.fr\/sports\/football\/equipe-de-france\/ukraine-france-ousmane-dembele-sort-blesse-a-peine-30-minutes-apres-son-entree-en-jeu-05-09-2025-FPNTC34N7JEB7IX4QEEFV47LQY.php\" target=\"_blank\" rel=\"noreferrer nofollow noopener\">de c\u00e9der sa place \u00e0 la 80e,<\/a> en se touchant l\u2019arri\u00e8re de la cuisse droite. L\u2019attaquant marchait tr\u00e8s lentement et grima\u00e7ait, conscient qu\u2019il va sans doute manquer des \u00e9ch\u00e9ances importantes du PSG.<\/p>\n<p class=\"paragraph text_align_left lp-f-body-02\">Les champions d\u2019Europe re\u00e7oivent l\u2019Atalanta de Bergame le 17\u00a0septembre pour le d\u00e9but de la <a href=\"https:\/\/www.leparisien.fr\/sports\/football\/ligue-des-champions\/\" target=\"_blank\" rel=\"noreferrer nofollow noopener\">Ligue des champions<\/a> avant de se rendre \u00e0 Marseille le dimanche 21\u00a0septembre en championnat. Auparavant, PSG-Lens, le 14\u00a0septembre, aura succ\u00e9d\u00e9 \u00e0 la s\u00e9quence internationale et cette fen\u00eatre de deux rencontres. Mardi, les hommes de Didier Deschamps affrontent l\u2019Islande au Parc des Princes.<\/p>\n<p class=\"paragraph text_align_left lp-f-body-02\">Si les deux attaquants parisiens devraient faire l\u2019impasse sur cette r\u00e9ception, c\u2019est surtout la situation d\u2019Ousmane Demb\u00e9l\u00e9 qui inqui\u00e8te. Dou\u00e9, lui, \u00ab\u00a0a ressenti une petite tension progressive sur un mollet\u00a0\u00bb, dit Didier Deschamps qui ajoute\u00a0: \u00ab\u00a0Je ne pense pas que ce soit trop m\u00e9chant. On va devoir v\u00e9rifier.\u00a0\u00bb<\/p>\n<p class=\"paragraph text_align_left lp-f-body-02\">Interrog\u00e9 sur Dembouz, il s\u2019est voulu tr\u00e8s clair, r\u00e9futant la moindre l\u00e9g\u00e8ret\u00e9 de son staff ou de lui-m\u00eame avec le meilleur buteur parisien de la saison derni\u00e8re. \u00ab\u00a0Il n\u2019y avait pas de risque sinon je ne l\u2019aurais pas fait entrer, souffle le patron des A. Malheureusement pour Ousmane, qui \u00e9tait gu\u00e9ri et qui se sentait bien, \u00e7a a tir\u00e9. C\u2019est l\u2019autre cuisse (que lors du match contre Toulouse). Il n\u2019a pas ressenti un truc violent. Il \u00e9tait dans de bonnes dispositions. Cela peut arriver \u00e0 quelqu\u2019un qui n\u2019a rien avant. La situation m\u00e9dicale, ce qu\u2019il ressentait, il n\u2019y avait pas la moindre appr\u00e9hension ou quoi que ce soit.\u00a0\u00bb<\/p>\n<p class=\"paragraph text_align_left lp-f-body-02\">Le technicien basque l\u2019\u00e9voque lui-m\u00eame\u00a0: Ousmane Demb\u00e9l\u00e9 n\u2019avait pu achever d\u00e9j\u00e0 la rencontre de championnat \u00e0 Toulouse (3-6) le samedi 30\u00a0ao\u00fbt. Il avait pass\u00e9 le dimanche une IRM dont le r\u00e9sultat n\u2019a pas fuit\u00e9.<\/p>\n<p class=\"paragraph text_align_left lp-f-body-02\">Depuis le d\u00e9but du rassemblement, le 1er\u00a0septembre, il s\u2019entra\u00eenait \u00e0 part du groupe, avec le pr\u00e9parateur physique de la s\u00e9lection, Cyril Moine. C\u2019est ce dernier qu\u2019il l\u2019a \u00e9chauff\u00e9 ce vendredi soir \u00e0 la pause sous l\u2019\u0153il vigilant de Guy St\u00e9phan, l\u2019adjoint du s\u00e9lectionneur. Le natif d\u2019\u00c9vreux n\u2019avait int\u00e9gr\u00e9 l\u2019entra\u00eenement collectif que ce jeudi, \u00e0 la veille du d\u00e9but des \u00e9liminatoires.<\/p>\n<p class=\"paragraph text_align_left lp-f-body-02\">\u00ab\u00a0Il se sentait bien, on a fait tout ce qu\u2019il fallait cette semaine, sur le plan m\u00e9dical et puis sur le ressenti du joueur aussi, ajoute DD. S\u2019il y avait eu la moindre appr\u00e9hension ou quoi que ce soit, je l\u2019aurais laiss\u00e9 tranquille et j\u2019aurais fait rentrer un autre joueur.\u00a0\u00bb \u00ab\u00a0C\u2019est compl\u00e8tement fou de l\u2019avoir fait jouer\u00a0\u00bb, souffle-t-on dans les couloirs du PSG. Selon nos informations, le club avait express\u00e9ment demand\u00e9 \u00e0 le pr\u00e9server compte tenu de son \u00e9tat de fatigue qui repr\u00e9sentait \u00ab\u00a0un haut risque de blessure\u00a0\u00bb. Le staff des Bleus n\u2019en a pas tenu compte.<\/p>\n<p class=\"paragraph text_align_left lp-f-body-02\">Une communication est pr\u00e9vue ce samedi entre les deux staffs m\u00e9dicaux, celui des Bleus et celui du PSG.<\/p>\n","protected":false},"excerpt":{"rendered":"Ce vendredi soir, le PSG est triste et en col\u00e8re. Triste parce que la soir\u00e9e internationale a d\u00e9bouch\u00e9&hellip;\n","protected":false},"author":2,"featured_media":371064,"comment_status":"","ping_status":"","sticky":false,"template":"","format":"standard","meta":{"footnotes":""},"categories":[1888],"tags":[1111,1928,11,1927,1777,674,63,1011,27,12,1926,626,1925,93,25,60],"class_list":{"0":"post-371063","1":"post","2":"type-post","3":"status-publish","4":"format-standard","5":"has-post-thumbnail","7":"category-paris","8":"tag-actu","9":"tag-actu-paris","10":"tag-actualites","11":"tag-actualites-paris","12":"tag-eu","13":"tag-europe","14":"tag-football","15":"tag-fr","16":"tag-france","17":"tag-news","18":"tag-news-paris","19":"tag-paris","20":"tag-paris-news","21":"tag-psg","22":"tag-republique-francaise","23":"tag-sports"},"share_on_mastodon":{"url":"https:\/\/pubeurope.com\/@fr\/115158437559843500","error":""},"_links":{"self":[{"href":"https:\/\/www.europesays.com\/fr\/wp-json\/wp\/v2\/posts\/371063","targetHints":{"allow":["GET"]}}],"collection":[{"href":"https:\/\/www.europesays.com\/fr\/wp-json\/wp\/v2\/posts"}],"about":[{"href":"https:\/\/www.europesays.com\/fr\/wp-json\/wp\/v2\/types\/post"}],"author":[{"embeddable":true,"href":"https:\/\/www.europesays.com\/fr\/wp-json\/wp\/v2\/users\/2"}],"replies":[{"embeddable":true,"href":"https:\/\/www.europesays.com\/fr\/wp-json\/wp\/v2\/comments?post=371063"}],"version-history":[{"count":0,"href":"https:\/\/www.europesays.com\/fr\/wp-json\/wp\/v2\/posts\/371063\/revisions"}],"wp:featuredmedia":[{"embeddable":true,"href":"https:\/\/www.europesays.com\/fr\/wp-json\/wp\/v2\/media\/371064"}],"wp:attachment":[{"href":"https:\/\/www.europesays.com\/fr\/wp-json\/wp\/v2\/media?parent=371063"}],"wp:term":[{"taxonomy":"category","embeddable":true,"href":"https:\/\/www.europesays.com\/fr\/wp-json\/wp\/v2\/categories?post=371063"},{"taxonomy":"post_tag","embeddable":true,"href":"https:\/\/www.europesays.com\/fr\/wp-json\/wp\/v2\/tags?post=371063"}],"curies":[{"name":"wp","href":"https:\/\/api.w.org\/{rel}","templated":true}]}}