{"id":371079,"date":"2025-09-06T17:11:15","date_gmt":"2025-09-06T17:11:15","guid":{"rendered":"https:\/\/www.europesays.com\/fr\/371079\/"},"modified":"2025-09-06T17:11:15","modified_gmt":"2025-09-06T17:11:15","slug":"ludr-demande-la-creation-dune-commission-denquete-sur-la-neutralite-de-laudiovisuel-public","status":"publish","type":"post","link":"https:\/\/www.europesays.com\/fr\/371079\/","title":{"rendered":"l&rsquo;UDR demande la cr\u00e9ation d&rsquo;une commission d&rsquo;enqu\u00eate sur la neutralit\u00e9 de l&rsquo;audiovisuel public"},"content":{"rendered":"<p class=\"intro \">Apr\u00e8s la pol\u00e9mique autour des journalistes Thomas Legrand et Patrick Cohen, chroniqueur et \u00e9ditorialiste \u00e0 France Inter, le groupe UDR a demand\u00e9 la cr\u00e9ation d\u2019une commission d\u2019enqu\u00eate parlementaire sur la neutralit\u00e9 de l\u2019audiovisuel public.<\/p>\n<p>En pleine <a href=\"https:\/\/www.europe1.fr\/politique\/scandale-a-france-inter-apres-la-suspension-de-thomas-legrand-quid-de-celle-de-patrick-cohen-le-service-public-fait-le-dos-rond-affirme-le-directeur-de-lincorrect-771631\" rel=\"nofollow noopener\" target=\"_blank\">pol\u00e9mique <\/a>autour de Radio France et France T\u00e9l\u00e9visions, apr\u00e8s les r\u00e9v\u00e9lations d&rsquo;une collusion entre des journalistes et le Parti socialiste, le groupe UDR, pr\u00e9sid\u00e9 par <a href=\"https:\/\/www.europe1.fr\/dossiers\/eric-ciotti2\" rel=\"nofollow noopener\" target=\"_blank\">\u00c9ric Ciotti<\/a>, demande la cr\u00e9ation d\u2019une commission d\u2019enqu\u00eate parlementaire sur la neutralit\u00e9 de l\u2019audiovisuel public, informe un communiqu\u00e9\u00a0transmis \u00e0 Europe 1 ce samedi 6 septembre.\u00a0<\/p>\n<p>    La suite apr\u00e8s cette publicit\u00e9<\/p>\n<p>    La suite apr\u00e8s cette publicit\u00e9<\/p>\n<p>\u00a0<\/p>\n<p>\u00ab\u00a0Scandale\u00a0\u00bb \u00e0 France Inter<\/p>\n<p>\u00c0 l\u2019origine de cette initiative : une vid\u00e9o diffus\u00e9e par le m\u00e9dia\u00a0L\u2019Incorrect, visionn\u00e9e plus d\u2019un million de fois sur les r\u00e9seaux sociaux. On y voit les journalistes Patrick Cohen et Thomas Legrand, aux c\u00f4t\u00e9s de responsables socialistes, discuter de strat\u00e9gies visant \u00e0 contrer la candidature de <a href=\"https:\/\/www.europe1.fr\/dossiers\/rachida-dati\" rel=\"nofollow noopener\" target=\"_blank\">Rachida Dati<\/a> \u00e0 la mairie de Paris. Ces images, d\u00e9nonc\u00e9es par la ministre de la Culture, ont relanc\u00e9 les critiques sur l\u2019ind\u00e9pendance du service public.<\/p>\n<p>    La suite apr\u00e8s cette publicit\u00e9<\/p>\n<p>    La suite apr\u00e8s cette publicit\u00e9<\/p>\n<p>Face \u00e0 ce qu\u2019il qualifie de \u00ab\u00a0scandale\u00a0\u00bb, l\u2019UDR a d\u00e9cid\u00e9 d\u2019utiliser son droit de tirage pour obtenir la mise en place d\u2019une commission d\u2019enqu\u00eate. Dans un communiqu\u00e9, le groupe souligne : \u00ab\u00a0Ce r\u00e9cent \u00e9pisode illustre la n\u00e9cessit\u00e9 d\u2019\u00e9valuer si les principes de neutralit\u00e9, pilier du service public, sont respect\u00e9s. Nous rappelons que l\u2019audiovisuel public, financ\u00e9 par les imp\u00f4ts des Fran\u00e7ais, doit garantir une information \u00e9quilibr\u00e9e, pluraliste et ind\u00e9pendante de toute influence partisane\u00a0\u00bb.<\/p>\n<p>Toujours selon les informations d\u2019Europe 1, l\u2019UDR entend auditionner \u00ab\u00a0l\u2019ensemble des acteurs de l\u2019audiovisuel public\u00a0\u00bb : la direction, mais aussi plusieurs figures embl\u00e9matiques comme Delphine Ernotte, L\u00e9a Salam\u00e9 ou Patrick Cohen. L&rsquo;objectif affich\u00e9 de cette commission d\u2019enqu\u00eate sera \u00ab\u00a0d\u2019\u00e9valuer d\u2019\u00e9ventuelles d\u00e9rives \u00e9ditoriales et de formuler des recommandations afin de renforcer la neutralit\u00e9 du service public\u00a0\u00bb.<\/p>\n","protected":false},"excerpt":{"rendered":"Apr\u00e8s la pol\u00e9mique autour des journalistes Thomas Legrand et Patrick Cohen, chroniqueur et \u00e9ditorialiste \u00e0 France Inter, le&hellip;\n","protected":false},"author":2,"featured_media":371080,"comment_status":"","ping_status":"","sticky":false,"template":"","format":"standard","meta":{"footnotes":""},"categories":[1586],"tags":[11,1777,674,1011,27,12,25],"class_list":{"0":"post-371079","1":"post","2":"type-post","3":"status-publish","4":"format-standard","5":"has-post-thumbnail","7":"category-europe","8":"tag-actualites","9":"tag-eu","10":"tag-europe","11":"tag-fr","12":"tag-france","13":"tag-news","14":"tag-republique-francaise"},"share_on_mastodon":{"url":"https:\/\/pubeurope.com\/@fr\/115158468816406108","error":""},"_links":{"self":[{"href":"https:\/\/www.europesays.com\/fr\/wp-json\/wp\/v2\/posts\/371079","targetHints":{"allow":["GET"]}}],"collection":[{"href":"https:\/\/www.europesays.com\/fr\/wp-json\/wp\/v2\/posts"}],"about":[{"href":"https:\/\/www.europesays.com\/fr\/wp-json\/wp\/v2\/types\/post"}],"author":[{"embeddable":true,"href":"https:\/\/www.europesays.com\/fr\/wp-json\/wp\/v2\/users\/2"}],"replies":[{"embeddable":true,"href":"https:\/\/www.europesays.com\/fr\/wp-json\/wp\/v2\/comments?post=371079"}],"version-history":[{"count":0,"href":"https:\/\/www.europesays.com\/fr\/wp-json\/wp\/v2\/posts\/371079\/revisions"}],"wp:featuredmedia":[{"embeddable":true,"href":"https:\/\/www.europesays.com\/fr\/wp-json\/wp\/v2\/media\/371080"}],"wp:attachment":[{"href":"https:\/\/www.europesays.com\/fr\/wp-json\/wp\/v2\/media?parent=371079"}],"wp:term":[{"taxonomy":"category","embeddable":true,"href":"https:\/\/www.europesays.com\/fr\/wp-json\/wp\/v2\/categories?post=371079"},{"taxonomy":"post_tag","embeddable":true,"href":"https:\/\/www.europesays.com\/fr\/wp-json\/wp\/v2\/tags?post=371079"}],"curies":[{"name":"wp","href":"https:\/\/api.w.org\/{rel}","templated":true}]}}